{"id":28281,"date":"2018-03-13T18:00:25","date_gmt":"2018-03-13T15:00:25","guid":{"rendered":"http:\/\/www.bghaber.org\/bghaber\/?p=28281"},"modified":"2019-07-05T00:22:13","modified_gmt":"2019-07-04T21:22:13","slug":"bulgaristanin-esas-ticaret-ortaklari-almanya-italya-ve-romanya","status":"publish","type":"post","link":"https:\/\/www.bghaber.org\/bghaber\/bulgaristanin-esas-ticaret-ortaklari-almanya-italya-ve-romanya\/","title":{"rendered":"Bulgaristan\u2019\u0131n esas ticaret ortaklar\u0131 Almanya, \u0130talya ve Romanya"},"content":{"rendered":"<p>Ulusal \u0130statistik Kurumu NS\u0130 verilerine g\u00f6re 2017 y\u0131l\u0131nda Bulgaristan\u2019\u0131n Avrupa Birli\u011fi\u2019ne y\u00f6nelik ihracat\u0131, 2016 y\u0131l\u0131na g\u00f6re y\u00fczde 10,8 oran\u0131nda artarak 17 milyon 650 bin avroyu buldu.<\/p>\n<p>Bulgaristan\u2019dan en b\u00fcy\u00fck miktarda mal ithal eden \u00fclkeler olan Almanya, \u0130talya, Romanya, Yunanistan, Bel\u00e7ika ve Fransa, Avrupa Birli\u011fi\u2019ye y\u00f6nelik ihracat\u0131n y\u00fczde 68\u2019ini te\u015fkil ediyor. Ayn\u0131 zamanda Bulgaristan AB \u00fclkelerinden ithalat\u0131, y\u00fczde 11 artarak 19 milyon 325 bin avroya \u00e7\u0131kt\u0131.<\/p>\n<p>Almanya, \u0130talya, Romanya, \u0130spanya ve Yunanistan\u2019dan ithal edilen mallar\u0131n de\u011feri en b\u00fcy\u00fckt\u00fcr.<\/p>\n<p>&nbsp;<\/p>\n<p>BNR<\/p><div id=\"bghab-913002674\" class=\"bghab-icerik-icine bghab-entity-placement\"><script async src=\"\/\/pagead2.googlesyndication.com\/pagead\/js\/adsbygoogle.js?client=ca-pub-6203283170189293\" crossorigin=\"anonymous\"><\/script><ins class=\"adsbygoogle\" style=\"display:block; text-align:center;\" data-ad-client=\"ca-pub-6203283170189293\" \ndata-ad-slot=\"7303146466\" \ndata-ad-layout=\"in-article\"\ndata-ad-format=\"fluid\" data-full-width-responsive=\"true\"><\/ins>\n<script> \n(adsbygoogle = window.adsbygoogle || []).push({}); \n<\/script>\n<\/div>\n<div id=\"bghab-605804046\" class=\"bghab-yazi-altinda bghab-entity-placement\"><div class=\"bghab-adlabel\">Reklamlar<\/div><script async src=\"https:\/\/pagead2.googlesyndication.com\/pagead\/js\/adsbygoogle.js\"><\/script>\r\n<!-- bghaber-yaz\u0131-sonu -->\r\n<ins class=\"adsbygoogle\"\r\n     style=\"display:block\"\r\n     data-ad-client=\"ca-pub-6203283170189293\"\r\n     data-ad-slot=\"4222328180\"\r\n     data-ad-format=\"auto\"\r\n     data-full-width-responsive=\"true\"><\/ins>\r\n<script>\r\n     (adsbygoogle = window.adsbygoogle || []).push({});\r\n<\/script><\/div><br style=\"clear: both; display: block; float: none;\"\/>","protected":false},"excerpt":{"rendered":"<p>Ulusal \u0130statistik Kurumu NS\u0130 verilerine g\u00f6re 2017 y\u0131l\u0131nda Bulgaristan\u2019\u0131n Avrupa Birli\u011fi\u2019ne y\u00f6nelik ihracat\u0131, 2016 y\u0131l\u0131na g\u00f6re y\u00fczde 10,8 oran\u0131nda artarak 17 milyon 650 bin avroyu<\/p>\n","protected":false},"author":29,"featured_media":25234,"comment_status":"closed","ping_status":"closed","sticky":false,"template":"","format":"standard","meta":{"advanced_seo_description":"","jetpack_seo_html_title":"","jetpack_seo_noindex":false,"_jetpack_memberships_contains_paid_content":false,"footnotes":""},"categories":[9],"tags":[],"class_list":["post-28281","post","type-post","status-publish","format-standard","has-post-thumbnail","hentry","category-ekonomi"],"jetpack_featured_media_url":"https:\/\/i0.wp.com\/www.bghaber.org\/bghaber\/wp-content\/uploads\/2017\/12\/grafik-ekonomi.jpg?fit=850%2C478&ssl=1","jetpack_sharing_enabled":true,"jetpack_likes_enabled":true,"jetpack-related-posts":[],"jetpack_shortlink":"https:\/\/wp.me\/pc2PfJ-7m9","_links":{"self":[{"href":"https:\/\/www.bghaber.org\/bghaber\/wp-json\/wp\/v2\/posts\/28281","targetHints":{"allow":["GET"]}}],"collection":[{"href":"https:\/\/www.bghaber.org\/bghaber\/wp-json\/wp\/v2\/posts"}],"about":[{"href":"https:\/\/www.bghaber.org\/bghaber\/wp-json\/wp\/v2\/types\/post"}],"author":[{"embeddable":true,"href":"https:\/\/www.bghaber.org\/bghaber\/wp-json\/wp\/v2\/users\/29"}],"replies":[{"embeddable":true,"href":"https:\/\/www.bghaber.org\/bghaber\/wp-json\/wp\/v2\/comments?post=28281"}],"version-history":[{"count":0,"href":"https:\/\/www.bghaber.org\/bghaber\/wp-json\/wp\/v2\/posts\/28281\/revisions"}],"wp:featuredmedia":[{"embeddable":true,"href":"https:\/\/www.bghaber.org\/bghaber\/wp-json\/wp\/v2\/media\/25234"}],"wp:attachment":[{"href":"https:\/\/www.bghaber.org\/bghaber\/wp-json\/wp\/v2\/media?parent=28281"}],"wp:term":[{"taxonomy":"category","embeddable":true,"href":"https:\/\/www.bghaber.org\/bghaber\/wp-json\/wp\/v2\/categories?post=28281"},{"taxonomy":"post_tag","embeddable":true,"href":"https:\/\/www.bghaber.org\/bghaber\/wp-json\/wp\/v2\/tags?post=28281"}],"curies":[{"name":"wp","href":"https:\/\/api.w.org\/{rel}","templated":true}]}}