{"id":28278,"date":"2018-03-13T17:00:40","date_gmt":"2018-03-13T14:00:40","guid":{"rendered":"http:\/\/www.bghaber.org\/bghaber\/?p=28278"},"modified":"2019-07-05T00:22:13","modified_gmt":"2019-07-04T21:22:13","slug":"bulgaristan-ve-romanyanin-schengen-uyeligine-yunanistandan-destek","status":"publish","type":"post","link":"https:\/\/www.bghaber.org\/bghaber\/bulgaristan-ve-romanyanin-schengen-uyeligine-yunanistandan-destek\/","title":{"rendered":"Bulgaristan ve Romanya\u2019n\u0131n Schengen \u00fcyeli\u011fine Yunanistan\u2019dan destek"},"content":{"rendered":"<p>B\u00fckre\u015f\u2019te yap\u0131lan \u00fc\u00e7l\u00fc toplant\u0131da Bulgaristan, Romanya ve Yunanistan d\u0131\u015fi\u015fleri bakanlar\u0131 \u2013 Ekaterina Zaharieva, Teodor Mele\u015fcanu ve Nikos Kodzias, ortak beyanname ile \u201cBalkan\u201d adl\u0131 gaz da\u011f\u0131t\u0131m merkezinin kurulmas\u0131n\u0131 ve Bat\u0131 Balkanlar\u2019\u0131n Avrupa entegrasyonunu destekledi.<\/p>\n<p>BNR\u2019ye konu\u015fan Bakan Zaharieva, Bulgaristan\u2019\u0131n uzun vadeli d\u0131\u015f politika \u00f6nceli\u011fi olan Bat\u0131 Balkan \u00fclkelerinin istikrar\u0131, refah\u0131 ve g\u00fcvenli\u011fi hedefinin Romanya\u2019n\u0131n ba\u015fkanl\u0131k d\u00f6neminde de odakta olaca\u011f\u0131na dair teminat verdi.<\/p>\n<p>Avrupa Birli\u011fi\u2019nin bir sonraki \u00fc\u00e7l\u00fcs\u00fcnde yer alacak olan H\u0131rvatistan\u2019dan da ayn\u0131 y\u00f6nde sinyaller geliyor, dedi Bakan Zaharieva. B\u00fckre\u015f\u2019te yap\u0131lan \u00fc\u00e7l\u00fc toplant\u0131da Yunanistan, Bulgaristan ve Romanya\u2019n\u0131n Schengen \u00fcyeli\u011fine destek verdi.<\/p>\n<p>&nbsp;<\/p>\n<p>BNR<\/p><div id=\"bghab-883827671\" class=\"bghab-icerik-icine bghab-entity-placement\"><script async src=\"\/\/pagead2.googlesyndication.com\/pagead\/js\/adsbygoogle.js?client=ca-pub-6203283170189293\" crossorigin=\"anonymous\"><\/script><ins class=\"adsbygoogle\" style=\"display:block; text-align:center;\" data-ad-client=\"ca-pub-6203283170189293\" \ndata-ad-slot=\"7303146466\" \ndata-ad-layout=\"in-article\"\ndata-ad-format=\"fluid\" data-full-width-responsive=\"true\"><\/ins>\n<script> \n(adsbygoogle = window.adsbygoogle || []).push({}); \n<\/script>\n<\/div>\n<div id=\"bghab-4185344203\" class=\"bghab-yazi-altinda bghab-entity-placement\"><div class=\"bghab-adlabel\">Reklamlar<\/div><script async src=\"https:\/\/pagead2.googlesyndication.com\/pagead\/js\/adsbygoogle.js\"><\/script>\r\n<!-- bghaber-yaz\u0131-sonu -->\r\n<ins class=\"adsbygoogle\"\r\n     style=\"display:block\"\r\n     data-ad-client=\"ca-pub-6203283170189293\"\r\n     data-ad-slot=\"4222328180\"\r\n     data-ad-format=\"auto\"\r\n     data-full-width-responsive=\"true\"><\/ins>\r\n<script>\r\n     (adsbygoogle = window.adsbygoogle || []).push({});\r\n<\/script><\/div><br style=\"clear: both; display: block; float: none;\"\/>","protected":false},"excerpt":{"rendered":"<p>B\u00fckre\u015f\u2019te yap\u0131lan \u00fc\u00e7l\u00fc toplant\u0131da Bulgaristan, Romanya ve Yunanistan d\u0131\u015fi\u015fleri bakanlar\u0131 \u2013 Ekaterina Zaharieva, Teodor Mele\u015fcanu ve Nikos Kodzias, ortak beyanname ile \u201cBalkan\u201d adl\u0131 gaz da\u011f\u0131t\u0131m<\/p>\n","protected":false},"author":29,"featured_media":28279,"comment_status":"closed","ping_status":"closed","sticky":false,"template":"","format":"standard","meta":{"advanced_seo_description":"","jetpack_seo_html_title":"","jetpack_seo_noindex":false,"_jetpack_memberships_contains_paid_content":false,"footnotes":""},"categories":[1,4],"tags":[],"class_list":["post-28278","post","type-post","status-publish","format-standard","has-post-thumbnail","hentry","category-haberler","category-siyaset"],"jetpack_featured_media_url":"https:\/\/i0.wp.com\/www.bghaber.org\/bghaber\/wp-content\/uploads\/2018\/03\/Ekaterina-Zaharieva-Teodor-Mele%C5%9Fcanu-ve-Nikos-Kodzias.jpg?fit=610%2C343&ssl=1","jetpack_sharing_enabled":true,"jetpack_likes_enabled":true,"jetpack-related-posts":[],"jetpack_shortlink":"https:\/\/wp.me\/pc2PfJ-7m6","_links":{"self":[{"href":"https:\/\/www.bghaber.org\/bghaber\/wp-json\/wp\/v2\/posts\/28278","targetHints":{"allow":["GET"]}}],"collection":[{"href":"https:\/\/www.bghaber.org\/bghaber\/wp-json\/wp\/v2\/posts"}],"about":[{"href":"https:\/\/www.bghaber.org\/bghaber\/wp-json\/wp\/v2\/types\/post"}],"author":[{"embeddable":true,"href":"https:\/\/www.bghaber.org\/bghaber\/wp-json\/wp\/v2\/users\/29"}],"replies":[{"embeddable":true,"href":"https:\/\/www.bghaber.org\/bghaber\/wp-json\/wp\/v2\/comments?post=28278"}],"version-history":[{"count":0,"href":"https:\/\/www.bghaber.org\/bghaber\/wp-json\/wp\/v2\/posts\/28278\/revisions"}],"wp:featuredmedia":[{"embeddable":true,"href":"https:\/\/www.bghaber.org\/bghaber\/wp-json\/wp\/v2\/media\/28279"}],"wp:attachment":[{"href":"https:\/\/www.bghaber.org\/bghaber\/wp-json\/wp\/v2\/media?parent=28278"}],"wp:term":[{"taxonomy":"category","embeddable":true,"href":"https:\/\/www.bghaber.org\/bghaber\/wp-json\/wp\/v2\/categories?post=28278"},{"taxonomy":"post_tag","embeddable":true,"href":"https:\/\/www.bghaber.org\/bghaber\/wp-json\/wp\/v2\/tags?post=28278"}],"curies":[{"name":"wp","href":"https:\/\/api.w.org\/{rel}","templated":true}]}}