{"id":28273,"date":"2018-03-13T15:10:00","date_gmt":"2018-03-13T12:10:00","guid":{"rendered":"http:\/\/www.bghaber.org\/bghaber\/?p=28273"},"modified":"2019-07-06T20:56:41","modified_gmt":"2019-07-06T17:56:41","slug":"bulgaristan-savunma-bakani-bukreste","status":"publish","type":"post","link":"https:\/\/www.bghaber.org\/bghaber\/bulgaristan-savunma-bakani-bukreste\/","title":{"rendered":"Bulgaristan Savunma Bakan\u0131 B\u00fckre\u015f&#8217;te"},"content":{"rendered":"<p>Savunma Bakan\u0131 Krasimir Karaka\u00e7anov, Bulgaristan, \u00c7ekya, Estonya, Litvanya, Letonya, Polonya, Romanya, Slovakya ve Macaristan olmak \u00fczere dokuz \u00fclkenin savunma bakanlar\u0131 toplant\u0131s\u0131na kat\u0131lmak \u00fczere B\u00fckre\u015f&#8217;te.<\/p>\n<p>Kat\u0131l\u0131mc\u0131lar, NATO g\u00fcndeminden konularla ilgili tutumlar\u0131n\u0131 koordine edecek. Bundan \u00f6nce bu formatta devlet ve h\u00fck\u00fcmet y\u00f6neticileri d\u00fczeyinde Temmuz 2014&#8217;te Var\u015fova&#8217;da ve Kas\u0131m 2015&#8217;te B\u00fckre\u015f&#8217;te, d\u0131\u015fi\u015fleri bakanlar\u0131 d\u00fczeyinde ise Kas\u0131m 2016&#8217;da B\u00fckre\u015f&#8217;te ve Ekim 2017&#8217;de Var\u015fova&#8217;da yap\u0131ld\u0131.<\/p>\n<p>&nbsp;<\/p>\n<p>BNR<\/p>\n<div id=\"bghab-3867296154\" class=\"bghab-yazi-altinda bghab-entity-placement\"><div class=\"bghab-adlabel\">Reklamlar<\/div><script async src=\"https:\/\/pagead2.googlesyndication.com\/pagead\/js\/adsbygoogle.js\"><\/script>\r\n<!-- bghaber-yaz\u0131-sonu -->\r\n<ins class=\"adsbygoogle\"\r\n     style=\"display:block\"\r\n     data-ad-client=\"ca-pub-6203283170189293\"\r\n     data-ad-slot=\"4222328180\"\r\n     data-ad-format=\"auto\"\r\n     data-full-width-responsive=\"true\"><\/ins>\r\n<script>\r\n     (adsbygoogle = window.adsbygoogle || []).push({});\r\n<\/script><\/div><br style=\"clear: both; display: block; float: none;\"\/>","protected":false},"excerpt":{"rendered":"<p>Savunma Bakan\u0131 Krasimir Karaka\u00e7anov, Bulgaristan, \u00c7ekya, Estonya, Litvanya, Letonya, Polonya, Romanya, Slovakya ve Macaristan olmak \u00fczere dokuz \u00fclkenin savunma bakanlar\u0131 toplant\u0131s\u0131na kat\u0131lmak \u00fczere B\u00fckre\u015f&#8217;te. Kat\u0131l\u0131mc\u0131lar,<\/p>\n","protected":false},"author":29,"featured_media":26518,"comment_status":"closed","ping_status":"closed","sticky":false,"template":"","format":"standard","meta":{"advanced_seo_description":"","jetpack_seo_html_title":"","jetpack_seo_noindex":false,"_jetpack_memberships_contains_paid_content":false,"footnotes":""},"categories":[1,4],"tags":[],"class_list":["post-28273","post","type-post","status-publish","format-standard","has-post-thumbnail","hentry","category-haberler","category-siyaset"],"jetpack_featured_media_url":"https:\/\/i0.wp.com\/www.bghaber.org\/bghaber\/wp-content\/uploads\/2018\/01\/Bulgaristan-basbakan-Yard-ve-Savunma-Bakani-krasimir-Karakacanov.jpg?fit=850%2C478&ssl=1","jetpack_sharing_enabled":true,"jetpack_likes_enabled":true,"jetpack-related-posts":[],"jetpack_shortlink":"https:\/\/wp.me\/pc2PfJ-7m1","_links":{"self":[{"href":"https:\/\/www.bghaber.org\/bghaber\/wp-json\/wp\/v2\/posts\/28273","targetHints":{"allow":["GET"]}}],"collection":[{"href":"https:\/\/www.bghaber.org\/bghaber\/wp-json\/wp\/v2\/posts"}],"about":[{"href":"https:\/\/www.bghaber.org\/bghaber\/wp-json\/wp\/v2\/types\/post"}],"author":[{"embeddable":true,"href":"https:\/\/www.bghaber.org\/bghaber\/wp-json\/wp\/v2\/users\/29"}],"replies":[{"embeddable":true,"href":"https:\/\/www.bghaber.org\/bghaber\/wp-json\/wp\/v2\/comments?post=28273"}],"version-history":[{"count":0,"href":"https:\/\/www.bghaber.org\/bghaber\/wp-json\/wp\/v2\/posts\/28273\/revisions"}],"wp:featuredmedia":[{"embeddable":true,"href":"https:\/\/www.bghaber.org\/bghaber\/wp-json\/wp\/v2\/media\/26518"}],"wp:attachment":[{"href":"https:\/\/www.bghaber.org\/bghaber\/wp-json\/wp\/v2\/media?parent=28273"}],"wp:term":[{"taxonomy":"category","embeddable":true,"href":"https:\/\/www.bghaber.org\/bghaber\/wp-json\/wp\/v2\/categories?post=28273"},{"taxonomy":"post_tag","embeddable":true,"href":"https:\/\/www.bghaber.org\/bghaber\/wp-json\/wp\/v2\/tags?post=28273"}],"curies":[{"name":"wp","href":"https:\/\/api.w.org\/{rel}","templated":true}]}}