{"id":28262,"date":"2018-03-13T12:00:21","date_gmt":"2018-03-13T09:00:21","guid":{"rendered":"http:\/\/www.bghaber.org\/bghaber\/?p=28262"},"modified":"2019-07-06T20:56:41","modified_gmt":"2019-07-06T17:56:41","slug":"patrik-kiril-ile-gorusmede-cumhurbaskani-radev-kesin-bir-tutum-sergiledi","status":"publish","type":"post","link":"https:\/\/www.bghaber.org\/bghaber\/patrik-kiril-ile-gorusmede-cumhurbaskani-radev-kesin-bir-tutum-sergiledi\/","title":{"rendered":"Patrik Kiril ile g\u00f6r\u00fc\u015fmede Cumhurba\u015fkan\u0131 Radev kesin bir tutum sergiledi"},"content":{"rendered":"<p>Bulgar Ortodoks Kilisesi\u00a0 Sen Sinodu Cumhurba\u015fkan\u0131 Radev\u2019in 4 Mart g\u00fcn\u00fc Patrik Kiril ile g\u00f6r\u00fc\u015fmesiyle ilgili bir a\u00e7\u0131klama yapt\u0131.<\/p>\n<p>Bu g\u00f6r\u00fc\u015fmede Patrik Neofit\u00a0 de haz\u0131r bulundu. Sinod\u2019tan\u00a0 Cumhurba\u015fkan\u0131 Radev\u2019in kesin g\u00f6r\u00fc\u015f\u00fcn\u00fc savundu\u011funu ileri s\u00fcr\u00fcyorlar. Patrik Kiril\u00a0 g\u00f6r\u00fc\u015fmede Rusya\u2019n\u0131n\u00a0 Rus-T\u00fcrk\u00a0 Kurtulu\u015f\u00a0 sava\u015f\u0131ndaki rol\u00fcn\u00fcn\u00a0 k\u00fc\u00e7\u00fcmsendi\u011finden ve\u00a0 ba\u015fka\u00a0 devletlerin de an\u0131ld\u0131\u011f\u0131ndan dolay\u0131 hayal k\u0131r\u0131kl\u0131\u011f\u0131n\u0131 ifade etti. Cumhurba\u015fkan\u0131 Patrik Kiril\u2019e Bulgar halk\u0131n\u0131n her zaman Rus halk\u0131na, Rus Kilisesine \u0130mparator\u00a0 2. Aleksand\u0131r\u2019\u0131n\u00a0 ordusuna minnettarl\u0131\u011f\u0131n\u0131 her zaman ifade etti\u011fine dair\u00a0 g\u00fcvence verdi.<\/p>\n<p>Ayn\u0131 zamanda Cumhurba\u015fkan\u0131 Radev, \u2018Kilisenin\u00a0 her bir insan\u0131n ruhu i\u00e7in m\u00fccadele etmesi gibi , biz de \u0130mparator 2. Aleksand\u0131r&#8217;\u0131n Rus ordusunda sava\u015fan\u00a0 ve Bulgaristan\u2019\u0131n \u00f6zg\u00fcrl\u00fc\u011f\u00fc i\u00e7in hayat\u0131n\u0131 veren, milliyetine bakmaks\u0131z\u0131n her bir askeri anmaktay\u0131z\u2019, dedi\u011fi\u00a0 vurgulan\u0131yor.<\/p>\n<p>&nbsp;<\/p>\n<p>BNR<\/p><div id=\"bghab-1682276030\" class=\"bghab-icerik-icine bghab-entity-placement\"><script async src=\"\/\/pagead2.googlesyndication.com\/pagead\/js\/adsbygoogle.js?client=ca-pub-6203283170189293\" crossorigin=\"anonymous\"><\/script><ins class=\"adsbygoogle\" style=\"display:block; text-align:center;\" data-ad-client=\"ca-pub-6203283170189293\" \ndata-ad-slot=\"7303146466\" \ndata-ad-layout=\"in-article\"\ndata-ad-format=\"fluid\" data-full-width-responsive=\"true\"><\/ins>\n<script> \n(adsbygoogle = window.adsbygoogle || []).push({}); \n<\/script>\n<\/div>\n<div id=\"bghab-1620412309\" class=\"bghab-yazi-altinda bghab-entity-placement\"><div class=\"bghab-adlabel\">Reklamlar<\/div><script async src=\"https:\/\/pagead2.googlesyndication.com\/pagead\/js\/adsbygoogle.js\"><\/script>\r\n<!-- bghaber-yaz\u0131-sonu -->\r\n<ins class=\"adsbygoogle\"\r\n     style=\"display:block\"\r\n     data-ad-client=\"ca-pub-6203283170189293\"\r\n     data-ad-slot=\"4222328180\"\r\n     data-ad-format=\"auto\"\r\n     data-full-width-responsive=\"true\"><\/ins>\r\n<script>\r\n     (adsbygoogle = window.adsbygoogle || []).push({});\r\n<\/script><\/div><br style=\"clear: both; display: block; float: none;\"\/>","protected":false},"excerpt":{"rendered":"<p>Bulgar Ortodoks Kilisesi\u00a0 Sen Sinodu Cumhurba\u015fkan\u0131 Radev\u2019in 4 Mart g\u00fcn\u00fc Patrik Kiril ile g\u00f6r\u00fc\u015fmesiyle ilgili bir a\u00e7\u0131klama yapt\u0131. Bu g\u00f6r\u00fc\u015fmede Patrik Neofit\u00a0 de haz\u0131r bulundu.<\/p>\n","protected":false},"author":29,"featured_media":28263,"comment_status":"closed","ping_status":"closed","sticky":false,"template":"","format":"standard","meta":{"advanced_seo_description":"","jetpack_seo_html_title":"","jetpack_seo_noindex":false,"_jetpack_memberships_contains_paid_content":false,"footnotes":""},"categories":[1,4],"tags":[],"class_list":["post-28262","post","type-post","status-publish","format-standard","has-post-thumbnail","hentry","category-haberler","category-siyaset"],"jetpack_featured_media_url":"https:\/\/i0.wp.com\/www.bghaber.org\/bghaber\/wp-content\/uploads\/2018\/03\/Patrik-Kiril-ile-Rumen-Radev.jpg?fit=750%2C422&ssl=1","jetpack_sharing_enabled":true,"jetpack_likes_enabled":true,"jetpack-related-posts":[],"jetpack_shortlink":"https:\/\/wp.me\/pc2PfJ-7lQ","_links":{"self":[{"href":"https:\/\/www.bghaber.org\/bghaber\/wp-json\/wp\/v2\/posts\/28262","targetHints":{"allow":["GET"]}}],"collection":[{"href":"https:\/\/www.bghaber.org\/bghaber\/wp-json\/wp\/v2\/posts"}],"about":[{"href":"https:\/\/www.bghaber.org\/bghaber\/wp-json\/wp\/v2\/types\/post"}],"author":[{"embeddable":true,"href":"https:\/\/www.bghaber.org\/bghaber\/wp-json\/wp\/v2\/users\/29"}],"replies":[{"embeddable":true,"href":"https:\/\/www.bghaber.org\/bghaber\/wp-json\/wp\/v2\/comments?post=28262"}],"version-history":[{"count":0,"href":"https:\/\/www.bghaber.org\/bghaber\/wp-json\/wp\/v2\/posts\/28262\/revisions"}],"wp:featuredmedia":[{"embeddable":true,"href":"https:\/\/www.bghaber.org\/bghaber\/wp-json\/wp\/v2\/media\/28263"}],"wp:attachment":[{"href":"https:\/\/www.bghaber.org\/bghaber\/wp-json\/wp\/v2\/media?parent=28262"}],"wp:term":[{"taxonomy":"category","embeddable":true,"href":"https:\/\/www.bghaber.org\/bghaber\/wp-json\/wp\/v2\/categories?post=28262"},{"taxonomy":"post_tag","embeddable":true,"href":"https:\/\/www.bghaber.org\/bghaber\/wp-json\/wp\/v2\/tags?post=28262"}],"curies":[{"name":"wp","href":"https:\/\/api.w.org\/{rel}","templated":true}]}}