{"id":2824,"date":"2013-06-14T01:31:12","date_gmt":"2013-06-13T22:31:12","guid":{"rendered":"http:\/\/bghaber.org\/bghaber\/?p=2824"},"modified":"2019-07-18T23:55:14","modified_gmt":"2019-07-18T21:55:14","slug":"kircaali-haberin-7-kurulus-yildonumu","status":"publish","type":"post","link":"https:\/\/www.bghaber.org\/bghaber\/kircaali-haberin-7-kurulus-yildonumu\/","title":{"rendered":"K\u0131rcaali Haber\u2019in 7. kurulu\u015f y\u0131ld\u00f6n\u00fcm\u00fc"},"content":{"rendered":"<p>Paradise restoran\u0131nda K\u0131rcaali Haber Gazetesi&#8217;nin 7. Kurulu\u015f Y\u0131ld\u00f6n\u00fcm\u00fc Gecesi d\u00fczenlendi. Geceye kat\u0131lan \u00f6zel konuklar aras\u0131nda T\u00fcrkiye Cumhuriyeti Filibe Ba\u015fkonsolosu \u015eener Cebeci, K\u0131rcaali Belediye Ba\u015fkan\u0131 Hasan Azis, Bulgaristan M\u00fcsl\u00fcmanlar\u0131 Y\u00fcksek \u0130slam \u015eura Ba\u015fkan\u0131 \u015eabanali Ahmet, Cebel Belediye Ba\u015fkan Yard\u0131mc\u0131s\u0131 H\u00fcseyin Mustafa, K\u0131rcaali Belediye Ba\u015fkan Yard\u0131mc\u0131s\u0131 Elisaveta Kehayov, G\u00fcney Bulgaristan T\u00fcrk\u00e7e \u00d6\u011fretmenler Derne\u011fi Ba\u015fkan\u0131 Harun Bekir haz\u0131r bulundular. Bu anlaml\u0131 gecede gazetenin pek \u00e7ok say\u0131daki dostlar\u0131 ekibi yaln\u0131z b\u0131rakmad\u0131lar. <!--more--><br \/>\n<a href=\"https:\/\/i0.wp.com\/bghaber.org\/bghaber\/wp-content\/uploads\/2013\/06\/kircaali-haber-7-yasinda.jpg\"><img data-recalc-dims=\"1\" loading=\"lazy\" decoding=\"async\" class=\"alignright size-medium wp-image-2825\" alt=\"kircaali-haber-7-yasinda\" src=\"https:\/\/i0.wp.com\/bghaber.org\/bghaber\/wp-content\/uploads\/2013\/06\/kircaali-haber-7-yasinda-300x188.jpg?resize=300%2C188\" width=\"300\" height=\"188\" srcset=\"https:\/\/i0.wp.com\/www.bghaber.org\/bghaber\/wp-content\/uploads\/2013\/06\/kircaali-haber-7-yasinda.jpg?resize=300%2C188&amp;ssl=1 300w, https:\/\/i0.wp.com\/www.bghaber.org\/bghaber\/wp-content\/uploads\/2013\/06\/kircaali-haber-7-yasinda.jpg?w=600&amp;ssl=1 600w\" sizes=\"auto, (max-width: 300px) 100vw, 300px\" \/><\/a><br \/>\nK\u0131rcaali Haber gazetesinin sahibi M\u00fczekki Ahmet, \u00f6zel konuklar\u0131 ve yeme\u011fe kat\u0131lan herkesi selamlad\u0131 ve gazete hakk\u0131nda bilgi sundu. Gazete1 May\u0131s 2006 y\u0131l\u0131nda internet \u00fczerinden yay\u0131n yapmaya ba\u015fl\u0131yor. 1 y\u0131l sonra da gazete olarak bas\u0131lmaya ba\u015fl\u0131yor. \u0130lk \u00f6nce ayl\u0131k, daha sonra 2010 y\u0131l\u0131n\u0131n ba\u015f\u0131ndan beri haftal\u0131k gazete olarak yay\u0131n hayat\u0131na devam ediyor. Bu 7 y\u0131l i\u00e7erisinde internet sitesinde yay\u0131nlanan gazetenin \u015fu an ar\u015fivinde 7 500 T\u00fcrk\u00e7e ve 2 500 Bulgarca haber bulunuyor. Ayr\u0131ca 350 T\u00fcrk\u00e7e ve 50 Bulgarca k\u00f6\u015fe yaz\u0131s\u0131 yay\u0131nlanm\u0131\u015ft\u0131r.<\/p>\n<p>Haber sitesi T\u00fcrk\u00e7e ve Bulgarca olarak iki dilde yay\u0131nlan\u0131yor. Haber ve k\u00f6\u015fe yaz\u0131lar\u0131yla ilgili olarak 45 bin yorum yaz\u0131lm\u0131\u015ft\u0131r. Gazetenin anket b\u00f6l\u00fcm\u00fcnde 33 anket bulunuyor. Son 1 y\u0131lda ortalama g\u00fcnl\u00fck ziyaret say\u0131s\u0131 2 500-3 000 aras\u0131. Son 1 y\u0131lda toplam 1 milyon ki\u015fi internet sitesini ziyaret etmi\u015ftir. Bu ki\u015filer 3,5 milyon t\u0131klama yapm\u0131\u015ft\u0131r.<\/p>\n<p>M\u00fczekki Ahmet, gazetenin ekibini de tan\u0131tt\u0131. \u015eu anda K\u0131rcaali Haber gazetesinin Genel Yay\u0131n Y\u00f6netmeni Sebahat Ahmet. Kendisinin Filibe \u00dcniversitesi K\u0131rcaali \u015eubesi \u0130\u015fletme B\u00f6l\u00fcm\u00fc\u2019nden mezun oldu\u011funu ve hemen ard\u0131ndan ayn\u0131 alanda y\u00fcksek lisans e\u011fitimi ald\u0131\u011f\u0131n\u0131 belirtti. Gazete sahibi, \u201cK\u0131z\u0131m\u0131n gazetecilik e\u011fitimine sahip olmamas\u0131na ra\u011fmen baba mesle\u011fini ba\u015far\u0131yla s\u00fcrd\u00fcrece\u011finden \u015f\u00fcphem yok\u201d diye vurgulad\u0131. Ayn\u0131 zamanda \u015fair ve yazar olan K\u0131rcaali Haber\u2019in Genel Yay\u0131n Y\u00f6netmen Yard\u0131mc\u0131s\u0131 Durhan Ali\u2019nin gazetenin bas\u0131lmas\u0131ndan \u00f6nce \u00fc\u00e7 kez kontrol etti\u011fini kaydetti. Buna ra\u011fmen bazen yap\u0131lan hatalar i\u00e7in ekip ad\u0131na \u00f6z\u00fcr diledi. K\u0131rcaali muhabiri Resmiye M\u00fcm\u00fcn i\u00e7in gazetenin motoru ifadesini kulland\u0131. D\u00fcn \u00e7\u0131kan gazetenin 186. say\u0131s\u0131n\u0131 g\u00f6sterdi. \u015eu an abone say\u0131s\u0131 oldu\u011fu kadar 2 000 adet bas\u0131ld\u0131\u011f\u0131 anla\u015f\u0131ld\u0131. M\u00fczekki Ahmet, gazeteyi maddi ve manevi a\u00e7\u0131dan destekleyen kurum ve ki\u015filere te\u015fekk\u00fcrlerini sundu. Ba\u015fta T.C. Filibe Ba\u015fkonsolosu \u015eener Cebeci olmak \u00fczere K\u0131rcaali Belediye Ba\u015fkan\u0131 Hasan Azis ve di\u011fer t\u00fcm K\u0131rcaali \u0130li Belediye ba\u015fkanlar\u0131na te\u015fekk\u00fcr etti. Reklam vererek destekte bulunan i\u015f adamlar\u0131 Kadir K\u0131rc\u0131, Bahar Palova, Seyhan Mehmet, Hac\u0131 Abdullah \u015eevki, Mehmet Serbest\u2019e de te\u015fekk\u00fcrde bulundu. Gazeteye g\u00f6n\u00fcll\u00fc olarak Ardino b\u00f6lgesinden her t\u00fcrl\u00fc haberleriyle destekte bulunan G\u00fcner \u015e\u00fckr\u00fc ve \u00c7ernoo\u00e7ene Belediyesi ile ilgili haberleriyle \u0130smet \u0130smail\u2019e de te\u015fekk\u00fcr etmeyi unutmad\u0131.<\/p>\n<p>K\u00f6\u015fe yaz\u0131lar\u0131 i\u00e7in ayn\u0131 zamanda gazetenin hukuk dan\u0131\u015fman\u0131 olan ba\u015fta Avukat Mustafa Bayramali\u2019ye, T\u00fcrk\u00e7e konusunda akademik \u00e7al\u0131\u015fmalar\u0131 i\u00e7in Harun Bekir\u2019e, T\u00fcrk\u00e7e \u00f6\u011fretmenleri \u015eefika \u00c7oban ve Ha\u015fim Semerci\u2019ye, gazetenin Bat\u0131 Trakya temsilcisi \u0130brahim Baltal\u0131\u2019ya ve Anadolu Ajans\u0131\u2019n\u0131n Sofya muhabiri \u0130vo Radoykov\u2019a da cani g\u00f6n\u00fclden te\u015fekk\u00fcr etti\u011fini ifade etti. M\u00fczekki Ahmet, Durhan Ali ile birlikte 2007 y\u0131l\u0131n\u0131n aral\u0131k ay\u0131nda Miladinovo okulunun m\u00fcd\u00fcr\u00fc Bayram H\u00fcseyin\u2019inin Bateto adl\u0131 kafesinde gazetenin ilk say\u0131s\u0131n\u0131 da\u011f\u0131tt\u0131klar\u0131 s\u0131rada ismini vermedi\u011fi \u201cy\u0131llarca T\u00fcrk k\u00fclt\u00fcr\u00fcne hizmet eden bir arkada\u015f\u0131m\u0131z\u201d diye tan\u0131tt\u0131\u011f\u0131 birinin, \u201cNe oldu, gazete mi \u00e7\u0131kard\u0131n\u0131z? Bu gazetenin 7 g\u00fcnl\u00fck \u00f6mr\u00fc olur\u201d dedi\u011fini hep hat\u0131r\u0131nda tuttu\u011funu payla\u015ft\u0131. M\u00fczekki Ahmet, \u201cAma gazetemizin bug\u00fcn 7.ya\u015f\u0131n\u0131 kutluyoruz. \u0130n\u015fallah, 77. y\u0131ld\u00f6n\u00fcm\u00fcn\u00fc biz g\u00f6rmesek de, bizim \u00e7ocuklar\u0131m\u0131z bu gazeteyi ya\u015fat\u0131r. K\u0131rcaali Haber gazetesinin T\u00fcrk k\u00fclt\u00fcr\u00fcne ve Bulgaristan T\u00fcrklerine bir deste\u011fi oldu\u011funa inan\u0131yorum\u201d diye s\u00f6zlerini noktalad\u0131.<\/p>\n<p>Belediye Ba\u015fkan\u0131 Hasan Azis, t\u00fcm ekibin K\u0131rcaali Haber\u2019in 7. y\u0131ld\u00f6n\u00fcm\u00fcn\u00fc kutlayarak, te\u015fekk\u00fcr etti ve daha \u00fcst\u00fcn ba\u015far\u0131lar diledi. Ayn\u0131 zamanda K\u0131rcaali \u0130li\u2019ndeki di\u011fer belediye ba\u015fkanlar\u0131 ve Hak ve \u00d6zg\u00fcrl\u00fckler Hareketi \u0130l Te\u015fkilat\u0131 Ba\u015fkan\u0131 Bahri \u00d6mer\u2019in de selamlar\u0131n\u0131 ileterek, tebriklerini sundu. Ba\u015fkan, \u201cHerkes bir \u015fey ba\u015flatabilir, baz\u0131 i\u015fler 7 g\u00fcn, baz\u0131lar\u0131 ise ancak 7 saat da s\u00fcrebilir. \u00d6nemli olan yak\u0131lan alevi hep g\u00fcndemde tutmak. 7 y\u0131l asl\u0131nda kritik bir d\u00f6nemdir. Bir i\u015f 7 y\u0131l\u0131 a\u015fm\u0131\u015fsa, in\u015fallah 77 y\u0131la da var\u0131r, ondan sonra da devam eder\u201d diye ifade etti. M\u00fczekki Bey\u2019in sundu\u011fu istatistik verilere g\u00f6re haftan\u0131n 7 g\u00fcn\u00fc gazetenin ortalama 5-6 haber yapt\u0131\u011f\u0131n\u0131 kaydeden Say\u0131n Azis, K\u0131rcaali Belediye Ba\u015fkan\u0131 olarak K\u0131rcaali Haber\u2019in var olu\u015fundan mutlu oldu\u011funu payla\u015ft\u0131. K\u0131rcaali Haber ile K\u0131rcaali\u2019nin Bulgaristan\u2019\u0131 ve Balkanlar\u0131 a\u015fm\u0131\u015f oldu\u011funu dile getirdi. Ba\u015fkan, \u201c\u015eu anda K\u0131rcaali\u2019de 2000 abone var ise bu 7 500 haberi \u00f6rne\u011fin K\u0131rcaali\u2019de 500 ki\u015fi okuyorsa, K\u0131rcaali d\u0131\u015f\u0131ndaki K\u0131rcaaliler 500 bindir diye inan\u0131yorum. Yurt d\u0131\u015f\u0131nda olan K\u0131rcaaliler, her g\u00fcn K\u0131rcaali\u2019nin g\u00fcndemini sadece K\u0131rcaali Haber\u2019den takip ediyorlar. T\u00fcrkiye, Balkan \u00fclkeleri, Avrupa ve hatta Amerika\u2019da ya\u015fayan baz\u0131 K\u0131rcaaliler\u2019in \u015fu anda \u015fehrimizle tek ba\u011flant\u0131lar\u0131 K\u0131rcaali Haber oluyor. Sizin \u00e7al\u0131\u015fmalar\u0131n\u0131z sayesinde her g\u00fcn sadece bir t\u0131klamayla K\u0131rcaali\u2019ye yak\u0131n oluyorlar. Bunun de\u011ferini biz bile anlayam\u0131yoruz, \u00e7\u00fcnk\u00fc K\u0131rcaali\u2019deyiz\u201d diye vurgulad\u0131. Ba\u015fkan, Belediye\u2019nin resmi sitesinin T\u00fcrk\u00e7e B\u00f6l\u00fcm\u00fc\u2019n\u00fcn de K\u0131rcaali Haber ile ortakla\u015fa yap\u0131ld\u0131\u011f\u0131n\u0131 a\u00e7\u0131klayarak, sahibine te\u015fekk\u00fcrlerini sundu. K\u0131rcaali Haber\u2019in, Bulgaristan\u2019da Zaman-Bulgaria d\u0131\u015f\u0131nda 7 y\u0131ld\u0131r ilk ve tek T\u00fcrk\u00e7e yay\u0131nlanan gazete olmas\u0131ndan dolay\u0131 ekibi kutlad\u0131. Bu zaman i\u00e7erisinde bu alanda baz\u0131 ad\u0131mlar at\u0131ld\u0131\u011f\u0131n\u0131, yani birka\u00e7 gazete \u00e7\u0131kmaya ba\u015flad\u0131\u011f\u0131n\u0131, fakat k\u0131sa \u00f6m\u00fcrl\u00fc olduklar\u0131n\u0131 kaydetti. Hasan Azis, gazeteye destek veren ki\u015fi ve kurumlara te\u015fekk\u00fcrlerini arz ederek, K\u0131rcaali Belediyesi y\u00f6netimi ad\u0131na gazetenin sahibi M\u00fczekki Ahmet\u2019e bir plaket ve tasdik belgesi sundu.<\/p><div id=\"bghab-4273952883\" class=\"bghab-icerik-icine bghab-entity-placement\"><script async src=\"\/\/pagead2.googlesyndication.com\/pagead\/js\/adsbygoogle.js?client=ca-pub-6203283170189293\" crossorigin=\"anonymous\"><\/script><ins class=\"adsbygoogle\" style=\"display:block; text-align:center;\" data-ad-client=\"ca-pub-6203283170189293\" \ndata-ad-slot=\"7303146466\" \ndata-ad-layout=\"in-article\"\ndata-ad-format=\"fluid\" data-full-width-responsive=\"true\"><\/ins>\n<script> \n(adsbygoogle = window.adsbygoogle || []).push({}); \n<\/script>\n<\/div>\n<p>Say\u0131n \u015eener Cebeci, Bulgaristan\u2019da g\u00f6reve atanmadan \u00f6nce Moskova\u2019da T.C. B\u00fcy\u00fckel\u00e7ili\u011fi\u2019nde g\u00f6revli oldu\u011fu s\u0131rada Filibe Ba\u015fkonsoloslu\u011fu\u2019na tahin edildi\u011fini \u00f6\u011frenince o zamanki eski dostu olan Filibe Ba\u015fkonsolosu Ramis \u015een\u2019i telefonda arayarak, yeni g\u00f6reve nas\u0131l haz\u0131rlanabilece\u011fini sordu\u011funu payla\u015ft\u0131. Say\u0131n \u015een\u2019in kendilerine, \u201c\u0130lk i\u015f olarak bundan sonra art\u0131k her sabah ilk i\u015f olarak K\u0131rcaali Haber gazetesini okumaya ba\u015fla\u201d dedi\u011fini a\u00e7\u0131klad\u0131.<\/p>\n<p>B\u00f6ylece Filibe\u2019de g\u00f6reve ba\u015flamadan 6-7 ay \u00f6nceden K\u0131rcaali Haber gazetesini takip etmeye ba\u015flad\u0131\u011f\u0131n\u0131 ve hala da her g\u00fcn ilk i\u015finin sitesine bir g\u00f6z atmak oldu\u011funu dile getirdi. Say\u0131n Cebeci, \u201cBundan dolay\u0131 K\u0131rcaali Haber gazetesinin benim i\u00e7in \u00f6zel bir yeri var. Eminim, buradaki g\u00f6revim bittikten sonra da uzun y\u0131llar boyunca K\u0131rcaali Haber gazetesi takibimde olacak. \u00c7\u00fcnk\u00fc daha \u00f6nce g\u00f6rev yapt\u0131\u011f\u0131m \u00fclkelerdeki gazeteleri takip etmeye devam ediyorum. \u0130lk g\u00f6z a\u011fr\u0131s\u0131 unutulmuyor\u201d diye ifade etti. Bulgaristan\u2019\u0131n n\u00fcfusa oranla bak\u0131ld\u0131\u011f\u0131 zaman T\u00fcrkiye d\u0131\u015f\u0131ndaki en yo\u011fun oranda T\u00fcrk n\u00fcfusunun ya\u015fad\u0131\u011f\u0131 yer oldu\u011funu s\u00f6yleyen Ba\u015fkonsolos, \u00fclke genelinde tek bas\u0131l\u0131 T\u00fcrk gazetesi olmas\u0131n\u0131n, hem K\u0131rcaali Haber\u2019in bir gururu, hem Bulgaristan T\u00fcrklerinin bir eksikli\u011fi oldu\u011funu vurgulad\u0131. \u0130lk hedefin K\u0131rcaali Haber\u2019in g\u00fcnl\u00fck \u00e7\u0131kmaya ba\u015flamas\u0131, Bulgaristan\u2019da daha birka\u00e7 tane T\u00fcrk gazetesi, radyo ve TV olmas\u0131 gerekti\u011fini d\u00fc\u015f\u00fcn\u00fcyor. Bu eksikliklerin hep beraber zamanla giderilmesi gerekti\u011fine dikkat \u00e7ekti. \u00c7\u00fcnk\u00fc yaz\u0131l\u0131 bas\u0131n\u0131n, \u00f6rne\u011fin K\u0131rcaali Haber\u2019in 7 y\u0131l \u00e7\u0131kan say\u0131lar\u0131n\u0131n gelecek nesillere ar\u015fiv de\u011feri ta\u015f\u0131d\u0131\u011f\u0131n\u0131 belirtti. Gelecek ara\u015ft\u0131rmac\u0131lar\u0131n do\u011fru tespitlerde bulunabilmeleri a\u00e7\u0131s\u0131ndan do\u011fru haber yapman\u0131n, objektif olman\u0131n ger\u00e7ekten \u00e7ok \u00f6nemli oldu\u011funu kaydetti. Ba\u015fkonsolos, \u201cBen yaz\u0131l\u0131 bas\u0131n\u0131 \u00e7ok \u00f6nemsiyorum. K\u0131rcaali Haber \u00e7ok \u00f6nemli i\u015fler g\u00f6r\u00fcyor, \u00e7ok \u00f6nemli bir eksikli\u011fi telafi ediyor. Ben \u00fcst\u00fcn ba\u015far\u0131lar diliyorum, hem ka\u011f\u0131t kalitesi, hem ka\u011f\u0131t hacmi olarak, hem de bas\u0131lma s\u0131kl\u0131\u011f\u0131 a\u00e7\u0131s\u0131ndan her ge\u00e7en g\u00fcn biraz daha iyi olmas\u0131n\u0131 temenni ediyorum. Bu \u015fartlarda \u00e7\u0131kart\u0131lan bir gazete i\u00e7in 7 sene hakikaten \u00e7ok ciddi bir ba\u015far\u0131d\u0131r. Ben bunu \u00e7ok iyi biliyorum, \u00e7\u00fcnk\u00fc Bulgaristan T\u00fcrk bas\u0131n\u0131n\u0131n tarihini biliyorum. Bizde, \u201c7\u2019sinde ne ise, 77\u2019sinde de odur\u201d diye bir atas\u00f6z\u00fc vard\u0131r. 70, hatta \u00e7ok daha y\u0131llar boyunca baba mesle\u011fini devam ettirenler var. Bu demektir ki, gazete birka\u00e7 as\u0131r boyunca var olmaya devam edecektir. K\u0131rcaali Haber bir marka de\u011feri kazanm\u0131\u015f durumdad\u0131r. Umar\u0131m birka\u00e7 nesil bu marka de\u011ferini korur, Bulgaristan T\u00fcrklerinin sembollerinden biri haline gelir. \u00dcst\u00fcn ba\u015far\u0131lar diliyorum. Gayet iyi gidiyorsunuz. \u00c7ok daha iyi olman\u0131z\u0131 temenni ediyoruz\u201d diye konu\u015fmas\u0131n\u0131 bitirdi.<\/p>\n<p>\u015eabanali Ahmet, \u00e7ok zor \u015fartlarda K\u0131rcaali\u2019ye m\u00fcft\u00fc atand\u0131\u011f\u0131n\u0131, \u00e7ok hat safhada sorunlar ya\u015fand\u0131\u011f\u0131 s\u0131rada M\u00fczekki Bey\u2019in kendisiyle bir s\u00f6yle\u015fi yapmak istedi\u011fini ve dolay\u0131s\u0131yla g\u00f6rev alan\u0131yla ilgili ilk r\u00f6portaj\u0131n K\u0131rcaali Haber\u2019de yay\u0131nland\u0131\u011f\u0131n\u0131 payla\u015ft\u0131. Hala K\u0131rcaali B\u00f6lge M\u00fcft\u00fcl\u00fc\u011f\u00fc\u2019n\u00fcn ve Ba\u015fm\u00fcft\u00fcl\u00fc\u011f\u00fc\u2019n\u00fcn faaliyetiyle ilgili s\u0131k s\u0131k haber vermeye devam etti\u011fi i\u00e7in kendisine m\u00fcte\u015fekkir oldu\u011funu ifade etti. T\u00fcrkiye\u2019deki arkada\u015flar\u0131n\u0131 ziyaret etti\u011finde \u00f6nceden K\u0131rcaali\u2019de olup bitenlerden gazetenin sitesinden otomatikman \u00f6\u011frenmi\u015f olduklar\u0131n\u0131 g\u00f6rd\u00fc\u011f\u00fcn\u00fc payla\u015ft\u0131. \u0130sim yapma, marka yapma, do\u011fru haber yapma, olaylar\u0131 oldu\u011fu gibi yans\u0131tma ad\u0131na bunun \u00e7ok \u00f6nemli oldu\u011funu belirtti. Y\u00fcksek \u0130slam \u015eura Ba\u015fkan\u0131, \u201cBiz Bulgaristan Ba\u015fm\u00fcft\u00fcl\u00fc\u011f\u00fc olarak 2010 y\u0131l\u0131nda \u00e7ok ciddi bir s\u0131k\u0131nt\u0131 ya\u015fad\u0131k. Dostumuz olan bir\u00e7ok gazete bizden uzak durdu. Ama M\u00fczekki Bey, hi\u00e7bir konuda, sizin resmiyetiniz vard\u0131r, yoktur gibi tart\u0131\u015fmalar\u0131 d\u00fc\u015f\u00fcnmeden bile devaml\u0131 olmas\u0131 gereken yerde durdu. Onun i\u00e7in gazeteden \u00f6te, yani kendisi, ekibiyle beraber bizim dostumuz\u201d diyerek haber a\u00e7\u0131s\u0131ndan da gazetenin ya\u015famas\u0131 i\u00e7in elinden geleni esirgemediklerini kaydetti. Say\u0131n Ahmet de gazetenin g\u00fcnl\u00fck olmas\u0131n\u0131 ve daha nice y\u0131llar T\u00fcrk\u00e7e haberler sunmaya devam etmesini dileyerek, ba\u015far\u0131lardan dolay\u0131 ekibi tebrik etti.<\/p>\n<p>M\u00fczekki Ahmet, gazeteye ilk plaketi 2010 y\u0131l\u0131nda ya\u015fanan Ba\u015fm\u00fcft\u00fc kriziyle ilgili do\u011fru haberler yazd\u0131klar\u0131 i\u00e7in B\u00f6lge M\u00fcft\u00fcl\u00fc\u011f\u00fc taraf\u0131ndan sunuldu\u011funu belirtti.<\/p>\n<p>Av. Mustafa Bayramali de gazetenin 7.y\u0131ld\u00f6n\u00fcm\u00fcn\u00fc kutlayarak, daha uzun y\u0131llar ekiple birlikte olmay\u0131 diledi. Yazar, \u201cK\u0131rcaali Haber internet sitesinin her sabah Amerika\u2019da da, \u0130ngiltere\u2019de de, T\u00fcrkiye\u2019de de, Yunanistan\u2019da da, \u0130sve\u00e7\u2019te de ve ba\u015fka yerlerde de izlenerek seve seve okundu\u011fundan eminim. Bunu tecr\u00fcbemden anlad\u0131m. \u00c7\u00fcnk\u00fc sitede bir yaz\u0131m yay\u0131nland\u0131\u011f\u0131nda hemen dostlar\u0131m aray\u0131p tebrik ediyorlar. Bir insana bundan daha b\u00fcy\u00fck m\u00fckafat olmaz\u201d diye payla\u015ft\u0131. M\u00fczekki Bey\u2019in site kurma, daha sonra da gazete \u00e7\u0131karma fikrini eli kalem tutanlarla payla\u015ft\u0131\u011f\u0131nda yard\u0131mc\u0131 olmaya s\u00f6z verdi\u011fini ve hala da elinden geldi\u011fince bunu yapmaya devam etti\u011fini ifade etti. K\u0131rcaali Haber\u2019in gittik\u00e7e otoritesinin y\u00fckseldi\u011fini, Bulgaristan Tr\u00fckleri\u2019nin \u00f6nde gelen yazarlar\u0131ndan Prof. Dr. Cengiz Hakov, \u0130smail Cambazov, \u0130smail \u00c7avu\u015fev, Sabri Alag\u00f6z, Halit Da\u011fl\u0131 ve daha ba\u015fka kalemlerin yaz\u0131lar\u0131n\u0131 gazetede yay\u0131nlamaya ba\u015flad\u0131klar\u0131n\u0131 belirtti. Gazeteye daha geni\u015f kitlelere ula\u015fmas\u0131n\u0131, bilim adamlar\u0131n\u0131 da sayfalar\u0131na celp etmeye devam etmesini diledi.<\/p><div id=\"bghab-3081421050\" class=\"bghab-icerik-icine-10-paragraf bghab-entity-placement\"><script async src=\"\/\/pagead2.googlesyndication.com\/pagead\/js\/adsbygoogle.js?client=ca-pub-6203283170189293\" crossorigin=\"anonymous\"><\/script><ins class=\"adsbygoogle\" style=\"display:block; text-align:center;\" data-ad-client=\"ca-pub-6203283170189293\" \ndata-ad-slot=\"7303146466\" \ndata-ad-layout=\"in-article\"\ndata-ad-format=\"fluid\" data-full-width-responsive=\"true\"><\/ins>\n<script> \n(adsbygoogle = window.adsbygoogle || []).push({}); \n<\/script>\n<\/div>\n<p>Gece canl\u0131 m\u00fczik e\u015fli\u011finde verilen yemekle son buldu.<\/p>\n<p>&nbsp;<\/p>\n<p>Resmiye M\u00fcmin &#8211; KH<\/p>\n<div id=\"bghab-2463370931\" class=\"bghab-yazi-altinda bghab-entity-placement\"><script async src=\"https:\/\/pagead2.googlesyndication.com\/pagead\/js\/adsbygoogle.js\"><\/script>\r\n<!-- bghaber-yaz\u0131-sonu -->\r\n<ins class=\"adsbygoogle\"\r\n     style=\"display:block\"\r\n     data-ad-client=\"ca-pub-6203283170189293\"\r\n     data-ad-slot=\"4222328180\"\r\n     data-ad-format=\"auto\"\r\n     data-full-width-responsive=\"true\"><\/ins>\r\n<script>\r\n     (adsbygoogle = window.adsbygoogle || []).push({});\r\n<\/script><\/div><br style=\"clear: both; display: block; float: none;\"\/>","protected":false},"excerpt":{"rendered":"<p>Paradise restoran\u0131nda K\u0131rcaali Haber Gazetesi&#8217;nin 7. Kurulu\u015f Y\u0131ld\u00f6n\u00fcm\u00fc Gecesi d\u00fczenlendi. Geceye kat\u0131lan \u00f6zel konuklar aras\u0131nda T\u00fcrkiye Cumhuriyeti Filibe Ba\u015fkonsolosu \u015eener Cebeci, K\u0131rcaali Belediye Ba\u015fkan\u0131 Hasan<\/p>\n","protected":false},"author":29,"featured_media":2825,"comment_status":"closed","ping_status":"closed","sticky":false,"template":"","format":"standard","meta":{"advanced_seo_description":"","jetpack_seo_html_title":"","jetpack_seo_noindex":false,"jetpack_seo_schema_type":"","_jetpack_newsletter_access":"","_jetpack_dont_email_post_to_subs":false,"_jetpack_newsletter_tier_id":0,"_jetpack_memberships_contains_paywalled_content":false,"_jetpack_feature_clip_id":0,"_jetpack_memberships_contains_paid_content":false,"footnotes":"","jetpack_post_was_ever_published":false},"categories":[8],"tags":[30],"class_list":["post-2824","post","type-post","status-publish","format-standard","has-post-thumbnail","hentry","category-egitim","tag-bulgaristan"],"jetpack_sharing_enabled":true,"jetpack_likes_enabled":true,"jetpack-related-posts":[],"jetpack_shortlink":"https:\/\/wp.me\/pc2PfJ-Jy","jetpack_featured_media_url":"https:\/\/i0.wp.com\/www.bghaber.org\/bghaber\/wp-content\/uploads\/2013\/06\/kircaali-haber-7-yasinda.jpg?fit=600%2C376&ssl=1","_links":{"self":[{"href":"https:\/\/www.bghaber.org\/bghaber\/wp-json\/wp\/v2\/posts\/2824","targetHints":{"allow":["GET"]}}],"collection":[{"href":"https:\/\/www.bghaber.org\/bghaber\/wp-json\/wp\/v2\/posts"}],"about":[{"href":"https:\/\/www.bghaber.org\/bghaber\/wp-json\/wp\/v2\/types\/post"}],"author":[{"embeddable":true,"href":"https:\/\/www.bghaber.org\/bghaber\/wp-json\/wp\/v2\/users\/29"}],"replies":[{"embeddable":true,"href":"https:\/\/www.bghaber.org\/bghaber\/wp-json\/wp\/v2\/comments?post=2824"}],"version-history":[{"count":0,"href":"https:\/\/www.bghaber.org\/bghaber\/wp-json\/wp\/v2\/posts\/2824\/revisions"}],"wp:featuredmedia":[{"embeddable":true,"href":"https:\/\/www.bghaber.org\/bghaber\/wp-json\/wp\/v2\/media\/2825"}],"wp:attachment":[{"href":"https:\/\/www.bghaber.org\/bghaber\/wp-json\/wp\/v2\/media?parent=2824"}],"wp:term":[{"taxonomy":"category","embeddable":true,"href":"https:\/\/www.bghaber.org\/bghaber\/wp-json\/wp\/v2\/categories?post=2824"},{"taxonomy":"post_tag","embeddable":true,"href":"https:\/\/www.bghaber.org\/bghaber\/wp-json\/wp\/v2\/tags?post=2824"}],"curies":[{"name":"wp","href":"https:\/\/api.w.org\/{rel}","templated":true}]}}