{"id":27967,"date":"2018-03-05T21:57:44","date_gmt":"2018-03-05T18:57:44","guid":{"rendered":"http:\/\/www.bghaber.org\/bghaber\/?p=27967"},"modified":"2019-07-06T20:57:29","modified_gmt":"2019-07-06T17:57:29","slug":"bulgaristanin-osmanlidan-kurtulusu-kimsenin-beklemedigi-bir-mucizeydi","status":"publish","type":"post","link":"https:\/\/www.bghaber.org\/bghaber\/bulgaristanin-osmanlidan-kurtulusu-kimsenin-beklemedigi-bir-mucizeydi\/","title":{"rendered":"Bulgaristan&#8217;\u0131n Osmanl\u0131&#8217;dan kurtulu\u015fu kimsenin beklemedi\u011fi bir mucizeydi"},"content":{"rendered":"<p>Bulgarsitan&#8217;\u0131n Osmanl\u0131 \u0130mparatorlu\u011fu&#8217;ndan ayr\u0131l\u0131\u015f\u0131n\u0131n 140&#8217;\u0131nc\u0131 y\u0131l\u0131 vesilesiyle Bulgaristan&#8217;\u0131n ba\u015fkenti Sofya&#8217;daki Aleksandr Nevski Katedrali&#8217;ni ziyaret eden Rus Ortodoks Kilisesi lideri Kirill, Bulgaristan&#8217;\u0131n Osmanl\u0131 boyunduru\u011fundan kurtulu\u015funu &#8220;kimsenin beklemedi\u011fi bir mucize&#8221; olarak tan\u0131mlad\u0131.<\/p>\n<p>Pazar g\u00fcn\u00fc Rusya Ortadoks Kilisesi, Bulgar halk\u0131n\u0131n Osmanl\u0131&#8217;dan ayr\u0131l\u0131\u015f\u0131n\u0131n 140&#8217;\u0131nc\u0131 y\u0131l\u0131 etkinlikleri kapsam\u0131nda Bulgaristan&#8217;a resmi bir ziyaret ger\u00e7ekle\u015ftirdi.<\/p>\n<p>Ria Novosti&#8217;nin aktard\u0131\u011f\u0131na g\u00f6re Kirill, Osmanl\u0131 tarihinde 93 Harbi olarak da bilinen, 1877-1878 Osmanl\u0131-Rus Sava\u015f\u0131&#8217;nda hayat\u0131n\u0131 kaybeden Rus askerler an\u0131t\u0131n\u0131 ziyaret etti.<\/p>\n<p>Sofya&#8217;da konu\u015fan Kirill, &#8220;Tarih\u00e7iler, Rusya ya da Bulgar halk\u0131n\u0131n bu sava\u015fa haz\u0131r olmad\u0131\u011f\u0131n\u0131 s\u00f6yl\u00fcyor. Bulgaristan y\u0131k\u0131c\u0131 ve sert bir \u015fekilde bast\u0131r\u0131lm\u0131\u015ft\u0131. Rusya ise Avrupal\u0131larla ya\u015fanan ba\u015far\u0131s\u0131z bir \u00e7at\u0131\u015fman\u0131n etkilerini hen\u00fcz onaramam\u0131\u015ft\u0131. Sava\u015f, Rusya&#8217;n\u0131n t\u00fcm n\u00fcfusuna ve Avrupa ile olan ili\u015fkilerine a\u011f\u0131r bir y\u00fck getirecekti. Ancak ayn\u0131 dine inanan halk\u0131m\u0131z\u0131n ac\u0131s\u0131 bizi sarst\u0131.&#8221; dedi.<\/p>\n<p>Kirill, Rusya&#8217;n\u0131n Osmanl\u0131 \u00fczerinde ba\u015far\u0131l\u0131 olmas\u0131n\u0131, &#8220;Rus ve Bulgar halklar\u0131n\u0131n inanc\u0131 sayesinde kazan\u0131lan bir zafer&#8221; olarak tan\u0131mlad\u0131.<\/p><div id=\"bghab-766365910\" class=\"bghab-icerik-icine bghab-entity-placement\"><script async src=\"\/\/pagead2.googlesyndication.com\/pagead\/js\/adsbygoogle.js?client=ca-pub-6203283170189293\" crossorigin=\"anonymous\"><\/script><ins class=\"adsbygoogle\" style=\"display:block; text-align:center;\" data-ad-client=\"ca-pub-6203283170189293\" \ndata-ad-slot=\"7303146466\" \ndata-ad-layout=\"in-article\"\ndata-ad-format=\"fluid\" data-full-width-responsive=\"true\"><\/ins>\n<script> \n(adsbygoogle = window.adsbygoogle || []).push({}); \n<\/script>\n<\/div>\n<p>Sofya&#8217;daki Aleksandr Nevski Katedrali, 1879 y\u0131l\u0131nda Bulgaristan&#8217;\u0131n Osmanl\u0131&#8217;dan kopmas\u0131na yard\u0131mc\u0131 olan Rusya&#8217;ya bir te\u015fekk\u00fcr olarak in\u015fa edilmi\u015f. Avrupa&#8217;daki en b\u00fcy\u00fck Ortodoks kiliselerinden biri olan bu yap\u0131 1912&#8217;de Rus mimar Aleksander Pomerantsev \u00f6nderli\u011finde tamamlanm\u0131\u015f. Ancak bug\u00fcn kilisenin acilen tamir edilmesi gerekiyor, ancak Bulgar h\u00fck\u00fcmeti hen\u00fcz para tahsis etmedi.<\/p>\n<p>&nbsp;<\/p>\n<p>HABERRUS<\/p>\n<div id=\"bghab-1696360061\" class=\"bghab-yazi-altinda bghab-entity-placement\"><div class=\"bghab-adlabel\">Reklamlar<\/div><script async src=\"https:\/\/pagead2.googlesyndication.com\/pagead\/js\/adsbygoogle.js\"><\/script>\r\n<!-- bghaber-yaz\u0131-sonu -->\r\n<ins class=\"adsbygoogle\"\r\n     style=\"display:block\"\r\n     data-ad-client=\"ca-pub-6203283170189293\"\r\n     data-ad-slot=\"4222328180\"\r\n     data-ad-format=\"auto\"\r\n     data-full-width-responsive=\"true\"><\/ins>\r\n<script>\r\n     (adsbygoogle = window.adsbygoogle || []).push({});\r\n<\/script><\/div><br style=\"clear: both; display: block; float: none;\"\/>","protected":false},"excerpt":{"rendered":"<p>Bulgarsitan&#8217;\u0131n Osmanl\u0131 \u0130mparatorlu\u011fu&#8217;ndan ayr\u0131l\u0131\u015f\u0131n\u0131n 140&#8217;\u0131nc\u0131 y\u0131l\u0131 vesilesiyle Bulgaristan&#8217;\u0131n ba\u015fkenti Sofya&#8217;daki Aleksandr Nevski Katedrali&#8217;ni ziyaret eden Rus Ortodoks Kilisesi lideri Kirill, Bulgaristan&#8217;\u0131n Osmanl\u0131 boyunduru\u011fundan kurtulu\u015funu &#8220;kimsenin<\/p>\n","protected":false},"author":29,"featured_media":2980,"comment_status":"closed","ping_status":"closed","sticky":false,"template":"","format":"standard","meta":{"advanced_seo_description":"","jetpack_seo_html_title":"","jetpack_seo_noindex":false,"_jetpack_memberships_contains_paid_content":false,"footnotes":""},"categories":[4],"tags":[],"class_list":["post-27967","post","type-post","status-publish","format-standard","has-post-thumbnail","hentry","category-siyaset"],"jetpack_featured_media_url":"https:\/\/i0.wp.com\/www.bghaber.org\/bghaber\/wp-content\/uploads\/2013\/06\/bulgaristan-bayrak-harita.jpg?fit=277%2C182&ssl=1","jetpack_sharing_enabled":true,"jetpack_likes_enabled":true,"jetpack-related-posts":[],"jetpack_shortlink":"https:\/\/wp.me\/pc2PfJ-7h5","_links":{"self":[{"href":"https:\/\/www.bghaber.org\/bghaber\/wp-json\/wp\/v2\/posts\/27967","targetHints":{"allow":["GET"]}}],"collection":[{"href":"https:\/\/www.bghaber.org\/bghaber\/wp-json\/wp\/v2\/posts"}],"about":[{"href":"https:\/\/www.bghaber.org\/bghaber\/wp-json\/wp\/v2\/types\/post"}],"author":[{"embeddable":true,"href":"https:\/\/www.bghaber.org\/bghaber\/wp-json\/wp\/v2\/users\/29"}],"replies":[{"embeddable":true,"href":"https:\/\/www.bghaber.org\/bghaber\/wp-json\/wp\/v2\/comments?post=27967"}],"version-history":[{"count":0,"href":"https:\/\/www.bghaber.org\/bghaber\/wp-json\/wp\/v2\/posts\/27967\/revisions"}],"wp:featuredmedia":[{"embeddable":true,"href":"https:\/\/www.bghaber.org\/bghaber\/wp-json\/wp\/v2\/media\/2980"}],"wp:attachment":[{"href":"https:\/\/www.bghaber.org\/bghaber\/wp-json\/wp\/v2\/media?parent=27967"}],"wp:term":[{"taxonomy":"category","embeddable":true,"href":"https:\/\/www.bghaber.org\/bghaber\/wp-json\/wp\/v2\/categories?post=27967"},{"taxonomy":"post_tag","embeddable":true,"href":"https:\/\/www.bghaber.org\/bghaber\/wp-json\/wp\/v2\/tags?post=27967"}],"curies":[{"name":"wp","href":"https:\/\/api.w.org\/{rel}","templated":true}]}}