{"id":27964,"date":"2018-03-05T21:55:54","date_gmt":"2018-03-05T18:55:54","guid":{"rendered":"http:\/\/www.bghaber.org\/bghaber\/?p=27964"},"modified":"2019-07-06T20:57:29","modified_gmt":"2019-07-06T17:57:29","slug":"ruslarla-bulgarlar-arasinda-93-harbi-krizi","status":"publish","type":"post","link":"https:\/\/www.bghaber.org\/bghaber\/ruslarla-bulgarlar-arasinda-93-harbi-krizi\/","title":{"rendered":"Ruslarla, Bulgarlar aras\u0131nda &#8220;93 Harbi&#8221; krizi"},"content":{"rendered":"<p>Bulgaristan\u2019a ba\u011f\u0131ms\u0131zl\u0131k yolu a\u00e7an Ayastefanos Antla\u015fmas\u0131\u2019n\u0131n 140\u2019\u0131nc\u0131 y\u0131l\u0131nda Sofy-Moskova hatt\u0131nda: \u201cSizi T\u00fcrkler\u2019den kim kurtard\u0131\u201d polemi\u011fi patlak verdi.<\/p>\n<p>Bulgaristan\u2019\u0131n Koca Balkan b\u00f6lgesinde cumartesi g\u00fcn\u00fc (3 Mart) 1877-1878 Rus-T\u00fcrk sava\u015f\u0131n\u0131n en b\u00fcy\u00fck muharebesinin ya\u015fand\u0131\u011f\u0131 \u015e\u0131pka tepesini ziyaret eden Rusya Patri\u011fi Kiril burada konu\u015fma yaparak, \u00c7arl\u0131k Rusyas\u0131\u2019n\u0131n Bulgaristan kurtulu\u015fundaki hakk\u0131n\u0131n yenmeye \u00e7al\u0131\u015f\u0131ld\u0131\u011f\u0131n\u0131 \u00f6ne s\u00fcrd\u00fc.<\/p>\n<p>Anla\u015fman\u0131n 140\u2019\u0131nc\u0131 y\u0131l\u0131nda \u201cSizi T\u00fcrkler\u2019den kim kurtard\u0131\u201d polemi\u011fi<\/p>\n<p>140 y\u0131l \u00f6nce Bulgaristan\u2019da Osmanl\u0131\u2019ya kar\u015f\u0131 sava\u015fan Rus askerleri i\u00e7in ayin d\u00fczenleyen Rus Patri\u011fi, \u201cD\u00fc\u015f\u00fcnd\u00fcklerimi a\u00e7\u0131k\u00e7a dile getirece\u011fim. Bulgaristan y\u00f6netimi bu y\u0131lki kurtulu\u015f sava\u015f\u0131 etkinliklerinde Rusya\u2019n\u0131n yan\u0131 s\u0131ra bir dizi ba\u015fka \u00fclkeyi de bizimle ayn\u0131 kefeye koyma giri\u015fiminde bulunmu\u015ftur. Polonya, Letonya, Romanya gibi \u00fclkelerin ad\u0131 say\u0131lm\u0131\u015ft\u0131r. Ancak bu \u00fclkeler Bulgaristan\u2019\u0131n kurtulu\u015fu i\u00e7in Osmanl\u0131\u2019ya sava\u015f ilan etmedi. Sava\u015f\u0131 Rus \u00c7ar\u0131 2\u2019nci Aleksander Osmanl\u0131\u2019ya ilan etti ve Ayastefanos anla\u015fmas\u0131yla Bulgaristan ba\u011f\u0131ms\u0131zl\u0131\u011f\u0131na kavu\u015ftu. Tarihin \u00e7arp\u0131t\u0131lmak istenmesinden \u00fczg\u00fcn oldu\u011fumuzu s\u00f6ylemek istiyorum. \u00c7\u00fcnk\u00fc zaman\u0131nda bu sava\u015f \u00c7arl\u0131k Rusya askerlerinin kan\u0131 d\u00f6kerek kazanm\u0131\u015ft\u0131r\u201d ifadelerini kulland\u0131.<\/p>\n<p>Rusya Patri\u011fi Kiril\u2019in ele\u015ftirilerine Bulgaristan Cumhurba\u015fkan\u0131 Rumen Radev cevaben, \u201c\u00c7arl\u0131k Rusyas\u0131\u2019n\u0131n Bulgaristan\u2019\u0131n kurtulu\u015funda oynad\u0131\u011f\u0131 rol\u00fc k\u00fc\u00e7\u00fcmsemek gibi bir d\u00fc\u015f\u00fcncemiz yoktu. Bulgaristan Rus-T\u00fcrk sava\u015f\u0131 neticesinde ba\u011f\u0131ms\u0131zl\u0131\u011f\u0131na kavu\u015ftu\u011funu biz de \u00e7ok iyi biliyoruz. Bu sava\u015fa Polonya-T\u00fcrkiye veya ba\u015fka bir sava\u015f ad\u0131 da koymuyoruz. Biz sadece \u00c7arl\u0131k Rusya ordular\u0131n\u0131n bir\u00e7ok milletten olu\u015ftu\u011funu vurgulayarak o \u00fclke halklar\u0131na da minnettarl\u0131\u011f\u0131m\u0131z\u0131 iletmi\u015f olmak i\u00e7in s\u0131ralad\u0131k\u201d a\u00e7\u0131klamas\u0131n\u0131 yapt\u0131.<\/p><div id=\"bghab-2118176069\" class=\"bghab-icerik-icine bghab-entity-placement\"><script async src=\"\/\/pagead2.googlesyndication.com\/pagead\/js\/adsbygoogle.js?client=ca-pub-6203283170189293\" crossorigin=\"anonymous\"><\/script><ins class=\"adsbygoogle\" style=\"display:block; text-align:center;\" data-ad-client=\"ca-pub-6203283170189293\" \ndata-ad-slot=\"7303146466\" \ndata-ad-layout=\"in-article\"\ndata-ad-format=\"fluid\" data-full-width-responsive=\"true\"><\/ins>\n<script> \n(adsbygoogle = window.adsbygoogle || []).push({}); \n<\/script>\n<\/div>\n<p><strong>93 Harbi (1877-78 Osmanl\u0131-Rus Sava\u015f\u0131)<\/strong><\/p>\n<p>Osmanl\u0131 Devleti&#8217;nde ya\u015fanan az\u0131nl\u0131k isyanlar\u0131, Rusya ve Bat\u0131 Avrupa \u00fclkelerinde Osmanl\u0131 Devleti&#8217;nde ya\u015fayan Hristiyanlar\u0131n insan haklar\u0131n\u0131n \u00e7i\u011fnendi\u011fi konusunda yarat\u0131lan propaganda ortam\u0131, Rusya&#8217;n\u0131n Balkanlar&#8217;daki geni\u015fleme siyaseti, Romanya ve Bulgaristan&#8217;\u0131n ba\u011f\u0131ms\u0131zl\u0131k istekleri ve Panslavizm ak\u0131mlar\u0131 93 Harbi&#8217;nin temel sebeplerini olu\u015fturdu.<\/p>\n<p>Yakla\u015f\u0131k bir y\u0131l s\u00fcren sava\u015fta Osmanl\u0131 ordular\u0131, savunma sava\u015f\u0131 yapt\u0131. \u00d6zellikle Balkanlarda bu olaylar neticesinde T\u00fcrklere ve M\u00fcsl\u00fcman topluluklara kar\u015f\u0131 geni\u015f \u00e7apl\u0131 etnik temizlikler ya\u015fand\u0131 ve k\u0131r\u0131mlar g\u00f6r\u00fcld\u00fc. Sava\u015f\u0131n sonunda Bat\u0131daki Osmanl\u0131 savunma hatlar\u0131n\u0131 k\u0131ran Rus ordular\u0131n\u0131n \u00f6n\u00fc a\u00e7\u0131ld\u0131, diren\u00e7le kar\u015f\u0131la\u015fmadan \u0130stanbul&#8217;un e\u015fi\u011fine (Ye\u015filk\u00f6y) kadar ilerleyerek Osmanl\u0131 Devleti&#8217;nin varl\u0131\u011f\u0131n\u0131 tehdit etti ve bunun sonucunda Osmanl\u0131 Devleti, Ayastefanos Antla\u015fmas\u0131&#8217;n\u0131 imzalamak zorunda kald\u0131.<\/p>\n<p>Sava\u015f sonucunda Osmanl\u0131 Devleti \u00e7ok fazla toprak kaybederken, Balkanlardaki n\u00fcfuzunu b\u00fcy\u00fck \u00f6l\u00e7\u00fcde yitirdi. Balkanlar&#8217;da ve Kafkasya&#8217;da say\u0131lar\u0131 1 milyonu a\u015fk\u0131n Osmanl\u0131 vatanda\u015f\u0131 m\u00fclteci konumuna d\u00fc\u015ft\u00fc, sava\u015f s\u00fcresince ve sava\u015ftan sonra Anadolu&#8217;ya dev g\u00f6\u00e7 dalgalar\u0131 ya\u015fand\u0131. Ayr\u0131ca Batum&#8217;da ya\u015fayan M\u00fcsl\u00fcman Lazlar ve G\u00fcrc\u00fcler, Osmanl\u0131 topraklar\u0131na g\u00f6\u00e7 etmek zorunda kald\u0131.<\/p>\n<p>&nbsp;<\/p><div id=\"bghab-3078222806\" class=\"bghab-icerik-icine-10-paragraf bghab-entity-placement\"><script async src=\"\/\/pagead2.googlesyndication.com\/pagead\/js\/adsbygoogle.js?client=ca-pub-6203283170189293\" crossorigin=\"anonymous\"><\/script><ins class=\"adsbygoogle\" style=\"display:block; text-align:center;\" data-ad-client=\"ca-pub-6203283170189293\" \ndata-ad-slot=\"7303146466\" \ndata-ad-layout=\"in-article\"\ndata-ad-format=\"fluid\" data-full-width-responsive=\"true\"><\/ins>\n<script> \n(adsbygoogle = window.adsbygoogle || []).push({}); \n<\/script>\n<\/div>\n<p><em>QHA<\/em><\/p>\n<div id=\"bghab-394376354\" class=\"bghab-yazi-altinda bghab-entity-placement\"><div class=\"bghab-adlabel\">Reklamlar<\/div><script async src=\"https:\/\/pagead2.googlesyndication.com\/pagead\/js\/adsbygoogle.js\"><\/script>\r\n<!-- bghaber-yaz\u0131-sonu -->\r\n<ins class=\"adsbygoogle\"\r\n     style=\"display:block\"\r\n     data-ad-client=\"ca-pub-6203283170189293\"\r\n     data-ad-slot=\"4222328180\"\r\n     data-ad-format=\"auto\"\r\n     data-full-width-responsive=\"true\"><\/ins>\r\n<script>\r\n     (adsbygoogle = window.adsbygoogle || []).push({});\r\n<\/script><\/div><br style=\"clear: both; display: block; float: none;\"\/>","protected":false},"excerpt":{"rendered":"<p>Bulgaristan\u2019a ba\u011f\u0131ms\u0131zl\u0131k yolu a\u00e7an Ayastefanos Antla\u015fmas\u0131\u2019n\u0131n 140\u2019\u0131nc\u0131 y\u0131l\u0131nda Sofy-Moskova hatt\u0131nda: \u201cSizi T\u00fcrkler\u2019den kim kurtard\u0131\u201d polemi\u011fi patlak verdi. Bulgaristan\u2019\u0131n Koca Balkan b\u00f6lgesinde cumartesi g\u00fcn\u00fc (3 Mart)<\/p>\n","protected":false},"author":29,"featured_media":27965,"comment_status":"closed","ping_status":"closed","sticky":false,"template":"","format":"standard","meta":{"advanced_seo_description":"","jetpack_seo_html_title":"","jetpack_seo_noindex":false,"_jetpack_memberships_contains_paid_content":false,"footnotes":""},"categories":[1,4],"tags":[],"class_list":["post-27964","post","type-post","status-publish","format-standard","has-post-thumbnail","hentry","category-haberler","category-siyaset"],"jetpack_featured_media_url":"https:\/\/i0.wp.com\/www.bghaber.org\/bghaber\/wp-content\/uploads\/2018\/03\/bulgar-rus-93harbi-krizi.jpg?fit=800%2C450&ssl=1","jetpack_sharing_enabled":true,"jetpack_likes_enabled":true,"jetpack-related-posts":[],"jetpack_shortlink":"https:\/\/wp.me\/pc2PfJ-7h2","_links":{"self":[{"href":"https:\/\/www.bghaber.org\/bghaber\/wp-json\/wp\/v2\/posts\/27964","targetHints":{"allow":["GET"]}}],"collection":[{"href":"https:\/\/www.bghaber.org\/bghaber\/wp-json\/wp\/v2\/posts"}],"about":[{"href":"https:\/\/www.bghaber.org\/bghaber\/wp-json\/wp\/v2\/types\/post"}],"author":[{"embeddable":true,"href":"https:\/\/www.bghaber.org\/bghaber\/wp-json\/wp\/v2\/users\/29"}],"replies":[{"embeddable":true,"href":"https:\/\/www.bghaber.org\/bghaber\/wp-json\/wp\/v2\/comments?post=27964"}],"version-history":[{"count":0,"href":"https:\/\/www.bghaber.org\/bghaber\/wp-json\/wp\/v2\/posts\/27964\/revisions"}],"wp:featuredmedia":[{"embeddable":true,"href":"https:\/\/www.bghaber.org\/bghaber\/wp-json\/wp\/v2\/media\/27965"}],"wp:attachment":[{"href":"https:\/\/www.bghaber.org\/bghaber\/wp-json\/wp\/v2\/media?parent=27964"}],"wp:term":[{"taxonomy":"category","embeddable":true,"href":"https:\/\/www.bghaber.org\/bghaber\/wp-json\/wp\/v2\/categories?post=27964"},{"taxonomy":"post_tag","embeddable":true,"href":"https:\/\/www.bghaber.org\/bghaber\/wp-json\/wp\/v2\/tags?post=27964"}],"curies":[{"name":"wp","href":"https:\/\/api.w.org\/{rel}","templated":true}]}}