{"id":27962,"date":"2018-03-05T21:41:12","date_gmt":"2018-03-05T18:41:12","guid":{"rendered":"http:\/\/www.bghaber.org\/bghaber\/?p=27962"},"modified":"2019-07-06T20:57:29","modified_gmt":"2019-07-06T17:57:29","slug":"bulgaristanda-3-mart-milli-bayram-gununun-degistirilmesi-icin-imza-kampanyasi","status":"publish","type":"post","link":"https:\/\/www.bghaber.org\/bghaber\/bulgaristanda-3-mart-milli-bayram-gununun-degistirilmesi-icin-imza-kampanyasi\/","title":{"rendered":"Bulgaristan\u2019da 3 Mart Milli Bayram g\u00fcn\u00fcn\u00fcn de\u011fi\u015ftirilmesi i\u00e7in imza kampanyas\u0131"},"content":{"rendered":"<p>Bulgarlar, milli bayram\u0131n yabanc\u0131 bir \u00fclkenin y\u00fcceltildi\u011fi bir g\u00fcne d\u00f6n\u00fc\u015ft\u00fcr\u00fclmesi ve milleti birle\u015ftirmek yerine b\u00f6lmesinden dolay\u0131 duyduklar\u0131 \u00f6fkenin ifadesi olarak milli bayram g\u00fcn\u00fcn\u00fc de\u011fi\u015ftirmek i\u00e7in imza kampanyas\u0131 ba\u015flatt\u0131lar.<\/p>\n<p>Toplu dilek\u00e7enin gerek\u00e7esi olarak San Stefano Antla\u015fmas\u0131\u2019n\u0131n bir Bulgar devleti kurulmas\u0131na kar\u015f\u0131n Rus i\u015fgali karar\u0131 (8.madde) al\u0131nmas\u0131na neden oldu\u011fu belirtildi. Bulgar halk\u0131n\u0131n i\u015fgalin borcu olarak Moskova&#8217;ya 32, 5 ton alt\u0131n \u00f6dedi\u011fine dikkat \u00e7ekildi.<\/p>\n<p>Kampanyan\u0131n organizat\u00f6rleri, \u015funun alt\u0131n\u0131 \u00e7izdi: \u201c3 Mart 1878 tarihinde San Stefano\u2019da (Ye\u015filk\u00f6y) iki Avrasya imparatorlu\u011fu aras\u0131ndaki sava\u015f\u0131 sona erdiren ve aralar\u0131ndaki ili\u015fkileri d\u00fczenleyen bir \u00f6n anla\u015fma imzalan\u0131yor. Bulgarlar, sava\u015fa i\u015ftirak etmelerine ra\u011fmen sadece anla\u015fmaya kat\u0131lmalar\u0131na de\u011fil, ayn\u0131 zamanda imza t\u00f6reninde haz\u0131r bulunmalar\u0131na bile izin verilmemi\u015ftir\u201d.<\/p>\n<p>Organizat\u00f6rler, San Stefano Antla\u015fmas\u0131 uyar\u0131nca Bulgaristan&#8217;\u0131n de\u011fil, Karada\u011f, S\u0131rbistan ve Romanya&#8217;n\u0131n ba\u011f\u0131ms\u0131zl\u0131k kazand\u0131\u011f\u0131na dikkat \u00e7ekerek, ancak bu \u00fclkelerden hi\u00e7birinde 3 Mart\u2019\u0131n ne milli bir bayram, ne de resmi bir bayram olmad\u0131\u011f\u0131n\u0131 belirttiler.<\/p>\n<p>Toplu dilek\u00e7eyi yazanlar, \u201cOsmanl\u0131 idaresinin Rus i\u015fgali ile de\u011fi\u015ftirildi\u011fi bu antla\u015fman\u0131n imzaland\u0131\u011f\u0131 g\u00fcn sadece Bulgaristan&#8217;da ulusal bir bayramd\u0131r. Bir \u00fclkenin milli bayram\u0131, gurur ve milli \u00f6zg\u00fcven vesilesi olmal\u0131d\u0131r. B\u00f6yle bir \u015fey ancak \u00f6nemli tarihsel bir olay kutland\u0131\u011f\u0131 zaman ortaya \u00e7\u0131kabilir: Halk\u0131n ve y\u00f6neticilerinin ortak \u00e7abalar\u0131n\u0131n ve kahramanl\u0131\u011f\u0131n\u0131n meyvesi&#8230;\u201d diye vurgulad\u0131lar.<\/p><div id=\"bghab-295581453\" class=\"bghab-icerik-icine bghab-entity-placement\"><script async src=\"\/\/pagead2.googlesyndication.com\/pagead\/js\/adsbygoogle.js?client=ca-pub-6203283170189293\" crossorigin=\"anonymous\"><\/script><ins class=\"adsbygoogle\" style=\"display:block; text-align:center;\" data-ad-client=\"ca-pub-6203283170189293\" \ndata-ad-slot=\"7303146466\" \ndata-ad-layout=\"in-article\"\ndata-ad-format=\"fluid\" data-full-width-responsive=\"true\"><\/ins>\n<script> \n(adsbygoogle = window.adsbygoogle || []).push({}); \n<\/script>\n<\/div>\n<p>Kampanyan\u0131n organizat\u00f6rleri, \u201cHer \u015feyden \u00f6nce ulusal bir bayram, milleti b\u00f6lmek yerine birle\u015ftirmelidir. \u015eimdiki ulusal bayram, bizi birle\u015ftiriyor mu, yoksa toplumumuzda derin bir b\u00f6l\u00fcnme mi yaratmakta?\u201d diye soruyorlar.<\/p>\n<p>\u201cBulgaristan&#8217;\u0131n 1337 y\u0131ll\u0131k ge\u00e7mi\u015fi, \u00fclkemizin milli bayram\u0131na lay\u0131k g\u00f6rkemli tarihlerden yoksun mu?! Tamamen biz Bulgarlar taraf\u0131ndan yarat\u0131lan g\u00f6rkemleri tarihlerimiz yok mu?! &#8221; diye soru y\u00f6nelten organizat\u00f6rler, Bulgaristan\u2019\u0131n, yabanc\u0131 bir devlet taraf\u0131ndan i\u015fgal edildi\u011fi g\u00fcn\u00fc milli bayram olarak kutlayan d\u00fcnyada tek devlet oldu\u011fu belirtildi.<\/p>\n<p>&nbsp;<\/p>\n<p>K\u0131rcaali Haber<\/p>\n<div id=\"bghab-3431473908\" class=\"bghab-yazi-altinda bghab-entity-placement\"><div class=\"bghab-adlabel\">Reklamlar<\/div><script async src=\"https:\/\/pagead2.googlesyndication.com\/pagead\/js\/adsbygoogle.js\"><\/script>\r\n<!-- bghaber-yaz\u0131-sonu -->\r\n<ins class=\"adsbygoogle\"\r\n     style=\"display:block\"\r\n     data-ad-client=\"ca-pub-6203283170189293\"\r\n     data-ad-slot=\"4222328180\"\r\n     data-ad-format=\"auto\"\r\n     data-full-width-responsive=\"true\"><\/ins>\r\n<script>\r\n     (adsbygoogle = window.adsbygoogle || []).push({});\r\n<\/script><\/div><br style=\"clear: both; display: block; float: none;\"\/>","protected":false},"excerpt":{"rendered":"<p>Bulgarlar, milli bayram\u0131n yabanc\u0131 bir \u00fclkenin y\u00fcceltildi\u011fi bir g\u00fcne d\u00f6n\u00fc\u015ft\u00fcr\u00fclmesi ve milleti birle\u015ftirmek yerine b\u00f6lmesinden dolay\u0131 duyduklar\u0131 \u00f6fkenin ifadesi olarak milli bayram g\u00fcn\u00fcn\u00fc de\u011fi\u015ftirmek i\u00e7in<\/p>\n","protected":false},"author":29,"featured_media":13629,"comment_status":"closed","ping_status":"closed","sticky":false,"template":"","format":"standard","meta":{"advanced_seo_description":"","jetpack_seo_html_title":"","jetpack_seo_noindex":false,"_jetpack_memberships_contains_paid_content":false,"footnotes":""},"categories":[4],"tags":[],"class_list":["post-27962","post","type-post","status-publish","format-standard","has-post-thumbnail","hentry","category-siyaset"],"jetpack_featured_media_url":"https:\/\/i0.wp.com\/www.bghaber.org\/bghaber\/wp-content\/uploads\/2015\/02\/bayrak-bg.jpg?fit=400%2C400&ssl=1","jetpack_sharing_enabled":true,"jetpack_likes_enabled":true,"jetpack-related-posts":[],"jetpack_shortlink":"https:\/\/wp.me\/pc2PfJ-7h0","_links":{"self":[{"href":"https:\/\/www.bghaber.org\/bghaber\/wp-json\/wp\/v2\/posts\/27962","targetHints":{"allow":["GET"]}}],"collection":[{"href":"https:\/\/www.bghaber.org\/bghaber\/wp-json\/wp\/v2\/posts"}],"about":[{"href":"https:\/\/www.bghaber.org\/bghaber\/wp-json\/wp\/v2\/types\/post"}],"author":[{"embeddable":true,"href":"https:\/\/www.bghaber.org\/bghaber\/wp-json\/wp\/v2\/users\/29"}],"replies":[{"embeddable":true,"href":"https:\/\/www.bghaber.org\/bghaber\/wp-json\/wp\/v2\/comments?post=27962"}],"version-history":[{"count":0,"href":"https:\/\/www.bghaber.org\/bghaber\/wp-json\/wp\/v2\/posts\/27962\/revisions"}],"wp:featuredmedia":[{"embeddable":true,"href":"https:\/\/www.bghaber.org\/bghaber\/wp-json\/wp\/v2\/media\/13629"}],"wp:attachment":[{"href":"https:\/\/www.bghaber.org\/bghaber\/wp-json\/wp\/v2\/media?parent=27962"}],"wp:term":[{"taxonomy":"category","embeddable":true,"href":"https:\/\/www.bghaber.org\/bghaber\/wp-json\/wp\/v2\/categories?post=27962"},{"taxonomy":"post_tag","embeddable":true,"href":"https:\/\/www.bghaber.org\/bghaber\/wp-json\/wp\/v2\/tags?post=27962"}],"curies":[{"name":"wp","href":"https:\/\/api.w.org\/{rel}","templated":true}]}}