{"id":27959,"date":"2018-03-05T23:00:44","date_gmt":"2018-03-05T20:00:44","guid":{"rendered":"http:\/\/www.bghaber.org\/bghaber\/?p=27959"},"modified":"2019-07-06T20:57:29","modified_gmt":"2019-07-06T17:57:29","slug":"cernocene-cami-cemaatine-yangin-onlemleri-hakkinda-bilgi-verildi","status":"publish","type":"post","link":"https:\/\/www.bghaber.org\/bghaber\/cernocene-cami-cemaatine-yangin-onlemleri-hakkinda-bilgi-verildi\/","title":{"rendered":"\u00c7erno\u00e7ene cami cemaatine yang\u0131n \u00f6nlemleri hakk\u0131nda bilgi verildi"},"content":{"rendered":"<p>Yang\u0131n G\u00fcvenli\u011fi ve Sivil Savunma K\u0131rcaali B\u00f6lge M\u00fcd\u00fcrl\u00fc\u011f\u00fc g\u00f6revlileri, \u00c7ernoo\u00e7ene (Yenipazar) Merkez Camiinde k\u0131l\u0131nan Cuma namaz\u0131 sonras\u0131nda k\u0131\u015f\u0131n \u0131s\u0131tma sezonunda evlerde yang\u0131nlar\u0131n \u00f6nlenmesine y\u00f6nelik tedbirler hakk\u0131nda bilgi verdi. Yang\u0131n G\u00fcvenli\u011fi ve Sivil Savunma K\u0131rcaali B\u00f6lge M\u00fcd\u00fcr\u00fc Ba\u015fm\u00fcfetti\u015f \u0130van Stefanov, \u00fclkenin istatistiklerine g\u00f6re ge\u00e7en y\u0131llarda \u0131s\u0131tma sezonlar\u0131nda meydana gelen yang\u0131nlarda hayat\u0131n\u0131 kaybedenlerin ve yaralananlar\u0131n \u00e7o\u011funlukla ya\u015fl\u0131 insanlar oldu\u011funu kaydetti.<\/p>\n<p>Ba\u015fm\u00fcfetti\u015f Stefanov, \u201cCuma namaz\u0131 farkl\u0131 yerle\u015fim yerlerinden pek \u00e7ok insan\u0131 bir araya getiriyor. Onlar\u0131n bir b\u00f6l\u00fcm\u00fc bu potansiyel olarak riskli ya\u015f grubuna aittir ve b\u00f6ylece onlar\u0131n \u00e7o\u011funa ula\u015f\u0131yoruz\u201d diye ekledi.<\/p>\n<p>Ba\u015fm\u00fcfetti\u015f \u0130van Stefanov ve itfaiye g\u00f6revlisi olan G\u00fcnay Mehmet, m\u00fcminlere k\u0131\u015f\u0131n evlerde meydana gelen yang\u0131nlar\u0131n nedenlerini, yang\u0131n g\u00fcvenli\u011fi i\u00e7in temel kurallar\u0131, en yayg\u0131n hatalar\u0131 a\u00e7\u0131klad\u0131lar. \u0130tfaiyeciler, m\u00fcminlere gazl\u0131 \u0131s\u0131tma, yemek pi\u015firme sobalar\u0131 ve di\u011fer cihazlar\u0131n kullan\u0131m\u0131nda meydana gelen kaza durumlar\u0131nda mevcut ara\u00e7larla ilk \u00f6nlemler hakk\u0131nda bilgi verdiler.<\/p>\n<p>M\u00fcminler, gaz sobas\u0131 ile \u0131s\u0131t\u0131lan odalara mutlaka do\u011fal olarak havaland\u0131rma sa\u011flanmas\u0131 gerekti\u011fini \u00f6\u011frendiler. \u0130tfaiyeciler, ayr\u0131ca yo\u011fun olarak kullan\u0131lan LPG&#8217;nin nas\u0131l kullan\u0131lmas\u0131 gerekti\u011fini g\u00f6sterdi.<\/p>\n<p>&nbsp;<\/p><div id=\"bghab-1153682111\" class=\"bghab-icerik-icine bghab-entity-placement\"><script async src=\"\/\/pagead2.googlesyndication.com\/pagead\/js\/adsbygoogle.js?client=ca-pub-6203283170189293\" crossorigin=\"anonymous\"><\/script><ins class=\"adsbygoogle\" style=\"display:block; text-align:center;\" data-ad-client=\"ca-pub-6203283170189293\" \ndata-ad-slot=\"7303146466\" \ndata-ad-layout=\"in-article\"\ndata-ad-format=\"fluid\" data-full-width-responsive=\"true\"><\/ins>\n<script> \n(adsbygoogle = window.adsbygoogle || []).push({}); \n<\/script>\n<\/div>\n<p>\u0130smail \u0130smail, K\u0131rcaali Haber<\/p>\n<div id=\"bghab-3128308811\" class=\"bghab-yazi-altinda bghab-entity-placement\"><div class=\"bghab-adlabel\">Reklamlar<\/div><script async src=\"https:\/\/pagead2.googlesyndication.com\/pagead\/js\/adsbygoogle.js\"><\/script>\r\n<!-- bghaber-yaz\u0131-sonu -->\r\n<ins class=\"adsbygoogle\"\r\n     style=\"display:block\"\r\n     data-ad-client=\"ca-pub-6203283170189293\"\r\n     data-ad-slot=\"4222328180\"\r\n     data-ad-format=\"auto\"\r\n     data-full-width-responsive=\"true\"><\/ins>\r\n<script>\r\n     (adsbygoogle = window.adsbygoogle || []).push({});\r\n<\/script><\/div><br style=\"clear: both; display: block; float: none;\"\/>","protected":false},"excerpt":{"rendered":"<p>Yang\u0131n G\u00fcvenli\u011fi ve Sivil Savunma K\u0131rcaali B\u00f6lge M\u00fcd\u00fcrl\u00fc\u011f\u00fc g\u00f6revlileri, \u00c7ernoo\u00e7ene (Yenipazar) Merkez Camiinde k\u0131l\u0131nan Cuma namaz\u0131 sonras\u0131nda k\u0131\u015f\u0131n \u0131s\u0131tma sezonunda evlerde yang\u0131nlar\u0131n \u00f6nlenmesine y\u00f6nelik tedbirler<\/p>\n","protected":false},"author":29,"featured_media":27960,"comment_status":"closed","ping_status":"closed","sticky":false,"template":"","format":"standard","meta":{"advanced_seo_description":"","jetpack_seo_html_title":"","jetpack_seo_noindex":false,"_jetpack_memberships_contains_paid_content":false,"footnotes":""},"categories":[10],"tags":[],"class_list":["post-27959","post","type-post","status-publish","format-standard","has-post-thumbnail","hentry","category-kultur-sanat"],"jetpack_featured_media_url":"https:\/\/i0.wp.com\/www.bghaber.org\/bghaber\/wp-content\/uploads\/2018\/03\/cernoocene-cami-yangin-bilgisi.jpg?fit=631%2C551&ssl=1","jetpack_sharing_enabled":true,"jetpack_likes_enabled":true,"jetpack-related-posts":[],"jetpack_shortlink":"https:\/\/wp.me\/pc2PfJ-7gX","_links":{"self":[{"href":"https:\/\/www.bghaber.org\/bghaber\/wp-json\/wp\/v2\/posts\/27959","targetHints":{"allow":["GET"]}}],"collection":[{"href":"https:\/\/www.bghaber.org\/bghaber\/wp-json\/wp\/v2\/posts"}],"about":[{"href":"https:\/\/www.bghaber.org\/bghaber\/wp-json\/wp\/v2\/types\/post"}],"author":[{"embeddable":true,"href":"https:\/\/www.bghaber.org\/bghaber\/wp-json\/wp\/v2\/users\/29"}],"replies":[{"embeddable":true,"href":"https:\/\/www.bghaber.org\/bghaber\/wp-json\/wp\/v2\/comments?post=27959"}],"version-history":[{"count":0,"href":"https:\/\/www.bghaber.org\/bghaber\/wp-json\/wp\/v2\/posts\/27959\/revisions"}],"wp:featuredmedia":[{"embeddable":true,"href":"https:\/\/www.bghaber.org\/bghaber\/wp-json\/wp\/v2\/media\/27960"}],"wp:attachment":[{"href":"https:\/\/www.bghaber.org\/bghaber\/wp-json\/wp\/v2\/media?parent=27959"}],"wp:term":[{"taxonomy":"category","embeddable":true,"href":"https:\/\/www.bghaber.org\/bghaber\/wp-json\/wp\/v2\/categories?post=27959"},{"taxonomy":"post_tag","embeddable":true,"href":"https:\/\/www.bghaber.org\/bghaber\/wp-json\/wp\/v2\/tags?post=27959"}],"curies":[{"name":"wp","href":"https:\/\/api.w.org\/{rel}","templated":true}]}}