{"id":27956,"date":"2018-03-05T22:00:28","date_gmt":"2018-03-05T19:00:28","guid":{"rendered":"http:\/\/www.bghaber.org\/bghaber\/?p=27956"},"modified":"2019-07-06T20:57:29","modified_gmt":"2019-07-06T17:57:29","slug":"edirne-balkan-turkleri-federasyonunun-6-genel-kurulu-duzenlendi","status":"publish","type":"post","link":"https:\/\/www.bghaber.org\/bghaber\/edirne-balkan-turkleri-federasyonunun-6-genel-kurulu-duzenlendi\/","title":{"rendered":"Edirne Balkan T\u00fcrkleri Federasyonu\u2019nun 6. Genel Kurulu D\u00fczenlendi"},"content":{"rendered":"<p>2003 y\u0131l\u0131nda kurulan Edirne Balkan T\u00fcrkleri Federasyonu\u2019nun 6. Genel Kurulu, 04 Mart 2018 tarihinde Edirne Devecihan K\u00fclt\u00fcr Merkezi\u2019nde yap\u0131ld\u0131. Kat\u0131l\u0131m\u0131n olduk\u00e7a y\u00fcksek oldu\u011fu Genel kurula; Dost Partisi Genel Ba\u015fkan Yard\u0131mc\u0131s\u0131 Mehmet HOCA, Balkan Rumeli T\u00fcrkleri Konfederasyonu Ba\u015fkan\u0131 Z\u00fcrfeddin HACIO\u011eLU, Trakya \u00dcniversitesi Balkan Ara\u015ft\u0131rma Enstit\u00fcs\u00fc kurucusu Prof. Dr. Ahmet G\u00dcN\u015eEN, Edirne \u0130l Milli e\u011fitim M\u00fcd\u00fcr\u00fc Hakan C\u0130R\u0130T, Akdeniz Balkan T\u00fcrkleri Federasyonu Ba\u015fkan\u0131 M\u00fckremin DUYGUN, Dost Partisi Pazarc\u0131k \u0130l Koordinat\u00f6r\u00fc Naim SADIK ve delegelerin kat\u0131l\u0131m\u0131 ile ger\u00e7ekle\u015fti.<\/p>\n<p>G\u00fcndem maddelerine g\u00f6re ger\u00e7ekle\u015fen Genel Kurulu y\u00f6netmek \u00fczere Balkan Rumeli T\u00fcrkleri Konfederasyonu Genel Sekreteri Sabri MUTLU, Y\u00fcksel MERT, Besim BONCUK se\u00e7ildi.<\/p>\n<p>Ulu \u00f6nder Atat\u00fcrk ve silah arkada\u015flar\u0131, \u00fclkemiz u\u011fruna canlar\u0131n\u0131 veren \u015fehitlerimiz ve Afrin \u015fehitleri i\u00e7in bir dakikal\u0131k sayg\u0131 duru\u015fu ve \u0130stiklal Mar\u015f\u0131n\u0131n okunmas\u0131 ile devam edildi.<\/p>\n<p>Edirne Balkan T\u00fcrkleri Federasyonu Ba\u015fkan\u0131 Nedim D\u00d6NMEZ \u00fc\u00e7 y\u0131ll\u0131k s\u00fcre i\u00e7inde \u00e7al\u0131\u015fmalar\u0131ndaki katk\u0131lar\u0131ndan dolay\u0131 Y\u00f6netim ve Denetleme Kurullar\u0131nda g\u00f6rev alan arkada\u015flara te\u015fekk\u00fcr etti. Yap\u0131lan di\u011fer konu\u015fmalarda; T\u00fcrkiye\u2019nin ge\u00e7ti\u011fi zor s\u00fcre\u00e7ten bir an \u00f6nce kurtulabilmesi i\u00e7in birlikten, birlikte hareket etmekten bahsedildi. \u00d6zellikle ulusal ve uluslararas\u0131 ili\u015fkileri sivil toplum kurulu\u015flar\u0131n\u0131n belirledi\u011fi \u00fczerinde duruldu. T\u00fcm konu\u015fmalarda T\u00fcrkiye Cumhuriyetinin temel ta\u015f\u0131 olan Balkan G\u00f6\u00e7menleri, T\u00fcrkiye\u2019nin i\u00e7 ve d\u0131\u015f mihraklara kar\u015f\u0131 m\u00fccadelesinde her zaman destek\u00e7isi olaca\u011f\u0131 vurgusu yap\u0131ld\u0131. Ayr\u0131ca bu \u00fclkeye kasteden d\u00fc\u015fmanlara kar\u015f\u0131 gerekirse aynen Afrin operasyonunda oldu\u011fu gibi t\u00fcm s\u0131n\u0131r \u00f6tesi operasyonlara destek mesajlar\u0131 verildi.<\/p>\n<p>2015-2018 y\u0131llar\u0131 aras\u0131nda Y\u00f6netim Kurulu ve denetleme kurulu raporlar\u0131 okundu.<\/p><div id=\"bghab-3573802076\" class=\"bghab-icerik-icine bghab-entity-placement\"><script async src=\"\/\/pagead2.googlesyndication.com\/pagead\/js\/adsbygoogle.js?client=ca-pub-6203283170189293\" crossorigin=\"anonymous\"><\/script><ins class=\"adsbygoogle\" style=\"display:block; text-align:center;\" data-ad-client=\"ca-pub-6203283170189293\" \ndata-ad-slot=\"7303146466\" \ndata-ad-layout=\"in-article\"\ndata-ad-format=\"fluid\" data-full-width-responsive=\"true\"><\/ins>\n<script> \n(adsbygoogle = window.adsbygoogle || []).push({}); \n<\/script>\n<\/div>\n<p>Yap\u0131lan se\u00e7imlerde Edirne Balkan T\u00fcrkleri Federasyonu Y\u00f6netim Kuruluna a\u015fa\u011f\u0131daki liste se\u00e7ildi;<\/p>\n<p>1. Erhan PEKKAN<br \/>\n2. Cengiz DANE<br \/>\n3. Semih TABAK\u00d6Z<br \/>\n4. Erol ATE\u015e<br \/>\n5. Veli \u00d6NER<br \/>\n6. Cevat G\u00dcNE\u015e<br \/>\n7. Erol ULU<br \/>\n8. Nedim D\u00d6NMEZ<br \/>\n9. M\u00fcm\u00fcm GEN\u00c7O\u011eLU<br \/>\n10. Fatma \u00d6ZCAN<br \/>\n11. Hikmet \u00c7AVU\u015eO\u011eLU<br \/>\n12. Ali HACIO\u011eLU<br \/>\n13. At\u0131f MUTLU<br \/>\n14. \u0130smail KOCAK\u00d6SE<br \/>\n15. Din\u00e7er BA\u015eARAN<\/p>\n<p>Denetim Kurulu \u00dcyeliklerine se\u00e7ilenler;<br \/>\n1. Cevat SEDES<br \/>\n2. Bircan G\u00dcNG\u00d6R<br \/>\n3. Sevda TANDO\u011eAN<\/p>\n<p>Erhan PEKKAN taraf\u0131ndan kat\u0131l\u0131mc\u0131lara g\u00fcvenlerinden dolay\u0131 te\u015fekk\u00fcr konu\u015fmas\u0131 ile Genel Kurul toplant\u0131s\u0131 sona erdi.<\/p>\n<p>&nbsp;<\/p><div id=\"bghab-3111986847\" class=\"bghab-icerik-icine-10-paragraf bghab-entity-placement\"><script async src=\"\/\/pagead2.googlesyndication.com\/pagead\/js\/adsbygoogle.js?client=ca-pub-6203283170189293\" crossorigin=\"anonymous\"><\/script><ins class=\"adsbygoogle\" style=\"display:block; text-align:center;\" data-ad-client=\"ca-pub-6203283170189293\" \ndata-ad-slot=\"7303146466\" \ndata-ad-layout=\"in-article\"\ndata-ad-format=\"fluid\" data-full-width-responsive=\"true\"><\/ins>\n<script> \n(adsbygoogle = window.adsbygoogle || []).push({}); \n<\/script>\n<\/div>\n<p>K\u0131rcaali Haber<\/p>\n<div id=\"bghab-1015838626\" class=\"bghab-yazi-altinda bghab-entity-placement\"><div class=\"bghab-adlabel\">Reklamlar<\/div><script async src=\"https:\/\/pagead2.googlesyndication.com\/pagead\/js\/adsbygoogle.js\"><\/script>\r\n<!-- bghaber-yaz\u0131-sonu -->\r\n<ins class=\"adsbygoogle\"\r\n     style=\"display:block\"\r\n     data-ad-client=\"ca-pub-6203283170189293\"\r\n     data-ad-slot=\"4222328180\"\r\n     data-ad-format=\"auto\"\r\n     data-full-width-responsive=\"true\"><\/ins>\r\n<script>\r\n     (adsbygoogle = window.adsbygoogle || []).push({});\r\n<\/script><\/div><br style=\"clear: both; display: block; float: none;\"\/>","protected":false},"excerpt":{"rendered":"<p>2003 y\u0131l\u0131nda kurulan Edirne Balkan T\u00fcrkleri Federasyonu\u2019nun 6. Genel Kurulu, 04 Mart 2018 tarihinde Edirne Devecihan K\u00fclt\u00fcr Merkezi\u2019nde yap\u0131ld\u0131. Kat\u0131l\u0131m\u0131n olduk\u00e7a y\u00fcksek oldu\u011fu Genel kurula;<\/p>\n","protected":false},"author":29,"featured_media":27957,"comment_status":"closed","ping_status":"closed","sticky":false,"template":"","format":"standard","meta":{"advanced_seo_description":"","jetpack_seo_html_title":"","jetpack_seo_noindex":false,"_jetpack_memberships_contains_paid_content":false,"footnotes":""},"categories":[1,4],"tags":[],"class_list":["post-27956","post","type-post","status-publish","format-standard","has-post-thumbnail","hentry","category-haberler","category-siyaset"],"jetpack_featured_media_url":"https:\/\/i0.wp.com\/www.bghaber.org\/bghaber\/wp-content\/uploads\/2018\/03\/edirne-balkan-turkleri-federasyonu-6-genel-kurul.jpg?fit=1024%2C768&ssl=1","jetpack_sharing_enabled":true,"jetpack_likes_enabled":true,"jetpack-related-posts":[],"jetpack_shortlink":"https:\/\/wp.me\/pc2PfJ-7gU","_links":{"self":[{"href":"https:\/\/www.bghaber.org\/bghaber\/wp-json\/wp\/v2\/posts\/27956","targetHints":{"allow":["GET"]}}],"collection":[{"href":"https:\/\/www.bghaber.org\/bghaber\/wp-json\/wp\/v2\/posts"}],"about":[{"href":"https:\/\/www.bghaber.org\/bghaber\/wp-json\/wp\/v2\/types\/post"}],"author":[{"embeddable":true,"href":"https:\/\/www.bghaber.org\/bghaber\/wp-json\/wp\/v2\/users\/29"}],"replies":[{"embeddable":true,"href":"https:\/\/www.bghaber.org\/bghaber\/wp-json\/wp\/v2\/comments?post=27956"}],"version-history":[{"count":0,"href":"https:\/\/www.bghaber.org\/bghaber\/wp-json\/wp\/v2\/posts\/27956\/revisions"}],"wp:featuredmedia":[{"embeddable":true,"href":"https:\/\/www.bghaber.org\/bghaber\/wp-json\/wp\/v2\/media\/27957"}],"wp:attachment":[{"href":"https:\/\/www.bghaber.org\/bghaber\/wp-json\/wp\/v2\/media?parent=27956"}],"wp:term":[{"taxonomy":"category","embeddable":true,"href":"https:\/\/www.bghaber.org\/bghaber\/wp-json\/wp\/v2\/categories?post=27956"},{"taxonomy":"post_tag","embeddable":true,"href":"https:\/\/www.bghaber.org\/bghaber\/wp-json\/wp\/v2\/tags?post=27956"}],"curies":[{"name":"wp","href":"https:\/\/api.w.org\/{rel}","templated":true}]}}