{"id":27953,"date":"2018-03-05T21:25:38","date_gmt":"2018-03-05T18:25:38","guid":{"rendered":"http:\/\/www.bghaber.org\/bghaber\/?p=27953"},"modified":"2019-07-06T20:57:29","modified_gmt":"2019-07-06T17:57:29","slug":"esin-salimin-narin-damga-adli-sergisi-acilacak","status":"publish","type":"post","link":"https:\/\/www.bghaber.org\/bghaber\/esin-salimin-narin-damga-adli-sergisi-acilacak\/","title":{"rendered":"Esin Salim\u2019in \u201cNarin Damga\u201d adl\u0131 sergisi a\u00e7\u0131lacak"},"content":{"rendered":"<p>Esin Salim, 1990 y\u0131l\u0131nda K\u0131rcaali\u2019de do\u011fdu, \u00e7ocuklu\u011fu Perperek (Ya\u011f\u0131\u015flar) k\u00f6y\u00fcnde ge\u00e7ti. K\u0131rcaali Vladimir Dimitrov-Maistora Lisesinde g\u00fczel sanatlar b\u00f6l\u00fcm\u00fcnden mezun olan gen\u00e7 yetenek, Cimi lakab\u0131yla bilinen \u00fcnl\u00fc K\u0131rcaalili ressam Cemal Emurlov&#8217;un \u00f6\u011frencisidir. Esin, Veliko Tarnovo \u00dcniversitesi G\u00fczel Sanatlar Fak\u00fcltesi Duvar Resmi B\u00f6l\u00fcm\u00fc\u2019nden mezun olduktan sonra ayn\u0131 \u00fcniversitede 2014\u2019te Restorasyon ve Konservasyon Y\u00fcksek Lisans Program\u0131\u2019n\u0131 bitirdi. Gen\u00e7 ressam, bir Erasmus \u00f6\u011frencisi olarak \u0130stanbul Marmara \u00dcniversitesi G\u00fczel Sanatlar Fak\u00fcltesi\u2019nde bir d\u00f6nem uzmanl\u0131k e\u011fitimi g\u00f6rd\u00fc ve orada vitray tekniklerinden Tiffany vitray ve f\u00fczyon tekni\u011fini benimsedi.<\/p>\n<p>Zlataritsa \u015fehrindeki Aziz Nicholas Mirlikiyski Kilisesinde bulunan ikonlar\u0131n restorasyonu \u00fczerinde \u00e7al\u0131\u015fan Esin, ayr\u0131ca Veliko T\u0131rnovo Camiinde bir cam vitray projesi olan \u201cArabesk\u201d projesi kapsam\u0131nda \u00e7al\u0131\u015fmalar yapt\u0131. Gen\u00e7 sanat\u00e7\u0131, \u015fu anda \u0130slam sanat\u0131nda kullan\u0131lan arabesk desenlerin tarihi ve \u00e7a\u011fda\u015f uygulamalar\u0131 konusunda bir diploma tezi haz\u0131rlamaktad\u0131r. Ritmik olarak tekrarlanan dekoratif motiflerden olu\u015fan arabesk desenler camilerin i\u00e7 s\u00fcslenmelerinde kullan\u0131l\u0131r.<\/p>\n<p>KRIG Sanat Galerisi\u2019nde 50 eserine yer verilen ilk sergisini haz\u0131rlayan Esin, \u201cOrta\u00e7a\u011f Do\u011fu s\u00fcsleme sanat\u0131, duvar, hal\u0131, kitap kapa\u011f\u0131 veya seramik \u00fczerine kompozisyon imkan\u0131 sunmas\u0131 \u00e7a\u011fda\u015f sanat kar\u015f\u0131s\u0131nda bir tahriktir\u201d dedi.<\/p>\n<p>Bu sergiyle KRIG sanat Hareketi, gen\u00e7 sanat\u00e7\u0131n\u0131n \u00e7e\u015fitli yeteneklerini tan\u0131t\u0131yor-vitray, kolajlar, kar\u0131\u015f\u0131k teknik, resimli cam, sicim, suluboya, kalem ve ebru ile yap\u0131lm\u0131\u015f fig\u00fcratif kompozisyonlar, \u00e7i\u00e7ek ve geometrik kompozisyonlardan olu\u015fan arabesk desenler, p\u0131r\u0131lt\u0131l\u0131 oryantal s\u00fcsl\u00fc \u00e7iniler, birka\u00e7 bin yap\u0131\u015f\u0131k ve dizili incinin kullan\u0131ld\u0131\u011f\u0131 pigman, yay\u00e7izer, cam, grafik s\u00fcsl\u00fc tencere, vazolar ve \u015farap \u015fi\u015feleri.<\/p>\n<p>\u0130ki y\u0131ld\u0131r Esin Salim, Bel\u00e7ika\u2019n\u0131n Antwerpen kentinde ya\u015f\u0131yor ve orada akademik kariyerine ilk ad\u0131m\u0131 atmaya haz\u0131rlan\u0131yor.<\/p><div id=\"bghab-1510992803\" class=\"bghab-icerik-icine bghab-entity-placement\"><script async src=\"\/\/pagead2.googlesyndication.com\/pagead\/js\/adsbygoogle.js?client=ca-pub-6203283170189293\" crossorigin=\"anonymous\"><\/script><ins class=\"adsbygoogle\" style=\"display:block; text-align:center;\" data-ad-client=\"ca-pub-6203283170189293\" \ndata-ad-slot=\"7303146466\" \ndata-ad-layout=\"in-article\"\ndata-ad-format=\"fluid\" data-full-width-responsive=\"true\"><\/ins>\n<script> \n(adsbygoogle = window.adsbygoogle || []).push({}); \n<\/script>\n<\/div>\n<p>8 Mart 2018 tarihinde KRIG Sanat Galerisi\u2019nde saat 18.00\u2019de Esin Salim\u2019in \u201cNarin Damga\u201d ba\u015fl\u0131\u011f\u0131n\u0131 ta\u015f\u0131yan ilk sergisinin a\u00e7\u0131l\u0131\u015f\u0131 yap\u0131lacak.<\/p>\n<p>&nbsp;<\/p>\n<p>K\u0131rcaali Haber<\/p>\n<div id=\"bghab-1267282877\" class=\"bghab-yazi-altinda bghab-entity-placement\"><div class=\"bghab-adlabel\">Reklamlar<\/div><script async src=\"https:\/\/pagead2.googlesyndication.com\/pagead\/js\/adsbygoogle.js\"><\/script>\r\n<!-- bghaber-yaz\u0131-sonu -->\r\n<ins class=\"adsbygoogle\"\r\n     style=\"display:block\"\r\n     data-ad-client=\"ca-pub-6203283170189293\"\r\n     data-ad-slot=\"4222328180\"\r\n     data-ad-format=\"auto\"\r\n     data-full-width-responsive=\"true\"><\/ins>\r\n<script>\r\n     (adsbygoogle = window.adsbygoogle || []).push({});\r\n<\/script><\/div><br style=\"clear: both; display: block; float: none;\"\/>","protected":false},"excerpt":{"rendered":"<p>Esin Salim, 1990 y\u0131l\u0131nda K\u0131rcaali\u2019de do\u011fdu, \u00e7ocuklu\u011fu Perperek (Ya\u011f\u0131\u015flar) k\u00f6y\u00fcnde ge\u00e7ti. K\u0131rcaali Vladimir Dimitrov-Maistora Lisesinde g\u00fczel sanatlar b\u00f6l\u00fcm\u00fcnden mezun olan gen\u00e7 yetenek, Cimi lakab\u0131yla bilinen<\/p>\n","protected":false},"author":29,"featured_media":27954,"comment_status":"closed","ping_status":"closed","sticky":false,"template":"","format":"standard","meta":{"advanced_seo_description":"","jetpack_seo_html_title":"","jetpack_seo_noindex":false,"_jetpack_memberships_contains_paid_content":false,"footnotes":""},"categories":[1,10],"tags":[],"class_list":["post-27953","post","type-post","status-publish","format-standard","has-post-thumbnail","hentry","category-haberler","category-kultur-sanat"],"jetpack_featured_media_url":"https:\/\/i0.wp.com\/www.bghaber.org\/bghaber\/wp-content\/uploads\/2018\/03\/Esin-Salim-Narin-Damga-k%C4%B1rcaali.jpg?fit=500%2C316&ssl=1","jetpack_sharing_enabled":true,"jetpack_likes_enabled":true,"jetpack-related-posts":[],"jetpack_shortlink":"https:\/\/wp.me\/pc2PfJ-7gR","_links":{"self":[{"href":"https:\/\/www.bghaber.org\/bghaber\/wp-json\/wp\/v2\/posts\/27953","targetHints":{"allow":["GET"]}}],"collection":[{"href":"https:\/\/www.bghaber.org\/bghaber\/wp-json\/wp\/v2\/posts"}],"about":[{"href":"https:\/\/www.bghaber.org\/bghaber\/wp-json\/wp\/v2\/types\/post"}],"author":[{"embeddable":true,"href":"https:\/\/www.bghaber.org\/bghaber\/wp-json\/wp\/v2\/users\/29"}],"replies":[{"embeddable":true,"href":"https:\/\/www.bghaber.org\/bghaber\/wp-json\/wp\/v2\/comments?post=27953"}],"version-history":[{"count":0,"href":"https:\/\/www.bghaber.org\/bghaber\/wp-json\/wp\/v2\/posts\/27953\/revisions"}],"wp:featuredmedia":[{"embeddable":true,"href":"https:\/\/www.bghaber.org\/bghaber\/wp-json\/wp\/v2\/media\/27954"}],"wp:attachment":[{"href":"https:\/\/www.bghaber.org\/bghaber\/wp-json\/wp\/v2\/media?parent=27953"}],"wp:term":[{"taxonomy":"category","embeddable":true,"href":"https:\/\/www.bghaber.org\/bghaber\/wp-json\/wp\/v2\/categories?post=27953"},{"taxonomy":"post_tag","embeddable":true,"href":"https:\/\/www.bghaber.org\/bghaber\/wp-json\/wp\/v2\/tags?post=27953"}],"curies":[{"name":"wp","href":"https:\/\/api.w.org\/{rel}","templated":true}]}}