{"id":27943,"date":"2018-03-05T20:29:22","date_gmt":"2018-03-05T17:29:22","guid":{"rendered":"http:\/\/www.bghaber.org\/bghaber\/?p=27943"},"modified":"2018-03-06T00:00:09","modified_gmt":"2018-03-05T21:00:09","slug":"bulgaristanda-3-mart-milli-bayraminda-gerginlik-yasandi","status":"publish","type":"post","link":"https:\/\/www.bghaber.org\/bghaber\/bulgaristanda-3-mart-milli-bayraminda-gerginlik-yasandi\/","title":{"rendered":"Bulgaristan\u2019da 3 Mart Milli Bayram\u0131nda neden gerginlik ya\u015fand\u0131?"},"content":{"rendered":"<p><em>TV\u20135 programa telefonla kat\u0131l\u0131m:\u00a0<\/em><\/p>\n<p><strong>Konu:<\/strong><em><strong> Bulgaristan\u2019da 3 Mart Milli Bayram\u0131nda neden gerginlik ya\u015fand\u0131?<\/strong><\/em><\/p>\n<p>Bilindi\u011fi \u00fczere, 3 Mart 1878\u2019de \u0130stanbul kenar\u0131nda Ayastefanos\u2019ta, Bulgaristan\u2019da San Stefano, T\u00fcrkiye\u2019de bug\u00fcnk\u00fc Ye\u015fil K\u00f6yde, Osmanl\u0131 Devleti ile Rusya \u00c7arl\u0131\u011f\u0131 aras\u0131nda bir <strong>Bar\u0131\u015f Anla\u015fmas\u0131<\/strong> imzalanm\u0131\u015ft\u0131r. Ben, bu protokole \u201c<strong>An(t)la\u015fma<\/strong>\u201d d(iy)emiyorum, \u00e7\u00fcnk\u00fc hi\u00e7bir mecliste onaylanmam\u0131\u015ft\u0131r ve 3 ay s\u00fcrm\u00fc\u015ft\u00fcr.<\/p>\n<p><img data-recalc-dims=\"1\" loading=\"lazy\" decoding=\"async\" class=\"aligncenter\" src=\"https:\/\/i0.wp.com\/www.bghaber.org\/bghaber\/wp-content\/uploads\/2018\/03\/2TV-5.jpg?resize=396%2C205\" width=\"396\" height=\"205\" \/><\/p>\n<p><strong>Ge\u00e7ici nitelikli bir \u00f6n protokol \u015feklinde haz\u0131rlanm\u0131\u015ft\u0131r. <\/strong><\/p>\n<p>\u00d6mr\u00fc de Temmuz 1878\u2019de, ba\u015flayan Berlin Konferans\u0131na kadar (yani sadece 3 ay s\u00fcrd\u00fc\u011f\u00fcnden), ba\u011flay\u0131c\u0131 taraf\u0131 da olmad\u0131\u011f\u0131ndan, ge\u00e7ici bir ate\u015fkes protokol\u00fc niteli\u011finde oldu\u011funa i\u015faret etmek isteriz.<\/p><div id=\"bghab-743664238\" class=\"bghab-icerik-icine bghab-entity-placement\"><script async src=\"\/\/pagead2.googlesyndication.com\/pagead\/js\/adsbygoogle.js?client=ca-pub-6203283170189293\" crossorigin=\"anonymous\"><\/script><ins class=\"adsbygoogle\" style=\"display:block; text-align:center;\" data-ad-client=\"ca-pub-6203283170189293\" \ndata-ad-slot=\"7303146466\" \ndata-ad-layout=\"in-article\"\ndata-ad-format=\"fluid\" data-full-width-responsive=\"true\"><\/ins>\n<script> \n(adsbygoogle = window.adsbygoogle || []).push({}); \n<\/script>\n<\/div>\n<p>Art\u0131k 28 y\u0131ldan g\u00fcn\u00fcm\u00fcze kadar bu metninde \u201c<strong>Bulgar<\/strong>\u201d, \u201c<strong>Bulgarista<\/strong>n\u201d ve \u201c<strong>Bulgar devleti<\/strong>\u201d ad\u0131 ge\u00e7meyen bir protokol oldu\u011funu herkes \u00f6\u011frenmi\u015ftir. \u201c<strong>Balkan B\u00f6lgesinden<\/strong>\u201d s\u00f6z edilen, bu PROTOKOL, Bulgar halk\u0131na ba\u011f\u0131ms\u0131zl\u0131k, egemenlik, h\u00fcrriyet ve birle\u015fme de getirmedi\u011finden dolay\u0131 sert tart\u0131\u015fmalar ba\u015flatm\u0131\u015ft\u0131r.<\/p>\n<p><img data-recalc-dims=\"1\" loading=\"lazy\" decoding=\"async\" class=\"aligncenter\" src=\"https:\/\/i0.wp.com\/www.bghaber.org\/bghaber\/wp-content\/uploads\/2018\/03\/1TV-5.jpg?resize=408%2C205\" width=\"408\" height=\"205\" \/><\/p>\n<p><strong>Ayr\u0131ca \u015fu da var tabi ki, 1878\u2019den sonra 112 y\u0131l Bulgaristan\u2019da 3 Mart Milli Bayram olarak kutlan\u0131lmam\u0131\u015ft\u0131r. Neden?<\/strong><\/p>\n<p><strong>1944 ile 1990 y\u0131llar\u0131 aras\u0131nda Bulgaristan\u2019da 9 Eyl\u00fcl 1944\u2019te Bulgaristan\u2019\u0131n K\u0131z\u0131l Ordu-Rus esaretine d\u00fc\u015ft\u00fc\u011f\u00fc g\u00fcn, Milli Bayram olmu\u015ftur ve 46 y\u0131l bu b\u00f6yle devam etti.<\/strong><\/p>\n<p>1990 y\u0131l\u0131nda Kom\u00fcnistler art\u0131k bitecek derken kabul edilen, 4.Bulgaristan Cumhuriyeti Anayasas\u0131\u2019nda, Kom\u00fcnistler 3 Mart tarihini yine Milli Bayram olarak Anayasaya koydurabildiler.<\/p>\n<p>Bu, 46 y\u0131l b\u00f6yle devam etti fakat yok olurken bile 1990\u2019da yine bu ayr\u0131mc\u0131l\u0131\u011f\u0131 bu nifak tohumunu ekmi\u015flerdi. G\u00f6bekten Moskova\u2019ya ba\u011fl\u0131 olan Bulgar Kom\u00fcnistleri, 1990\u2019da parti olarak tarihe kar\u0131\u015f\u0131rken, 3 Mart 1878\u2019de Ayastefanos, Bulgaristan\u2019da <strong>\u201cSan Stefano S\u00f6zle\u015fmesi\u201d<\/strong> olarak ge\u00e7en, <em><strong>3 Mart\u2019\u0131 M\u0130LL\u0130 BAYRAM olarak yine dayatt\u0131lar.<\/strong> <\/em>Bu g\u00fcnleri daha o zamanlar g\u00f6rm\u00fc\u015flerdi onlar\u0131n amac\u0131 birlik de\u011fil b\u00f6l\u00fcc\u00fcl\u00fck oldu\u011funu b\u00f6ylece kan\u0131tlam\u0131\u015flard\u0131r.<\/p><div id=\"bghab-199073967\" class=\"bghab-icerik-icine-10-paragraf bghab-entity-placement\"><script async src=\"\/\/pagead2.googlesyndication.com\/pagead\/js\/adsbygoogle.js?client=ca-pub-6203283170189293\" crossorigin=\"anonymous\"><\/script><ins class=\"adsbygoogle\" style=\"display:block; text-align:center;\" data-ad-client=\"ca-pub-6203283170189293\" \ndata-ad-slot=\"7303146466\" \ndata-ad-layout=\"in-article\"\ndata-ad-format=\"fluid\" data-full-width-responsive=\"true\"><\/ins>\n<script> \n(adsbygoogle = window.adsbygoogle || []).push({}); \n<\/script>\n<\/div>\n<p>O g\u00fcn bu g\u00fcn, Rusya\u2019y\u0131 sevenler ve Rusya\u2019y\u0131 sevmeyenler (yani Rusofiller ve Rusofoblar) aras\u0131ndaki kavgal\u0131 tart\u0131\u015fma \u201c<strong>Kurtulu\u015f<\/strong>\u201d, \u201c<strong>kurtar\u0131c\u0131<\/strong>\u201d \u2013 <strong>ba\u011f\u0131ms\u0131zl\u0131k, \u00f6zg\u00fcrl\u00fck ve birlik<\/strong> gibi kavramlar \u00fczerinde derinle\u015fti. Bir defa, Bulgaristan\u2019\u0131n 3 Mart\u2019ta kurtulmad\u0131\u011f\u0131n\u0131, i\u015fgal edildi\u011fini, \u00f6zg\u00fcrl\u00fc\u011f\u00fcne kavu\u015fmad\u0131\u011f\u0131n\u0131 ve hatta k\u00f6le durumuna d\u00fc\u015f\u00fcr\u00fcld\u00fc\u011f\u00fcn\u00fc iddia edenler art\u0131k Bulgaristan\u2019da da artmaya ba\u015flad\u0131lar.<\/p>\n<p><img data-recalc-dims=\"1\" loading=\"lazy\" decoding=\"async\" class=\"aligncenter\" src=\"https:\/\/i0.wp.com\/www.bghaber.org\/bghaber\/wp-content\/uploads\/2018\/03\/5TV-5.jpg?resize=454%2C236\" width=\"454\" height=\"236\" \/><\/p>\n<p>\u015eu da var tabi ki, tarih\u00e7ilerimizin bahsetmedi\u011fi en \u00f6nemli olay ise 3 Mart Rus \u00c7ar\u0131 II. Aleksand\u0131r\u2019\u0131n do\u011fum g\u00fcn\u00fcd\u00fcr. Yani k\u0131saca, <strong>\u201cYabanc\u0131 bir \u0130mparatorun do\u011fum g\u00fcn\u00fcn\u00fc Milli Bayram olarak kutlamalar\u0131 istenmi\u015ftir\u201d<\/strong> Buna da Bulgar halk\u0131 \u00f6\u011frendi ve kar\u015f\u0131 koymaya ve toplumu uyand\u0131rmaya ba\u015flam\u0131\u015flard\u0131r. Hat\u0131rlanaca\u011f\u0131 \u00fczere II.Aleksand\u0131r 19. y\u00fczy\u0131l\u0131n ortalar\u0131nda Rusya\u2019da toprak reformu yaparak <strong>kimliksiz k\u00f6yl\u00fcleri<\/strong> k\u00f6lelikten kurtaran biri oldu\u011fundan, Rus halk\u0131 ona \u201c<strong>kurtar\u0131c\u0131 \u00c7ar<\/strong>\u201d demi\u015ftir.<\/p>\n<p>Fakat Rusofil Bulgarlar, <strong>\u201ckurtar\u0131c\u0131\u201d<\/strong> s\u00f6z\u00fcn\u00fc oradan al\u0131p Bulgar ortam\u0131na a\u015f\u0131lam\u0131\u015flar, ana caddelere <strong>\u201cKurtar\u0131c\u0131 \u00c7ar\u201d<\/strong> ad\u0131 verilmi\u015ftir, At \u00fcst\u00fcnde b\u00fcy\u00fck b\u00fcy\u00fck \u00c7ar An\u0131tlar\u0131 dikilmi\u015f ve bu da tepki alm\u0131\u015f ve almaya devam ediyor. Bu olaylar\u0131n Bulgaristan\u0131n egemenli\u011fine g\u00f6lge d\u00fc\u015f\u00fcrd\u00fc\u011f\u00fc g\u00f6r\u00fc\u015f\u00fc yayg\u0131nd\u0131r. Bu g\u00fcn Meclis kar\u015f\u0131s\u0131nda at \u00fczerinde olan an\u0131t\u0131 kald\u0131rmak istemi\u015fler amma ba\u015faramad\u0131lar.<\/p>\n<p><strong>Bu y\u0131l 140.y\u0131ld\u00f6n\u00fcm\u00fc milli kutlamalar\u0131na Rusya Federasyonu Ba\u015fkan\u0131 Vladimir Putin de davet edilmi\u015fti. Ancak kendisi <\/strong>Gel(e)meyince, yerine Moskova ve Rusya Federasyonu Ba\u015fpiskoposu Kiril\u2019i g\u00f6nderdi.<\/p>\n<p>Sofya havaalan\u0131nda kar\u015f\u0131lama t\u00f6reninde haz\u0131r bulunan Cumhurba\u015fkan\u0131 Yard\u0131mc\u0131s\u0131 <strong>Bayan \u0130lyana Yotova<\/strong>\u2019nin kalpten minnettarl\u0131k ifadesi olarak bir devlet g\u00f6revlisinin ilk defa <strong>diz \u00fcst\u00fc \u00e7\u00f6kerek ve elini \u00f6pmesi<\/strong>, <strong>\u201cbu Tanr\u0131ya de\u011fil, Putin\u2019e boyun e\u011fmek oldu\u201d<\/strong> \u015feklinde tart\u0131\u015fmalar ba\u015flatt\u0131 ve Bulgaristan\u2019da kamuoyunu da kar\u0131\u015ft\u0131rd\u0131.<\/p><div id=\"bghab-703429984\" class=\"bghab-icerik-icine-15-paragraf bghab-entity-placement\"><script async src=\"\/\/pagead2.googlesyndication.com\/pagead\/js\/adsbygoogle.js?client=ca-pub-6203283170189293\" crossorigin=\"anonymous\"><\/script><ins class=\"adsbygoogle\" style=\"display:block; text-align:center;\" data-ad-client=\"ca-pub-6203283170189293\" \ndata-ad-slot=\"7303146466\" \ndata-ad-layout=\"in-article\"\ndata-ad-format=\"fluid\" data-full-width-responsive=\"true\"><\/ins>\n<script> \n(adsbygoogle = window.adsbygoogle || []).push({}); \n<\/script>\n<\/div>\n<p>Ayn\u0131 Cumhurba\u015fkan Yard\u0131mc\u0131s\u0131 Yotova\u2019n\u0131n bu kar\u015f\u0131lama t\u00f6reninde haz\u0131r bulunan <strong>Bulgaristan Ortodoks Kilisesi Ba\u015fpiskoposu Neofit\u2019in elini \u00f6pmemesi<\/strong> ise, tart\u0131\u015fmalar\u0131 iyice k\u0131z\u0131\u015ft\u0131rd\u0131.<\/p>\n<p>\u015eu \u00e7ok \u00f6nemlidir, Bulgaristan tarihinde Cumhurba\u015fkan\u0131 d\u00fczeyinde bir devlet adam\u0131, \u015fimdiye kadar bir ba\u015fka devletin Ba\u015f Piskoposunu resmi t\u00f6renle kar\u015f\u0131lamam\u0131\u015ft\u0131r. Bu Bulgaristan\u2019da ilk defa oluyor.<\/p>\n<p><strong>Bulgaristan lay\u0131k bir devlettir<\/strong><\/p>\n<p>\u201cBa\u015fka bir medeniyete y\u00f6nelim mi?\u201d ba\u015flad\u0131 sorusu halktan hi\u00e7 gecikmeden geldi.<\/p>\n<p>\u201c<strong>Kirilin elini \u00f6pmesi iyi de, diz \u00e7\u00f6kmesi ne anlama geliyor?<\/strong>\u201d sorusuna cevap arand\u0131. Ayr\u0131ca <strong>\u201c93 harbinde\u201d<\/strong> Plevne\u2019yi savunan Osman Pa\u015fa ve yard\u0131m\u0131na giden S\u00fcleyman Pa\u015fa askerlerinin yolunun kesi\u015fti\u011fi Koca Balkan\u2019da.<\/p><div id=\"bghab-3553103940\" class=\"bghab-icerik-icine-20-paragraf bghab-entity-placement\"><script async src=\"\/\/pagead2.googlesyndication.com\/pagead\/js\/adsbygoogle.js?client=ca-pub-6203283170189293\" crossorigin=\"anonymous\"><\/script><ins class=\"adsbygoogle\" style=\"display:block; text-align:center;\" data-ad-client=\"ca-pub-6203283170189293\" \ndata-ad-slot=\"7303146466\" \ndata-ad-layout=\"in-article\"\ndata-ad-format=\"fluid\" data-full-width-responsive=\"true\"><\/ins>\n<script> \n(adsbygoogle = window.adsbygoogle || []).push({}); \n<\/script>\n<\/div>\n<p><strong><em>Yani \u201c\u015eipka\u201d Tepesinde, konuk Ba\u015f Piskopos Kiril ile birlikte Cumhurba\u015fkan\u0131 Rumen Radev\u2019in de kat\u0131ld\u0131\u011f\u0131 anma t\u00f6reninde, devlet ba\u015fkan\u0131n\u0131n yaln\u0131z Rus askerlerinden s\u00f6z ermesi, sadece T\u00fcrk de\u011fil Bulgar askerlerinden dahi s\u00f6z etmemesi herkesin t\u00fcm Bulgaristan\u2019\u0131n da dikkatini \u00e7ekti. <\/em><\/strong><\/p>\n<p>\u0130\u015fte b\u00f6yle bir ortamda Bulgaristan\u2019da ge\u00e7en 3 Mart kutlamalar\u0131n\u0131n 140.y\u0131ld\u00f6n\u00fcm\u00fc, <strong><em>\u00fclkede \u00f6zg\u00fcrl\u00fck, ba\u011f\u0131ms\u0131zl\u0131k ve birlik olmad\u0131\u011f\u0131n\u0131 bir daha kan\u0131tlad\u0131.<\/em><\/strong> Kutlamalar s\u00f6n\u00fck ge\u00e7ti. \u0130lk kez <strong>\u201c\u015eipka\u201d<\/strong> tepesinde yuhalama ya\u015fand\u0131.<\/p>\n<p><img data-recalc-dims=\"1\" loading=\"lazy\" decoding=\"async\" class=\"aligncenter\" src=\"https:\/\/i0.wp.com\/www.bghaber.org\/bghaber\/wp-content\/uploads\/2018\/03\/7TV-5.jpg?resize=430%2C220\" width=\"430\" height=\"220\" \/><\/p>\n<p>Bu 2018\u2019in 3 Mart\u0131nda daha \u00f6nce olmayan bir olay da, T\u00fcrkiye\u2019deki Bulgar Konsolosluklar\u0131nda ya\u015fand\u0131. STK, Dernek ba\u015fkanlar\u0131, y\u00f6neticiler ve baz\u0131 ayd\u0131nlar 3 Mart resmikabul\u00fcne davetlerde izdiham ya\u015fand\u0131. Gidenler ge\u00e7en y\u0131la g\u00f6re daha \u00e7ok olduklar\u0131 net olarak g\u00f6r\u00fcld\u00fc. <em><strong>\u0130\u015fte bu konuda B\u0130Z T\u00dcRK\u0130YE\u2019DE BULUNAN STK\u2019lar T\u00dcRKLER\u0130N ATALARINI KATLETT\u0130KLER\u0130 B\u0130R G\u00dcNDE V\u0130SK\u0130 VE \u015eAMPANYA \u0130LE KUTLANMASINI B\u0130ZLER KINIYORUZ. BU ATALARIMIZA KAR\u015eI YAPILAN B\u00dcY\u00dcK B\u0130R SAYGISIZLIKTIR.<\/strong><\/em><\/p>\n<p>Bulgar makamlar B\u00dcY\u00dcK G\u00d6\u00c7TEN SONRA ge\u00e7en 29 y\u0131lda, bizim \u201c<strong>\u0130slamla\u015ft\u0131r\u0131lm\u0131\u015f Bulgarlar\u201d<\/strong> oldu\u011fumuzu kafalar\u0131m\u0131za sokmaya, kabul ettirmeye devam ederken, SOYDA\u015eLARIMIZIN T\u00dcRK\u0130YE&#8217;YE ISINDI\u011eI ve ana-vatan\u0131m\u0131z\u0131n <strong>\u201cB\u00fcy\u00fck T\u00fcrkiye\u201d<\/strong> \u00f6zlemine seve seve kat\u0131ld\u0131\u011f\u0131 bir d\u00f6nemde <strong>\u201ckafa kar\u0131\u015ft\u0131rmaya \u00e7al\u0131\u015fmalar\u0131na\u201d<\/strong> anlam vermek beni de zorlad\u0131.<\/p>\n<p><img data-recalc-dims=\"1\" loading=\"lazy\" decoding=\"async\" class=\"\" src=\"https:\/\/i0.wp.com\/www.bghaber.org\/bghaber\/wp-content\/uploads\/2018\/03\/4TV-5.jpg?resize=640%2C353\" width=\"640\" height=\"353\" \/><\/p>\n<p><em><strong>Bulgaristan\u2019da yalan \u00fcst\u00fcne kurulan ideoloji ve siyasetlerin gelece\u011fi olmad\u0131\u011f\u0131n\u0131 ve olamayaca\u011f\u0131n\u0131 unutmak o kadar m\u0131 zor?<\/strong><\/em><\/p><div id=\"bghab-3250917043\" class=\"bghab-icerik-icine-25-paragraf bghab-entity-placement\"><script async src=\"\/\/pagead2.googlesyndication.com\/pagead\/js\/adsbygoogle.js?client=ca-pub-6203283170189293\" crossorigin=\"anonymous\"><\/script><ins class=\"adsbygoogle\" style=\"display:block; text-align:center;\" data-ad-client=\"ca-pub-6203283170189293\" \ndata-ad-slot=\"7303146466\" \ndata-ad-layout=\"in-article\"\ndata-ad-format=\"fluid\" data-full-width-responsive=\"true\"><\/ins>\n<script> \n(adsbygoogle = window.adsbygoogle || []).push({}); \n<\/script>\n<\/div>\n<p><strong>\u015eu asla unutulmas\u0131n: <\/strong><\/p>\n<p>Bulgar halk\u0131 Osmanl\u0131 d\u00f6neminde milli kimli\u011fiyle uyanm\u0131\u015f, milli dinini, dilini, k\u00fclt\u00fcr\u00fcn\u00fc geli\u015ftirmi\u015ftir. \u00d6rnek, <em>&#8220;Bulgarlar Osmanl\u0131dan \u00f6nce kiliselerde Rumca ibadetlerini yap\u0131yorlard\u0131, bunu Bulgarca olarak Osmanl\u0131n\u0131n izniyle ba\u015flad\u0131lar. Kendi kiliseleri i\u00e7in de \u0130stanbul\u2019da ilk Bulgar kilisesini Osmanl\u0131 izniyle yap\u0131ld\u0131&#8221;.<\/em> Daha ne olsun\u2026<\/p>\n<p>3 Mart 1878 Bulgar topraklar\u0131nda bu y\u00fckseli\u015fin durdu\u011fu ve s\u00f6nd\u00fc\u011f\u00fc g\u00fcnd\u00fcr.<\/p>\n<p>Bug\u00fcn devam eden \u201c<strong>kurtar\u0131c\u0131<\/strong>\u201d ve \u201c<strong>k\u00f6lele\u015ftiric<\/strong>i\u201d tart\u0131\u015fmas\u0131 buna kan\u0131tt\u0131r.<\/p>\n<p style=\"text-align: left;\"><strong>Sayg\u0131lar\u0131mla,<\/strong><\/p><div id=\"bghab-200711105\" class=\"bghab-icerik-icine-30-paragraf bghab-entity-placement\"><script async src=\"\/\/pagead2.googlesyndication.com\/pagead\/js\/adsbygoogle.js?client=ca-pub-6203283170189293\" crossorigin=\"anonymous\"><\/script><ins class=\"adsbygoogle\" style=\"display:block; text-align:center;\" data-ad-client=\"ca-pub-6203283170189293\" \ndata-ad-slot=\"7303146466\" \ndata-ad-layout=\"in-article\"\ndata-ad-format=\"fluid\" data-full-width-responsive=\"true\"><\/ins>\n<script> \n(adsbygoogle = window.adsbygoogle || []).push({}); \n<\/script>\n<\/div>\n<p>&nbsp;<\/p>\n<p style=\"text-align: left;\"><strong><em>Rafet ULUT\u00dcRK<br \/>\n<\/em><\/strong><strong><em>BULT\u00dcRK\u00a0<\/em><\/strong><strong><em>Genel Ba\u015fkan\u0131<\/em><\/strong><\/p>\n<div id=\"bghab-3712353713\" class=\"bghab-yazi-altinda bghab-entity-placement\"><div class=\"bghab-adlabel\">Reklamlar<\/div><script async src=\"https:\/\/pagead2.googlesyndication.com\/pagead\/js\/adsbygoogle.js\"><\/script>\r\n<!-- bghaber-yaz\u0131-sonu -->\r\n<ins class=\"adsbygoogle\"\r\n     style=\"display:block\"\r\n     data-ad-client=\"ca-pub-6203283170189293\"\r\n     data-ad-slot=\"4222328180\"\r\n     data-ad-format=\"auto\"\r\n     data-full-width-responsive=\"true\"><\/ins>\r\n<script>\r\n     (adsbygoogle = window.adsbygoogle || []).push({});\r\n<\/script><\/div><br style=\"clear: both; display: block; float: none;\"\/>","protected":false},"excerpt":{"rendered":"<p>TV\u20135 programa telefonla kat\u0131l\u0131m:\u00a0 Konu: Bulgaristan\u2019da 3 Mart Milli Bayram\u0131nda neden gerginlik ya\u015fand\u0131? Bilindi\u011fi \u00fczere, 3 Mart 1878\u2019de \u0130stanbul kenar\u0131nda Ayastefanos\u2019ta, Bulgaristan\u2019da San Stefano, T\u00fcrkiye\u2019de<\/p>\n","protected":false},"author":13,"featured_media":27944,"comment_status":"closed","ping_status":"closed","sticky":false,"template":"","format":"standard","meta":{"advanced_seo_description":"","jetpack_seo_html_title":"","jetpack_seo_noindex":false,"_jetpack_memberships_contains_paid_content":false,"footnotes":""},"categories":[6],"tags":[],"class_list":["post-27943","post","type-post","status-publish","format-standard","has-post-thumbnail","hentry","category-yorum"],"jetpack_featured_media_url":"https:\/\/i0.wp.com\/www.bghaber.org\/bghaber\/wp-content\/uploads\/2018\/03\/rafet-uluturktv.jpg?fit=414%2C407&ssl=1","jetpack_sharing_enabled":true,"jetpack_likes_enabled":true,"jetpack-related-posts":[],"jetpack_shortlink":"https:\/\/wp.me\/pc2PfJ-7gH","_links":{"self":[{"href":"https:\/\/www.bghaber.org\/bghaber\/wp-json\/wp\/v2\/posts\/27943","targetHints":{"allow":["GET"]}}],"collection":[{"href":"https:\/\/www.bghaber.org\/bghaber\/wp-json\/wp\/v2\/posts"}],"about":[{"href":"https:\/\/www.bghaber.org\/bghaber\/wp-json\/wp\/v2\/types\/post"}],"author":[{"embeddable":true,"href":"https:\/\/www.bghaber.org\/bghaber\/wp-json\/wp\/v2\/users\/13"}],"replies":[{"embeddable":true,"href":"https:\/\/www.bghaber.org\/bghaber\/wp-json\/wp\/v2\/comments?post=27943"}],"version-history":[{"count":0,"href":"https:\/\/www.bghaber.org\/bghaber\/wp-json\/wp\/v2\/posts\/27943\/revisions"}],"wp:featuredmedia":[{"embeddable":true,"href":"https:\/\/www.bghaber.org\/bghaber\/wp-json\/wp\/v2\/media\/27944"}],"wp:attachment":[{"href":"https:\/\/www.bghaber.org\/bghaber\/wp-json\/wp\/v2\/media?parent=27943"}],"wp:term":[{"taxonomy":"category","embeddable":true,"href":"https:\/\/www.bghaber.org\/bghaber\/wp-json\/wp\/v2\/categories?post=27943"},{"taxonomy":"post_tag","embeddable":true,"href":"https:\/\/www.bghaber.org\/bghaber\/wp-json\/wp\/v2\/tags?post=27943"}],"curies":[{"name":"wp","href":"https:\/\/api.w.org\/{rel}","templated":true}]}}