{"id":27694,"date":"2018-02-24T01:08:10","date_gmt":"2018-02-23T22:08:10","guid":{"rendered":"http:\/\/www.bghaber.org\/bghaber\/?p=27694"},"modified":"2018-05-09T17:50:02","modified_gmt":"2018-05-09T14:50:02","slug":"bulturk-dernegi-halk-kulturu-arastirmalari-kurumunu-ziyaret-etti","status":"publish","type":"post","link":"https:\/\/www.bghaber.org\/bghaber\/bulturk-dernegi-halk-kulturu-arastirmalari-kurumunu-ziyaret-etti\/","title":{"rendered":"BULT\u00dcRK Derne\u011fi Halk K\u00fclt\u00fcr\u00fc Ara\u015ft\u0131rmalar\u0131 Kurumu\u2019nu Ziyaret Etti"},"content":{"rendered":"<p>BULT\u00dcRK Derne\u011fi Ankara Temsilcisi Siyaset Bilimi ve Uluslararas\u0131 \u0130li\u015fkiler Uzman\/M.Sc. \u0130smail C\u0130NG\u00d6Z Merkezi Ankara\u2019da bulunan Halk K\u00fclt\u00fcr\u00fc Ara\u015ft\u0131rmalar\u0131 Kurumu Ba\u015fkan\u0131 Prof. Dr. \u0130rfan \u00dcnver NASRATTINO\u011eLU\u2019nu ziyaret etti.<\/p>\n<p>15 Mart 1955 y\u0131l\u0131nda kurulmu\u015f ve k\u00f6kl\u00fc bir ge\u00e7mi\u015fe sahip olan Halk K\u00fclt\u00fcr\u00fc Ara\u015ft\u0131rmalar\u0131 Kurumu hakk\u0131nda genel bir de\u011ferlendirmede bulunan Say\u0131n NASRATTINO\u011eLU, gerek kurum gerekse \u015fahsi olarak i\u015ftirak ettikleri etkinlikler hakk\u0131nda da bilgiler vermi\u015ftir.<\/p>\n<p>&nbsp;<\/p>\n<p>T\u00fcrk K\u00fclt\u00fcr\u00fc ve T\u00fcrk D\u00fcnyas\u0131 hakk\u0131nda her biri birbirinden de\u011ferli say\u0131s\u0131z \u00e7al\u0131\u015fmalara imza atan Say\u0131n NASRATTINO\u011eLU ile \u00f6n\u00fcm\u00fczdeki d\u00f6nemde BULT\u00dcRK Derne\u011fi olarak birlikte Bulgaristan T\u00fcrkleri endeksli nelerin yap\u0131labilece\u011fi hususlar\u0131n\u0131n da ele al\u0131nd\u0131\u011f\u0131 g\u00f6r\u00fc\u015fme \u00e7ok s\u0131cak bir havada ger\u00e7ekle\u015fmi\u015ftr.<\/p>\n<p>\u0130lerleyen zamanda tekrar bir araya gelmek ve yap\u0131labileceklerin somutla\u015ft\u0131r\u0131labilmesi i\u00e7in \u00e7al\u0131\u015fmalar\u0131n raporlanmas\u0131 \u00fczerinde mutabakata var\u0131lm\u0131\u015ft\u0131r. 23 \u015eubat 2018<\/p><div id=\"bghab-2332177760\" class=\"bghab-icerik-icine bghab-entity-placement\"><script async src=\"\/\/pagead2.googlesyndication.com\/pagead\/js\/adsbygoogle.js?client=ca-pub-6203283170189293\" crossorigin=\"anonymous\"><\/script><ins class=\"adsbygoogle\" style=\"display:block; text-align:center;\" data-ad-client=\"ca-pub-6203283170189293\" \ndata-ad-slot=\"7303146466\" \ndata-ad-layout=\"in-article\"\ndata-ad-format=\"fluid\" data-full-width-responsive=\"true\"><\/ins>\n<script> \n(adsbygoogle = window.adsbygoogle || []).push({}); \n<\/script>\n<\/div>\n<p>Foto\u011fraflar: Fatma AKSOY<\/p>\n<p>BULT\u00dcRK Derne\u011fi<\/p>\n<p>&nbsp;<\/p>\n<div id=\"bghab-2651254813\" class=\"bghab-yazi-altinda bghab-entity-placement\"><div class=\"bghab-adlabel\">Reklamlar<\/div><script async src=\"https:\/\/pagead2.googlesyndication.com\/pagead\/js\/adsbygoogle.js\"><\/script>\r\n<!-- bghaber-yaz\u0131-sonu -->\r\n<ins class=\"adsbygoogle\"\r\n     style=\"display:block\"\r\n     data-ad-client=\"ca-pub-6203283170189293\"\r\n     data-ad-slot=\"4222328180\"\r\n     data-ad-format=\"auto\"\r\n     data-full-width-responsive=\"true\"><\/ins>\r\n<script>\r\n     (adsbygoogle = window.adsbygoogle || []).push({});\r\n<\/script><\/div><br style=\"clear: both; display: block; float: none;\"\/>","protected":false},"excerpt":{"rendered":"<p>BULT\u00dcRK Derne\u011fi Ankara Temsilcisi Siyaset Bilimi ve Uluslararas\u0131 \u0130li\u015fkiler Uzman\/M.Sc. \u0130smail C\u0130NG\u00d6Z Merkezi Ankara\u2019da bulunan Halk K\u00fclt\u00fcr\u00fc Ara\u015ft\u0131rmalar\u0131 Kurumu Ba\u015fkan\u0131 Prof. Dr. \u0130rfan \u00dcnver NASRATTINO\u011eLU\u2019nu<\/p>\n","protected":false},"author":13,"featured_media":27701,"comment_status":"closed","ping_status":"closed","sticky":false,"template":"","format":"standard","meta":{"advanced_seo_description":"","jetpack_seo_html_title":"","jetpack_seo_noindex":false,"_jetpack_memberships_contains_paid_content":false,"footnotes":""},"categories":[10],"tags":[37,785],"class_list":["post-27694","post","type-post","status-publish","format-standard","has-post-thumbnail","hentry","category-kultur-sanat","tag-bulturk","tag-bulturk-dernegi"],"jetpack_featured_media_url":"https:\/\/i0.wp.com\/www.bghaber.org\/bghaber\/wp-content\/uploads\/2018\/02\/Bulturk-Halk-Kulturu-Arastirmalari-Kurumunu-ziyaret-2.jpg?fit=1600%2C900&ssl=1","jetpack_sharing_enabled":true,"jetpack_likes_enabled":true,"jetpack-related-posts":[],"jetpack_shortlink":"https:\/\/wp.me\/pc2PfJ-7cG","_links":{"self":[{"href":"https:\/\/www.bghaber.org\/bghaber\/wp-json\/wp\/v2\/posts\/27694","targetHints":{"allow":["GET"]}}],"collection":[{"href":"https:\/\/www.bghaber.org\/bghaber\/wp-json\/wp\/v2\/posts"}],"about":[{"href":"https:\/\/www.bghaber.org\/bghaber\/wp-json\/wp\/v2\/types\/post"}],"author":[{"embeddable":true,"href":"https:\/\/www.bghaber.org\/bghaber\/wp-json\/wp\/v2\/users\/13"}],"replies":[{"embeddable":true,"href":"https:\/\/www.bghaber.org\/bghaber\/wp-json\/wp\/v2\/comments?post=27694"}],"version-history":[{"count":0,"href":"https:\/\/www.bghaber.org\/bghaber\/wp-json\/wp\/v2\/posts\/27694\/revisions"}],"wp:featuredmedia":[{"embeddable":true,"href":"https:\/\/www.bghaber.org\/bghaber\/wp-json\/wp\/v2\/media\/27701"}],"wp:attachment":[{"href":"https:\/\/www.bghaber.org\/bghaber\/wp-json\/wp\/v2\/media?parent=27694"}],"wp:term":[{"taxonomy":"category","embeddable":true,"href":"https:\/\/www.bghaber.org\/bghaber\/wp-json\/wp\/v2\/categories?post=27694"},{"taxonomy":"post_tag","embeddable":true,"href":"https:\/\/www.bghaber.org\/bghaber\/wp-json\/wp\/v2\/tags?post=27694"}],"curies":[{"name":"wp","href":"https:\/\/api.w.org\/{rel}","templated":true}]}}