{"id":27688,"date":"2018-02-24T00:32:49","date_gmt":"2018-02-23T21:32:49","guid":{"rendered":"http:\/\/www.bghaber.org\/bghaber\/?p=27688"},"modified":"2018-02-24T10:42:36","modified_gmt":"2018-02-24T07:42:36","slug":"biz-anadilimizi-yasatacagiz","status":"publish","type":"post","link":"https:\/\/www.bghaber.org\/bghaber\/biz-anadilimizi-yasatacagiz\/","title":{"rendered":"Biz Anadilimizi Ya\u015fataca\u011f\u0131z!"},"content":{"rendered":"<p>Bulgaristan M\u00fcsl\u00fcmanlar\u0131 Diyaneti,\u00a0Genel Sekreteri<\/p>\n<p>Celal Faik<\/p>\n<p>Tarih: 23 02 2018<\/p>\n<p>Konu: Uluslar aras\u0131 Anadil G\u00fcn\u00fc<\/p>\n<p>&nbsp;<\/p><div id=\"bghab-3195502220\" class=\"bghab-icerik-icine bghab-entity-placement\"><script async src=\"\/\/pagead2.googlesyndication.com\/pagead\/js\/adsbygoogle.js?client=ca-pub-6203283170189293\" crossorigin=\"anonymous\"><\/script><ins class=\"adsbygoogle\" style=\"display:block; text-align:center;\" data-ad-client=\"ca-pub-6203283170189293\" \ndata-ad-slot=\"7303146466\" \ndata-ad-layout=\"in-article\"\ndata-ad-format=\"fluid\" data-full-width-responsive=\"true\"><\/ins>\n<script> \n(adsbygoogle = window.adsbygoogle || []).push({}); \n<\/script>\n<\/div>\n<p>Say\u0131n B\u00fcy\u00fckel\u00e7imiz,<\/p>\n<p>K\u00fclt\u00fcrel Etkile\u015fim Derne\u011fimizin de\u011ferli ba\u015fkan\u0131, y\u00f6netimi ve \u00fcyeleri.<\/p>\n<p>Uluslar aras\u0131 ANAD\u0130L G\u00dcN\u00dc Sofya etkinli\u011finin de\u011ferli konuklar\u0131, k\u0131ymetli kat\u0131l\u0131mc\u0131 minikler.<\/p>\n<p><strong>Bulgaristan M\u00fcsl\u00fcmanlar\u0131 Diyaneti Ba\u015f M\u00fcft\u00fcl\u00fc\u011f\u00fc Genel Sekreteri s\u0131fat\u0131yla,<\/strong><\/p>\n<p>ANAD\u0130L BAYRAMINIZI kalpten kutlar, ANAD\u0130L\u0130M\u0130Z olan T\u00fcrk\u00e7emizi, Bulgaristan T\u00fcrk\u00e7esini ebediyen ya\u015fatarak, zenginle\u015ftirme davam\u0131z\u0131n ortak kavgam\u0131z oldu\u011funu belirtirim.<\/p><div id=\"bghab-2371972214\" class=\"bghab-icerik-icine-10-paragraf bghab-entity-placement\"><script async src=\"\/\/pagead2.googlesyndication.com\/pagead\/js\/adsbygoogle.js?client=ca-pub-6203283170189293\" crossorigin=\"anonymous\"><\/script><ins class=\"adsbygoogle\" style=\"display:block; text-align:center;\" data-ad-client=\"ca-pub-6203283170189293\" \ndata-ad-slot=\"7303146466\" \ndata-ad-layout=\"in-article\"\ndata-ad-format=\"fluid\" data-full-width-responsive=\"true\"><\/ins>\n<script> \n(adsbygoogle = window.adsbygoogle || []).push({}); \n<\/script>\n<\/div>\n<p>Bundan bin y\u0131l \u00f6nce, Sar\u0131 Saltuk Dede, \u0130slam\u2019a inanm\u0131\u015f ilk b\u00fcy\u00fck T\u00fcrk kavmini, o d\u00f6nem Bizans\u2019a ba\u011fl\u0131 Dobruca\u2019ya, T\u00fcrk dilinin s\u0131rt\u0131nda ta\u015f\u0131m\u0131\u015f ve anadilimiz bu topraklarda art\u0131k 1000 seneden fazla ya\u015f\u0131yor.<\/p>\n<p>Vurgulamak istedi\u011fim 21. as\u0131rda Bulgaristan\u2019daki M\u00fcsl\u00fcman T\u00fcrklerin atalar\u0131, anadilimizle dinimizi birlikte ba\u011fr\u0131na basm\u0131\u015f, yeni de\u011ferlerle donatarak ya\u015fatm\u0131\u015f ve y\u00fcceltmi\u015ftir. Bulgaristan M\u00fcsl\u00fcman Diyaneti olarak Mestanl\u0131, \u015eumen ve Rus\u00e7uk Din Okullar\u0131m\u0131zda; Sofya \u0130slam Enstit\u00fcs\u00fcnde; M\u00fcsl\u00fcmanlar\u0131m\u0131z\u0131n ya\u015fad\u0131\u011f\u0131 b\u00fct\u00fcn yerle\u015fim merkezlerindeki KURAN kurslar\u0131m\u0131zda ve t\u00fcm di\u011fer E\u011e\u0130T\u0130M etkinliklerimizde, yaz seminerlerimizde ve ruhsal ya\u015fam\u0131m\u0131z\u0131n \u00f6z\u00fc olan di\u011fer s\u00fcreli ve devaml\u0131 \u00e7al\u0131\u015fmalar\u0131m\u0131zda <strong>anadil e\u011fitimine, anadilde konu\u015fmaya ve ileti\u015fime<\/strong> \u00f6ncelik tan\u0131yoruz. Bizim T\u00fcrk\u00e7e e\u011fitim \u00e7al\u0131\u015fmalar\u0131m\u0131z, haftada 3-4 saat T\u00fcrk\u00e7e dersi verilen devlet okullar\u0131ndaki 7 bin 200 \u00f6\u011frencinin d\u0131\u015f\u0131ndad\u0131r. Temennimiz bu rakam\u0131n 70 bin olmas\u0131d\u0131r. Bulgaristan M\u00fcsl\u00fcmanlar\u0131n\u0131n anadili T\u00fcrk\u00e7edir. Ba\u015fm\u00fcft\u00fcl\u00fc\u011f\u00fcm\u00fcz, e\u011fitim ihtiya\u00e7lar\u0131m\u0131z i\u00e7in ders kitab\u0131, yard\u0131mc\u0131 kitaplar bas\u0131yor ve sa\u011fl\u0131yor; yar\u0131s\u0131 T\u00fcrk\u00e7e olarak \u201c<strong>M\u00fcsl\u00fcmanlar<\/strong>\u201d dergisi, \u00e7ocuklar\u0131m\u0131z i\u00e7in \u201d<strong>Hilal<\/strong>\u201d eki, yerli ve yabanc\u0131 yazarlardan eserler yay\u0131nl\u0131yor, T\u00fcrk\u00e7emizi, temas, ileti\u015fim, ya\u015fam, din ve bilim dili olarak geli\u015ftirmeye b\u00fcy\u00fck gayret g\u00f6steriyor.<\/p>\n<p><strong>Birle\u015fmi\u015f Milletler istatistiklerine g\u00f6re g\u00fcn\u00fcm\u00fczde d\u00fcnyada 6 bin dil konu\u015fuluyor.<\/strong><\/p>\n<p>D\u00fcnyan\u0131n gelece\u011fini d\u00fc\u015f\u00fcnenler bu canl\u0131 dillerden 2\u00a0500 \u2018\u00fcn\u00fcn 2\u00a0050 y\u0131l\u0131na kadar yok olmas\u0131n\u0131 planlam\u0131\u015f. Yok olacak dillerin 33\u2019\u00fc g\u00fcn\u00fcm\u00fczde Avrupa Birli\u011finde ya\u015f\u0131yor. Sivri ak\u0131ll\u0131lar\u0131n hedefinde ANAD\u0130L\u0130M\u0130Z T\u00dcRK\u00c7E de var. Bulgaristan E\u011fitim ve Teknoloji Bakanl\u0131\u011f\u0131n\u0131n T\u00fcrk\u00e7emizi \u201c<strong>zorunlu diller m\u00fcfredat\u0131na<\/strong>\u201d almamas\u0131n\u0131n (se\u00e7meli ders) stat\u00fcs\u00fcnde kalmam\u0131z\u0131n temelinde olan budur.<\/p>\n<p>\u00dcNESKO ve UN\u0130SEFT gibi, g\u00f6revleri aras\u0131nda en \u00f6nemlisi anadil esas\u0131nda d\u00fcnya k\u00fclt\u00fcr\u00fcn\u00fc ya\u015fatarak zenginle\u015ftirmek olan uluslar aras\u0131 kurulu\u015flar\u0131n anadilimiz T\u00fcrk\u00e7eye s\u0131cak bakmamas\u0131na da ancak bu anlam\u0131 verebiliriz.<\/p><div id=\"bghab-3098082297\" class=\"bghab-icerik-icine-15-paragraf bghab-entity-placement\"><script async src=\"\/\/pagead2.googlesyndication.com\/pagead\/js\/adsbygoogle.js?client=ca-pub-6203283170189293\" crossorigin=\"anonymous\"><\/script><ins class=\"adsbygoogle\" style=\"display:block; text-align:center;\" data-ad-client=\"ca-pub-6203283170189293\" \ndata-ad-slot=\"7303146466\" \ndata-ad-layout=\"in-article\"\ndata-ad-format=\"fluid\" data-full-width-responsive=\"true\"><\/ins>\n<script> \n(adsbygoogle = window.adsbygoogle || []).push({}); \n<\/script>\n<\/div>\n<p>\u00c7ok yak\u0131n bir zamana kadar anadilimiz Bulgaristan\u2019da bir din, edebiyat, sanat ve k\u00fclt\u00fcr dini olmakla birlikte, bir de, t\u00fct\u00fcn, hububat, g\u00fcl ve lavanta gibi teknik \u00fcr\u00fcnler \u00fcretimi ve hayvanc\u0131l\u0131k ve tar\u0131m \u00fcr\u00fcnleri i\u015fleme sanayinde \u00fcretimde kullan\u0131lan dil, olu\u011fu gibi de\u011fi\u015fik etniklerden ve dinlerden insanlar\u0131n aras\u0131nda yard\u0131mla\u015fma ve ho\u015fg\u00f6r\u00fc yani bar\u0131\u015f, g\u00fcvenlik ve huzur dili idi.\u00a0 Ba\u015f\u0131 s\u0131k\u0131\u015fan, M\u00fcsl\u00fcman\u2019\u0131 T\u00fcrk\u00e7e ar\u0131yordu.<\/p>\n<p>Ayr\u0131nt\u0131lar\u0131n derinli\u011fine inmeden \u015funu belirtmek istiyorum. Din d\u0131\u015f\u0131nda, hi\u00e7bir ideoloji, d\u00fcnya g\u00f6r\u00fc\u015f\u00fc ve doktrin, ahlak yaratamaz. Tarihte en \u00fcst\u00fcn ahlak\u0131 \u0130slam dini yaratm\u0131\u015ft\u0131r. Bulgaristan\u2019da yeri hi\u00e7bir \u015feyle doldurulamaz ve yasaklarla yok edilemez M\u00fcsl\u00fcman ahlak\u0131, anadilimizde ya\u015f\u0131yor. \u0130slam bar\u0131\u015fsa, anadilimiz bar\u0131\u015f\u0131 ve istikrar\u0131 ya\u015fatan b\u00fcnye ve ruhtur.<\/p>\n<p>21.y\u00fczy\u0131lda n\u00fcfusumuzun en b\u00fcy\u00fck etni\u011fi olan Bulgarlar\u0131n demografik duraklama ya\u015famas\u0131 ortam\u0131nda, anadili T\u00fcrk\u00e7e olan az\u0131nl\u0131k toplulu\u011fumuz Bulgar halk\u0131n\u0131 ya\u015fatan ana dinamik durumuna geldi ve giderek daha b\u00fcy\u00fck bir sorumlulukla n\u00fcfusun yeniden \u00fcremesinde ve hayat haklar\u0131n\u0131 ve \u00f6zg\u00fcrl\u00fcklerini geni\u015fletme misyonunda daha b\u00fcy\u00fck sorumluluk \u00fcslenmeye ba\u015flad\u0131. Dinimiz ve anadilimiz bu i\u015flevin manevi g\u00fc\u00e7 kayna\u011f\u0131d\u0131r.<\/p>\n<p>Ben, anadilimizin, dinimizle birlikte,\u00a0 \u015fiirlerimizde ve \u00f6yk\u00fclerimizde, atas\u00f6zlerimiz, f\u0131kra ve esperilerde, sanat ve yarat\u0131c\u0131l\u0131\u011f\u0131m\u0131z\u0131n t\u00fcm dallar\u0131nda serpilip a\u00e7maya devam edece\u011fine inan\u0131yorum. 19. defa kutlad\u0131\u011f\u0131m\u0131z ANAD\u0130L\u0130M\u0130Z \u2013 T\u00dcRK\u00c7EM\u0130Z G\u00dcN\u00dc hepinize kutlu olsun. Anadilimizde ibadet edelim, anadilimizde dua edelim, anadilimizle ya\u015fayal\u0131m. Ne mutlu M\u00fcsl\u00fcman olana! Ne mutlu T\u00fcrk\u00fcm diyene!<\/p>\n<p>Te\u015fekk\u00fcr ederim.<\/p><div id=\"bghab-1347458395\" class=\"bghab-icerik-icine-20-paragraf bghab-entity-placement\"><script async src=\"\/\/pagead2.googlesyndication.com\/pagead\/js\/adsbygoogle.js?client=ca-pub-6203283170189293\" crossorigin=\"anonymous\"><\/script><ins class=\"adsbygoogle\" style=\"display:block; text-align:center;\" data-ad-client=\"ca-pub-6203283170189293\" \ndata-ad-slot=\"7303146466\" \ndata-ad-layout=\"in-article\"\ndata-ad-format=\"fluid\" data-full-width-responsive=\"true\"><\/ins>\n<script> \n(adsbygoogle = window.adsbygoogle || []).push({}); \n<\/script>\n<\/div>\n<div id=\"bghab-3471583463\" class=\"bghab-yazi-altinda bghab-entity-placement\"><div class=\"bghab-adlabel\">Reklamlar<\/div><script async src=\"https:\/\/pagead2.googlesyndication.com\/pagead\/js\/adsbygoogle.js\"><\/script>\r\n<!-- bghaber-yaz\u0131-sonu -->\r\n<ins class=\"adsbygoogle\"\r\n     style=\"display:block\"\r\n     data-ad-client=\"ca-pub-6203283170189293\"\r\n     data-ad-slot=\"4222328180\"\r\n     data-ad-format=\"auto\"\r\n     data-full-width-responsive=\"true\"><\/ins>\r\n<script>\r\n     (adsbygoogle = window.adsbygoogle || []).push({});\r\n<\/script><\/div><br style=\"clear: both; display: block; float: none;\"\/>","protected":false},"excerpt":{"rendered":"<p>Bulgaristan M\u00fcsl\u00fcmanlar\u0131 Diyaneti,\u00a0Genel Sekreteri Celal Faik Tarih: 23 02 2018 Konu: Uluslar aras\u0131 Anadil G\u00fcn\u00fc &nbsp; Say\u0131n B\u00fcy\u00fckel\u00e7imiz, K\u00fclt\u00fcrel Etkile\u015fim Derne\u011fimizin de\u011ferli ba\u015fkan\u0131, y\u00f6netimi ve<\/p>\n","protected":false},"author":13,"featured_media":27689,"comment_status":"closed","ping_status":"closed","sticky":false,"template":"","format":"standard","meta":{"advanced_seo_description":"","jetpack_seo_html_title":"","jetpack_seo_noindex":false,"_jetpack_memberships_contains_paid_content":false,"footnotes":""},"categories":[6],"tags":[],"class_list":["post-27688","post","type-post","status-publish","format-standard","has-post-thumbnail","hentry","category-yorum"],"jetpack_featured_media_url":"https:\/\/i0.wp.com\/www.bghaber.org\/bghaber\/wp-content\/uploads\/2018\/02\/faik.jpg?fit=204%2C268&ssl=1","jetpack_sharing_enabled":true,"jetpack_likes_enabled":true,"jetpack-related-posts":[],"jetpack_shortlink":"https:\/\/wp.me\/pc2PfJ-7cA","_links":{"self":[{"href":"https:\/\/www.bghaber.org\/bghaber\/wp-json\/wp\/v2\/posts\/27688","targetHints":{"allow":["GET"]}}],"collection":[{"href":"https:\/\/www.bghaber.org\/bghaber\/wp-json\/wp\/v2\/posts"}],"about":[{"href":"https:\/\/www.bghaber.org\/bghaber\/wp-json\/wp\/v2\/types\/post"}],"author":[{"embeddable":true,"href":"https:\/\/www.bghaber.org\/bghaber\/wp-json\/wp\/v2\/users\/13"}],"replies":[{"embeddable":true,"href":"https:\/\/www.bghaber.org\/bghaber\/wp-json\/wp\/v2\/comments?post=27688"}],"version-history":[{"count":0,"href":"https:\/\/www.bghaber.org\/bghaber\/wp-json\/wp\/v2\/posts\/27688\/revisions"}],"wp:featuredmedia":[{"embeddable":true,"href":"https:\/\/www.bghaber.org\/bghaber\/wp-json\/wp\/v2\/media\/27689"}],"wp:attachment":[{"href":"https:\/\/www.bghaber.org\/bghaber\/wp-json\/wp\/v2\/media?parent=27688"}],"wp:term":[{"taxonomy":"category","embeddable":true,"href":"https:\/\/www.bghaber.org\/bghaber\/wp-json\/wp\/v2\/categories?post=27688"},{"taxonomy":"post_tag","embeddable":true,"href":"https:\/\/www.bghaber.org\/bghaber\/wp-json\/wp\/v2\/tags?post=27688"}],"curies":[{"name":"wp","href":"https:\/\/api.w.org\/{rel}","templated":true}]}}