{"id":27686,"date":"2018-02-24T00:26:08","date_gmt":"2018-02-23T21:26:08","guid":{"rendered":"http:\/\/www.bghaber.org\/bghaber\/?p=27686"},"modified":"2018-02-24T00:26:08","modified_gmt":"2018-02-23T21:26:08","slug":"secim-kapisi-aralaniyor-3","status":"publish","type":"post","link":"https:\/\/www.bghaber.org\/bghaber\/secim-kapisi-aralaniyor-3\/","title":{"rendered":"Se\u00e7im Kap\u0131s\u0131 Aralan\u0131yor"},"content":{"rendered":"<p>\u0130brahim SOYT\u00dcRK<\/p>\n<p>Tarih: 23 \u015eubat 23 02 2017<\/p>\n<p>Konu:\u00a0\u00a0 <strong>\u0130statistiklerdeki Siyasi Bunal\u0131m<\/strong>.<\/p>\n<p><strong>Ya\u015fam zor nefes al\u0131yor.<\/strong><\/p>\n<p>Bu hafta Sofya bas\u0131n\u0131, \u015eubat ay\u0131nda siyasi nitelikli sorunlarla yap\u0131lan ayl\u0131k anketin sonu\u00e7lar\u0131n\u0131, Aral\u0131k 2017 ve Ocak 2018 ayl\u0131k anket sonu\u00e7lar\u0131yla mukayeseli bir \u015fekilde yay\u0131nlad\u0131. Dikkat \u00e7eken, Bulgaristan se\u00e7menlerinden % 37,8\u2019i yeni bir se\u00e7imde oy kullanmak istemezken, % 40\u2019\u0131n\u0131n ise, erken genel parlamenter se\u00e7imden yana olmas\u0131d\u0131r. \u00a0Bu oran ge\u00e7en 2 ayda % 2 oran\u0131nda artm\u0131\u015f, politik aktif ya\u015fta olan vatanda\u015flar\u0131n g\u00fcn\u00fcm\u00fczde akt\u00fcel siyaset d\u0131\u015f\u0131 kald\u0131\u011f\u0131na i\u015faret ediyor.<\/p><div id=\"bghab-72178045\" class=\"bghab-icerik-icine bghab-entity-placement\"><script async src=\"\/\/pagead2.googlesyndication.com\/pagead\/js\/adsbygoogle.js?client=ca-pub-6203283170189293\" crossorigin=\"anonymous\"><\/script><ins class=\"adsbygoogle\" style=\"display:block; text-align:center;\" data-ad-client=\"ca-pub-6203283170189293\" \ndata-ad-slot=\"7303146466\" \ndata-ad-layout=\"in-article\"\ndata-ad-format=\"fluid\" data-full-width-responsive=\"true\"><\/ins>\n<script> \n(adsbygoogle = window.adsbygoogle || []).push({}); \n<\/script>\n<\/div>\n<p>Bug\u00fcn Bulgaristan\u2019da meclis se\u00e7imi yap\u0131lsa, <strong>Siz hangi partiye oy verirsiniz<\/strong>? sorusuna al\u0131nan cevaplarda, iktidarda bulunan Bulgaristan\u2019\u0131n Avrupa Vatanda\u015flar\u0131 (GERB) Partisinin Aral\u0131k ay\u0131ndan beri, 3 ay i\u00e7inde \u00a0% 1.5 g\u00fcven kaybetti\u011fine ve bu siyasi partinin ana dayana\u011f\u0131 olan ama durmadan eriyen se\u00e7men kitlesinin art\u0131k ancak 20.7\u2019ye d\u00fc\u015ft\u00fc\u011f\u00fcne i\u015faret ediyor.<\/p>\n<p>Oy potansiyeli oran\u0131, ayn\u0131 d\u00f6nemde Bulgaristan Sosyalist (BSP) Partisinde % 0.2 artarken, Hak ve \u00d6zg\u00fcrl\u00fckler (H\u00d6H) Hareketinde ise, bu oran % 0.4 art\u0131\u015f kaydetmi\u015ftir. S\u00f6zde \u201c<strong>Yurtsever Cephe<\/strong>\u201d \u2013 h\u00fck\u00fcmet orta\u011f\u0131 olmaya devam etse de, 3 parti olarak ald\u0131\u011f\u0131 halk g\u00fcveni art\u0131k % 5.2\u2019ye kadar inmi\u015ftir. Art\u0131k baraj \u00e7izgisi alt\u0131nda kalan, bug\u00fcnk\u00fc mecliste 12 milletvekili bulunan \u201c<strong>Volya<\/strong>\u201d (\u0130rade) partisi de aralar\u0131nda ankete kat\u0131lan ve say\u0131lar\u0131 5 olan siyasi partilere g\u00fcven ise % 2.4 oran\u0131nda erimi\u015ftir.<\/p>\n<p>Bu siyasi tablo de\u011fi\u015fmezse yeni meclise ancak <strong>4 siyasi parti<\/strong> girecek ve Hak ve \u00d6zg\u00fcrl\u00fckler Partisi 3. siyasi parti olacak, fakat son aylarda devam eden \u201c<strong>birle\u015fme<\/strong>\u201d ve meclise 50 milletvekili g\u00f6nderme \u00e7abalar\u0131ndan hen\u00fcz bir olumlu sonu\u00e7 umudu anketlere yans\u0131m\u0131yor.<\/p>\n<p>Sofya parlamentosunun \u00e7al\u0131\u015fmalar\u0131yla ilgili olarak \u00f6nceden da\u011f\u0131t\u0131lan anket sorular\u0131na al\u0131nan cevaplar\u0131n % 61\u2019i \u201c<strong>olumsuz,<\/strong>\u201d % 27\u2019si de \u201c<strong>Olumlu<\/strong>\u201d dur. Ayn\u0131 s\u0131ralamada h\u00fck\u00fcmetin \u00e7al\u0131\u015fmalar\u0131na \u00a0\u201c<strong>olumsuz<\/strong>\u201d deyenler % 54; mahkemelerin \u00e7al\u0131\u015fmalar\u0131na olumsuz de\u011fer verenler % 63; Savc\u0131l\u0131\u011f\u0131n \u00e7al\u0131\u015fmalar\u0131na \u201c<strong>yetersiz<\/strong>\u201d de\u011fer verenler % 60\u2019 iken Ombudsman Maya Manolova\u2019n\u0131n \u00e7al\u0131\u015fmalar\u0131 kat\u0131l\u0131mc\u0131lar\u0131n % 62\u2019si taraf\u0131ndan destek bulmu\u015f, Bulgar Ortodoks Kilisesi\u2019nin\u00a0 \u201cKad\u0131na ve \u00c7ocuklara \u015eiddet\u201d konusundaki tutumu da\u00a0 % 51 oran\u0131nda destek bulmu\u015ftur.<\/p>\n<p>G\u00fcn\u00fcm\u00fczde Bulgaristan y\u00fcr\u00fctmesinde % 45 (en y\u00fcksek) n\u00fcfus (sayg\u0131nl\u0131k, otorite) sahibi siyasi y\u00f6netici Ba\u015fbakan ve GERB partisi Ba\u015fkan\u0131 Boyko Borisov\u2019tur. \u0130kinci s\u0131rada gelen Ombudsman Bayan Maya Manolova\u2019d\u0131r. G\u00fcya \u201c<strong>Yurtsever Cephe<\/strong>\u201d kadrosu olarak h\u00fck\u00fcmette bakan olan ki\u015filerin n\u00fcfusu % 10 ile % 15 aras\u0131nda de\u011fi\u015fiyor. \u00c7ok d\u00fc\u015f\u00fckt\u00fcr.<\/p><div id=\"bghab-3629006120\" class=\"bghab-icerik-icine-10-paragraf bghab-entity-placement\"><script async src=\"\/\/pagead2.googlesyndication.com\/pagead\/js\/adsbygoogle.js?client=ca-pub-6203283170189293\" crossorigin=\"anonymous\"><\/script><ins class=\"adsbygoogle\" style=\"display:block; text-align:center;\" data-ad-client=\"ca-pub-6203283170189293\" \ndata-ad-slot=\"7303146466\" \ndata-ad-layout=\"in-article\"\ndata-ad-format=\"fluid\" data-full-width-responsive=\"true\"><\/ins>\n<script> \n(adsbygoogle = window.adsbygoogle || []).push({}); \n<\/script>\n<\/div>\n<p>Bu anketler memleketimizin bir beleyi\u015f i\u00e7inde oldu\u011funu g\u00fcn \u0131\u015f\u0131\u011f\u0131na \u00e7\u0131kard\u0131\u011f\u0131 bir durgunluk oldu\u011funu da ortaya koymaktad\u0131r. Bu durgunluk, \u00fclkede i\u00e7 ve d\u0131\u015f g\u00f6\u00e7e \u00e7are olmuyor, gurbet yolcusu olmak i\u00e7in bahar\u0131 bekleyenler susuz bekleyi\u015f i\u00e7inde bulunuyor.<\/p>\n<p>***<\/p>\n<p>Resmi anket sonu\u00e7lar\u0131ndan Bulgaristan\u2019da \u00e7ok acil bir \u00e7al\u0131\u015fma ba\u015flat\u0131p ADALET REGORMU yap\u0131lmas\u0131 gerekti\u011fi ortaya \u00e7\u0131k\u0131yor. Adaletin olmad\u0131\u011f\u0131 yerde demokrasiden ancak anar\u015fi do\u011fabilir. Anar\u015fik ortamda ise r\u00fc\u015fvet ve doland\u0131r\u0131c\u0131l\u0131\u011f\u0131n hakim oldu\u011fu gibi, i\u015fsizlik, cahillik, \u00e7aresizlik, yoksulluk hayat\u0131m\u0131z\u0131 ate\u015ften g\u00f6mlek ediyor. Umutsuz ya\u015famak \u00e7ok zor!<\/p>\n<p>Bulgaristan\u2019da yap\u0131lmas\u0131 gereken adalet reformu, az\u0131nl\u0131k hak ve \u00f6zg\u00fcrl\u00fcklerini de me\u015frula\u015ft\u0131rmal\u0131 ve yasalara i\u015flemelidir. Bug\u00fcn Bulgaristan T\u00fcrklerinin anadili yasaklanm\u0131\u015f durumdad\u0131r ki, Bulgaristan M\u00fcsl\u00fcmanlar\u0131 \u00fclkede bar\u0131\u015f, g\u00fcvenlik ve huzurun temel ta\u015f\u0131 ve orta dire\u011fidir. Toplumsal huzurun M\u00fcsl\u00fcman ahlak\u0131, adalet anlay\u0131\u015f\u0131 ve ho\u015fg\u00f6r\u00fcs\u00fcne dayanmas\u0131 ger\u00e7e\u011fi devlet deste\u011fi bulmaktad\u0131r. Yak\u0131n ge\u00e7mi\u015finde birka\u00e7 ayaklanma, iflas, \u00e7\u00f6k\u00fc\u015f, b\u00fcy\u00fck g\u00f6\u00e7ler, mali bunal\u0131m, katliam ve i\u00e7 hesapla\u015fmalar ya\u015fayan Bulgar ulusu, kendini yeniden \u00fcretemez duruma gelmi\u015ftir ki, Biz T\u00fcrkler ve M\u00fcsl\u00fcman toplum olmadan bar\u0131\u015f ve huzur sa\u011flama yetene\u011fini kaybetmi\u015ftir. Bulgaristan T\u00fcrkler siz olamaz, M\u00fcsl\u00fcman toplulukla ortak dil bulma fikri bug\u00fcn her g\u00fcnden daha a\u011f\u0131r bas\u0131yor. Bulgar halk\u0131n\u0131n mutlulu\u011fu T\u00fcrklere ba\u011fl\u0131d\u0131r.Toplum da\u011f\u0131lm\u0131\u015f, kendi kendini toparlayamayacak duruma gelmi\u015f ve yeni birle\u015ftirici hamleyi ancak M\u00fcsl\u00fcman topluluk atabilir. Demek istedi\u011fim, huzur ve anla\u015fma, bar\u0131\u015f\u00e7\u0131 bulu\u015fma yolunda yeni bir hamle ba\u015flat\u0131lacaksa, bu i\u015fe M\u00fcsl\u00fcmanlar, T\u00fcrk \u00f6nc\u00fcler, ayd\u0131nlar mutlaka dahil edilmelidir. Pek tabii ki, yeni bir bulu\u015fma arayacaksak bu \u00f6ncelikle biz M\u00fcsl\u00fcmanlar, T\u00fcrkler aras\u0131nda birlik sa\u011flamaktan ge\u00e7ecektir. Bu y\u00f6nde en zor zamanlar\u0131m\u0131zda att\u0131\u011f\u0131m\u0131z ad\u0131mlar\u0131 yeniden de\u011ferlendirmemiz, \u00f6z ele\u015ftiriden ge\u00e7erek, her birimizin kabul\u00fc olan ortak de\u011ferlerde bulu\u015fmal\u0131y\u0131z.<\/p>\n<p>***<\/p><div id=\"bghab-284310899\" class=\"bghab-icerik-icine-15-paragraf bghab-entity-placement\"><script async src=\"\/\/pagead2.googlesyndication.com\/pagead\/js\/adsbygoogle.js?client=ca-pub-6203283170189293\" crossorigin=\"anonymous\"><\/script><ins class=\"adsbygoogle\" style=\"display:block; text-align:center;\" data-ad-client=\"ca-pub-6203283170189293\" \ndata-ad-slot=\"7303146466\" \ndata-ad-layout=\"in-article\"\ndata-ad-format=\"fluid\" data-full-width-responsive=\"true\"><\/ins>\n<script> \n(adsbygoogle = window.adsbygoogle || []).push({}); \n<\/script>\n<\/div>\n<p>Bizim bu gidi\u015fimiz gidi\u015f de\u011fil. Bir\u00e7ok konuda biz Bulgar moralini, H\u0131ristiyan de\u011ferlerini kendimize \u00f6rnek alamay\u0131z. Ya\u015fmak i\u00e7imden gelmese de birka\u00e7 \u00f6rne\u011fe de\u011finmek istiyorum. Br\u00fcksel\u2019de bulundum. Avrupa Birli\u011fi ba\u015fkentinde dikkatimi \u00e7eken baz\u0131 \u015feyler oldu ki, yazmaya utan\u0131yorum. Bulgar fahi\u015feler ve kodo\u015flar anakent kav\u015faklar\u0131n\u0131 tutmu\u015flar. Br\u00fcksel belediyesi onlar i\u00e7in \u00f6zel kanun \u00e7\u0131karm\u0131\u015f ve uygulamaya koymu\u015f. Pezevenklerin kiralad\u0131\u011f\u0131 dairelerden yatak ba\u015f\u0131 250 Euro g\u00fcnl\u00fck kira al\u0131yor. Bir Bulgar fahi\u015fe bu paray\u0131, kodo\u015fun komisyonunu \u00f6deyebilmek i\u00e7in g\u00fcnde 6 ki\u015fiye hizmet sunmak zorunda ve ondan sonra kendi kesesi i\u00e7in \u00e7al\u0131\u015f\u0131yor. Durum bu.<\/p>\n<p>Kad\u0131ns\u0131z bir toplum \u00fcreyemez. Bu gidi\u015fi durdurmaya \u00f6nlem almayan h\u00fck\u00fcmetler asla ayakta duramaz.\u00a0 Bu toplumun orta dire\u011fi biziz. Bunun bilincine varmak ve derlenip toparlanmak zorunday\u0131z. \u00d6dev ortakt\u0131r.<\/p>\n<p>***<\/p>\n<p>Yine bu hafta 20. kez olmak \u00fczere, 180 \u00fclkede yap\u0131lan r\u00fc\u015fvet ara\u015ft\u0131rma anketleri \u00e7\u0131kt\u0131. 13 ba\u011f\u0131ms\u0131z kurulu\u015f taraf\u0131ndan a\u00e7\u0131klanan bu raporlarda Avrupa Birli\u011fi \u00fclkeleri aras\u0131nda birinci yerdeyiz.\u00a0 Anla\u015f\u0131lan r\u00fc\u015fvet konusunda Bulgaristan\u2019da r\u00fc\u015fvet konusunda 2 form\u00fcl haz\u0131rlanm\u0131\u015f. Birisi h\u00fck\u00fcmet ve belediye ihaleleri i\u00e7in, ikincisi de Avrupa Birli\u011fi \u00fclkelerinden gelen fon paralar\u0131yla ilgilidir. Paralar\u0131n bir k\u0131sm\u0131n\u0131 r\u00fc\u015fvet olarak geri vermeden hi\u00e7 kimsenin ad\u0131m atmaya imk\u00e2n\u0131 yok. Toplum k\u0131sk\u0131vrak ba\u011flanm\u0131\u015f, fakirler yoksulla\u015fmaya devam ederken, zenginler palazlanmaya devam ediyor. R\u00fc\u015fvet puan\u0131 % 43 olarak g\u00f6steriliyor ki, ge\u00e7en sene 2 puan y\u00fckselmi\u015f ve sistemli bir b\u00fcy\u00fcme kaydediyor. Toplumda r\u00fc\u015fvetle sava\u015fanlar\u0131n potansiyeli t\u00fckenmi\u015f.<\/p>\n<p>Ya\u015fanan durgunlu\u011fun nedenleri aras\u0131nda, gazeteci ara\u015ft\u0131rmalar\u0131n\u0131n k\u0131s\u0131tlanmas\u0131, yasaklanmas\u0131 ve engellenmesi birinci s\u0131rada g\u00f6steriliyor. R\u00fc\u015fvetten ya\u015fayanlar \u201c<strong>\u00f6zg\u00fcr bas\u0131ndan daha g\u00fc\u00e7l\u00fc<\/strong>\u201d bizde. Kimse burnundan k\u0131l kopartm\u0131yor. Devlet soyuldu \u00e7\u00f6k\u00fcyor a\u00e7\u0131lm\u0131\u015f dava, tutuklanan soyguncu, doland\u0131r\u0131c\u0131 yok. Paralar\u0131n\u0131 Of \u015for hesaplarda saklayanlar\u0131, d\u0131\u015f bankalarda tutanlar\u0131 devlet korumaya devam ediyor. Devlet, savc\u0131l\u0131k, polis sanki soyguncular\u0131 sakl\u0131yor ve ele vermiyor, mahkemelerde adalet \u015fokla\u015fm\u0131\u015f ve derin dondurucuya konmu\u015f, buzunu salm\u0131yor.<\/p><div id=\"bghab-990807263\" class=\"bghab-icerik-icine-20-paragraf bghab-entity-placement\"><script async src=\"\/\/pagead2.googlesyndication.com\/pagead\/js\/adsbygoogle.js?client=ca-pub-6203283170189293\" crossorigin=\"anonymous\"><\/script><ins class=\"adsbygoogle\" style=\"display:block; text-align:center;\" data-ad-client=\"ca-pub-6203283170189293\" \ndata-ad-slot=\"7303146466\" \ndata-ad-layout=\"in-article\"\ndata-ad-format=\"fluid\" data-full-width-responsive=\"true\"><\/ins>\n<script> \n(adsbygoogle = window.adsbygoogle || []).push({}); \n<\/script>\n<\/div>\n<p>\u0130kinci olarak, r\u00fc\u015fvete kar\u015f\u0131 \u00e7al\u0131\u015fan bir yasama d\u00fczeni yok. R\u00fc\u015fvetle m\u00fccadele edecek komisyon kurulamad\u0131. Savc\u0131l\u0131k sinyal bekliyor ve ard\u0131ndan su\u00e7lar donduruluyor, su\u00e7lular kovu\u015fturulup tutuklanm\u0131yor. Romanya\u2019da i\u00e7eri girmeyen bakan kalmad\u0131, Bulgaristan\u2019da hi\u00e7 birisi savc\u0131l\u0131\u011fa \u00e7a\u011fr\u0131lmad\u0131. Polisleri susturmak i\u00e7in y\u0131lba\u015f\u0131nda 100 milyon leva da\u011f\u0131t\u0131ld\u0131 ve yoksul toplum y\u00fcz\u00fcst\u00fc kald\u0131.<\/p>\n<p>TV ekran\u0131na \u00e7\u0131k\u0131p \u201c<strong>Bulgarlar huzur i\u00e7inde sabaha kadar uyuyor<\/strong>.\u201d Deyenler yalan s\u00f6yl\u00fcyor ya da kendilerini kand\u0131r\u0131yor. Sofya metro duraklar\u0131nda \u00f6n\u00fcnde bir bo\u015f \u00e7ay barda\u011f\u0131 sabaha kadar oturan, betona uzanm\u0131\u015f uyuyanlar, \u00a0g\u00fcn boyu \u201c<strong>Allah r\u0131zas\u0131 i\u00e7in bir ekmek paras\u0131<\/strong>\u201d diyerek dilenen ya\u015fl\u0131lar\u0131n say\u0131s\u0131 her ge\u00e7en g\u00fcn art\u0131yor. Bu tabloyu g\u00f6renler, Birinci D\u00fcnya Sava\u015f\u0131ndan sonra a\u00e7l\u0131k olmu\u015f ve durum b\u00f6yleymi\u015f, diye anlat\u0131yor. 1990\u2019dan sonra Bulgar h\u00fckumetleri halk\u0131 topra\u011f\u0131n\u0131n ba\u015f\u0131na \u00e7eviremedi, sabanlar topra\u011fa dalmad\u0131, ekinler boy atmad\u0131, tarlalardan orak\u00e7\u0131 \u015fark\u0131lar\u0131 gelmedi. Toplum b\u00fcz\u00fcl\u00fcyor, ya\u015fam zor nefes al\u0131yor, k\u00f6yler insans\u0131z kal\u0131yor. Vatan\u0131m\u0131z yeni sel bekliyor. Beklenen insan seliyse, i\u00e7inde biz olal\u0131m..<\/p>\n<p>L\u00fctfen payla\u015f\u0131n\u0131z.<\/p>\n<div id=\"bghab-3670623611\" class=\"bghab-yazi-altinda bghab-entity-placement\"><div class=\"bghab-adlabel\">Reklamlar<\/div><script async src=\"https:\/\/pagead2.googlesyndication.com\/pagead\/js\/adsbygoogle.js\"><\/script>\r\n<!-- bghaber-yaz\u0131-sonu -->\r\n<ins class=\"adsbygoogle\"\r\n     style=\"display:block\"\r\n     data-ad-client=\"ca-pub-6203283170189293\"\r\n     data-ad-slot=\"4222328180\"\r\n     data-ad-format=\"auto\"\r\n     data-full-width-responsive=\"true\"><\/ins>\r\n<script>\r\n     (adsbygoogle = window.adsbygoogle || []).push({});\r\n<\/script><\/div><br style=\"clear: both; display: block; float: none;\"\/>","protected":false},"excerpt":{"rendered":"<p>\u0130brahim SOYT\u00dcRK Tarih: 23 \u015eubat 23 02 2017 Konu:\u00a0\u00a0 \u0130statistiklerdeki Siyasi Bunal\u0131m. Ya\u015fam zor nefes al\u0131yor. Bu hafta Sofya bas\u0131n\u0131, \u015eubat ay\u0131nda siyasi nitelikli sorunlarla<\/p>\n","protected":false},"author":13,"featured_media":15883,"comment_status":"closed","ping_status":"closed","sticky":false,"template":"","format":"standard","meta":{"advanced_seo_description":"","jetpack_seo_html_title":"","jetpack_seo_noindex":false,"_jetpack_memberships_contains_paid_content":false,"footnotes":""},"categories":[6],"tags":[],"class_list":["post-27686","post","type-post","status-publish","format-standard","has-post-thumbnail","hentry","category-yorum"],"jetpack_featured_media_url":"https:\/\/i0.wp.com\/www.bghaber.org\/bghaber\/wp-content\/uploads\/2015\/08\/ibo-soyt.jpg?fit=426%2C492&ssl=1","jetpack_sharing_enabled":true,"jetpack_likes_enabled":true,"jetpack-related-posts":[],"jetpack_shortlink":"https:\/\/wp.me\/pc2PfJ-7cy","_links":{"self":[{"href":"https:\/\/www.bghaber.org\/bghaber\/wp-json\/wp\/v2\/posts\/27686","targetHints":{"allow":["GET"]}}],"collection":[{"href":"https:\/\/www.bghaber.org\/bghaber\/wp-json\/wp\/v2\/posts"}],"about":[{"href":"https:\/\/www.bghaber.org\/bghaber\/wp-json\/wp\/v2\/types\/post"}],"author":[{"embeddable":true,"href":"https:\/\/www.bghaber.org\/bghaber\/wp-json\/wp\/v2\/users\/13"}],"replies":[{"embeddable":true,"href":"https:\/\/www.bghaber.org\/bghaber\/wp-json\/wp\/v2\/comments?post=27686"}],"version-history":[{"count":0,"href":"https:\/\/www.bghaber.org\/bghaber\/wp-json\/wp\/v2\/posts\/27686\/revisions"}],"wp:featuredmedia":[{"embeddable":true,"href":"https:\/\/www.bghaber.org\/bghaber\/wp-json\/wp\/v2\/media\/15883"}],"wp:attachment":[{"href":"https:\/\/www.bghaber.org\/bghaber\/wp-json\/wp\/v2\/media?parent=27686"}],"wp:term":[{"taxonomy":"category","embeddable":true,"href":"https:\/\/www.bghaber.org\/bghaber\/wp-json\/wp\/v2\/categories?post=27686"},{"taxonomy":"post_tag","embeddable":true,"href":"https:\/\/www.bghaber.org\/bghaber\/wp-json\/wp\/v2\/tags?post=27686"}],"curies":[{"name":"wp","href":"https:\/\/api.w.org\/{rel}","templated":true}]}}