{"id":27677,"date":"2018-02-24T09:00:16","date_gmt":"2018-02-24T06:00:16","guid":{"rendered":"http:\/\/www.bghaber.org\/bghaber\/?p=27677"},"modified":"2019-07-06T20:58:18","modified_gmt":"2019-07-06T17:58:18","slug":"iktidar-koalisyon-istikrarlidir","status":"publish","type":"post","link":"https:\/\/www.bghaber.org\/bghaber\/iktidar-koalisyon-istikrarlidir\/","title":{"rendered":"\u0130ktidar koalisyon istikrarl\u0131d\u0131r"},"content":{"rendered":"<p>GERB Partisinin Parlamenter Grubu Ba\u015fkan\u0131 Tsvetan Tsvetanov ve \u201cAtaka\u201d Partisi Lideri Volen Siderov, Halk Meclisi\u2019nde Birle\u015fik Vatanseverler\u2019in kabinesinde yap\u0131lan bir saatlik bir g\u00f6r\u00fc\u015fmeden sonra \u201c\u0130ktidardaki koalisyon istikrarl\u0131d\u0131r\u201d diye bildirdi.<\/p>\n<p>Bundan \u00f6nce GERB partisinden milletvekili Delyan Dobrev, iktidardaki koalisyonda \u201cAtaka\u201dn\u0131n \u201cVolya\u201d partisi ile de\u011fi\u015ftirilebildi\u011fine olanak tan\u0131m\u0131\u015ft\u0131. Bulgaristan Milli Radyosu\u2019na konu\u015fan \u201cVolya\u201d Partisinin Parlamenter Grubunun Ba\u015fkan Yard\u0131mc\u0131s\u0131 Kr\u0131stina Taskova, \u201c\u201cVolya\u201d partisi ile iktidardaki koalisyona kat\u0131l\u0131m\u0131 i\u00e7in g\u00f6r\u00fc\u015fmeler yap\u0131lmam\u0131\u015ft\u0131r. \u201cVolya\u201d partisi, hi\u00e7 birinin alternatifi olarak kullan\u0131lam\u0131yor\u201d diye bildirdi.<\/p>\n<p>Ba\u015fbakan Boyko Borisov, GERB\u2019in koalisyon ortaklar\u0131n\u0131 \u201czor\u201d olarak tan\u0131mlad\u0131, ancak koalisyon i\u00e7in ba\u015fka varyant olmad\u0131\u011f\u0131n\u0131 bildirdi.<\/p>\n<p>&nbsp;<\/p>\n<p>BNR<\/p><div id=\"bghab-440221432\" class=\"bghab-icerik-icine bghab-entity-placement\"><script async src=\"\/\/pagead2.googlesyndication.com\/pagead\/js\/adsbygoogle.js?client=ca-pub-6203283170189293\" crossorigin=\"anonymous\"><\/script><ins class=\"adsbygoogle\" style=\"display:block; text-align:center;\" data-ad-client=\"ca-pub-6203283170189293\" \ndata-ad-slot=\"7303146466\" \ndata-ad-layout=\"in-article\"\ndata-ad-format=\"fluid\" data-full-width-responsive=\"true\"><\/ins>\n<script> \n(adsbygoogle = window.adsbygoogle || []).push({}); \n<\/script>\n<\/div>\n<div id=\"bghab-889715125\" class=\"bghab-yazi-altinda bghab-entity-placement\"><div class=\"bghab-adlabel\">Reklamlar<\/div><script async src=\"https:\/\/pagead2.googlesyndication.com\/pagead\/js\/adsbygoogle.js\"><\/script>\r\n<!-- bghaber-yaz\u0131-sonu -->\r\n<ins class=\"adsbygoogle\"\r\n     style=\"display:block\"\r\n     data-ad-client=\"ca-pub-6203283170189293\"\r\n     data-ad-slot=\"4222328180\"\r\n     data-ad-format=\"auto\"\r\n     data-full-width-responsive=\"true\"><\/ins>\r\n<script>\r\n     (adsbygoogle = window.adsbygoogle || []).push({});\r\n<\/script><\/div><br style=\"clear: both; display: block; float: none;\"\/>","protected":false},"excerpt":{"rendered":"<p>GERB Partisinin Parlamenter Grubu Ba\u015fkan\u0131 Tsvetan Tsvetanov ve \u201cAtaka\u201d Partisi Lideri Volen Siderov, Halk Meclisi\u2019nde Birle\u015fik Vatanseverler\u2019in kabinesinde yap\u0131lan bir saatlik bir g\u00f6r\u00fc\u015fmeden sonra \u201c\u0130ktidardaki<\/p>\n","protected":false},"author":29,"featured_media":27678,"comment_status":"closed","ping_status":"closed","sticky":false,"template":"","format":"standard","meta":{"advanced_seo_description":"","jetpack_seo_html_title":"","jetpack_seo_noindex":false,"_jetpack_memberships_contains_paid_content":false,"footnotes":""},"categories":[1,4],"tags":[],"class_list":["post-27677","post","type-post","status-publish","format-standard","has-post-thumbnail","hentry","category-haberler","category-siyaset"],"jetpack_featured_media_url":"https:\/\/i0.wp.com\/www.bghaber.org\/bghaber\/wp-content\/uploads\/2018\/02\/Tsvetan-Tsvetanov-ve-Volen-Siderov.jpg?fit=850%2C478&ssl=1","jetpack_sharing_enabled":true,"jetpack_likes_enabled":true,"jetpack-related-posts":[],"jetpack_shortlink":"https:\/\/wp.me\/pc2PfJ-7cp","_links":{"self":[{"href":"https:\/\/www.bghaber.org\/bghaber\/wp-json\/wp\/v2\/posts\/27677","targetHints":{"allow":["GET"]}}],"collection":[{"href":"https:\/\/www.bghaber.org\/bghaber\/wp-json\/wp\/v2\/posts"}],"about":[{"href":"https:\/\/www.bghaber.org\/bghaber\/wp-json\/wp\/v2\/types\/post"}],"author":[{"embeddable":true,"href":"https:\/\/www.bghaber.org\/bghaber\/wp-json\/wp\/v2\/users\/29"}],"replies":[{"embeddable":true,"href":"https:\/\/www.bghaber.org\/bghaber\/wp-json\/wp\/v2\/comments?post=27677"}],"version-history":[{"count":0,"href":"https:\/\/www.bghaber.org\/bghaber\/wp-json\/wp\/v2\/posts\/27677\/revisions"}],"wp:featuredmedia":[{"embeddable":true,"href":"https:\/\/www.bghaber.org\/bghaber\/wp-json\/wp\/v2\/media\/27678"}],"wp:attachment":[{"href":"https:\/\/www.bghaber.org\/bghaber\/wp-json\/wp\/v2\/media?parent=27677"}],"wp:term":[{"taxonomy":"category","embeddable":true,"href":"https:\/\/www.bghaber.org\/bghaber\/wp-json\/wp\/v2\/categories?post=27677"},{"taxonomy":"post_tag","embeddable":true,"href":"https:\/\/www.bghaber.org\/bghaber\/wp-json\/wp\/v2\/tags?post=27677"}],"curies":[{"name":"wp","href":"https:\/\/api.w.org\/{rel}","templated":true}]}}