{"id":27675,"date":"2018-02-23T21:28:56","date_gmt":"2018-02-23T18:28:56","guid":{"rendered":"http:\/\/www.bghaber.org\/bghaber\/?p=27675"},"modified":"2019-07-06T20:58:19","modified_gmt":"2019-07-06T17:58:19","slug":"basbakan-petkovanin-istifasini-kabul-edecek","status":"publish","type":"post","link":"https:\/\/www.bghaber.org\/bghaber\/basbakan-petkovanin-istifasini-kabul-edecek\/","title":{"rendered":"Ba\u015fbakan Petkova\u2019n\u0131n istifas\u0131n\u0131 kabul edecek"},"content":{"rendered":"<p>Br\u00fcksel&#8217;de bas\u0131n mensuplar\u0131na a\u00e7\u0131klamada bulunan Ba\u015fbakan Boyko Borisov, Enerji Bakan\u0131 Temenujka Petkova&#8217;n\u0131n istifas\u0131n\u0131 kabul edece\u011fini a\u00e7\u0131klad\u0131. Bundan \u00f6nce Bakan Petkova, Ba\u015fbakan\u2019a istifa dilek\u00e7esini verece\u011fini duyurdu. Petkova\u2019n\u0131n istifas\u0131n\u0131n nedeni, \u00c7ek sermayeli CEZ&#8217;in Bulgaristan&#8217;daki \u015firketini sat\u0131n almaya aday \u015firketlerden \u0130nerkom Grup\u2019u onaylad\u0131\u011f\u0131n\u0131 a\u00e7\u0131klamas\u0131ndan sonra Bakan\u2019\u0131n bu \u015firketin sahibi Ginka V\u0131rbakova ile 20 y\u0131ld\u0131r tan\u0131\u015f\u0131k oldu\u011funun anla\u015f\u0131lmas\u0131d\u0131r.<\/p>\n<p>Borisov, h\u00fck\u00fcmetin, kendisinin ve Petkova\u2019n\u0131n itibar\u0131n\u0131n zedelenmesine hi\u00e7bir f\u0131rsat vermemek i\u00e7in istifay\u0131 kabul edece\u011fini s\u00f6yledi. Ba\u015fbakan, Enerji Bakan\u0131\u2019n\u0131 d\u00fcr\u00fcst bir insan olarak niteledi, ancak kendisine de tavsiye etti\u011fi gibi do\u011fru olan\u0131n Meclise gidip istifas\u0131n\u0131 sunmak oldu\u011funu belirtti.<\/p>\n<p>Ba\u015fbakan, \u201cD\u00f6nd\u00fc\u011f\u00fcmde koalisyon ortaklar\u0131yla g\u00f6r\u00fc\u015fece\u011fim ve g\u00f6reve kimin atanaca\u011f\u0131na karar verece\u011fiz\u201d dedi.<\/p>\n<p>Ba\u015fbakan, h\u00fck\u00fcmetin \u00f6zel bir \u015firketin yapt\u0131\u011f\u0131 anla\u015fmaya m\u00fcdahale edemeyece\u011fini birka\u00e7 kez tekrarlad\u0131. Borisov, \u201cHi\u00e7bir \u015fekilde bu anla\u015fmay\u0131 etkilemedik, \u00e7\u00fcnk\u00fc zaten de etkileme yolu yok\u201d dedi. Borisov, \u00c7ek Cumhuriyeti&#8217;nde bir \u00f6zel \u015firket anla\u015fmas\u0131na m\u00fcdahale etme veya rekabet etme imkan\u0131 olmad\u0131\u011f\u0131n\u0131 belirtti. Per\u015fembe g\u00fcn\u00fc CEZ y\u00f6netiminin Bulgaristan\u2019daki \u015firketini \u0130nercom Grubu\u2019na satmay\u0131 onaylad\u0131\u011f\u0131 anla\u015f\u0131ld\u0131. Al\u0131m sat\u0131m anla\u015fmas\u0131n\u0131n Bulgaristan\u2019da enerji piyasas\u0131n\u0131 d\u00fczenleyen organlar taraf\u0131ndan onaylanmas\u0131 gerekiyor. Borisov,\u201dEnerji ve Su D\u00fczenleme Komisyonu, Rekabeti Koruma Komisyonu, Devlet Milli G\u00fcvenlik Ajans\u0131 (DANS) var. Anla\u015fma \u00fclkemiz d\u00fczeyine ta\u015f\u0131nd\u0131\u011f\u0131nda kurumlar i\u015fini bitirecek\u201d diye g\u00fcvence verdi.<\/p>\n<p>Borisov, \u015fimdiye kadarki ba\u015f\u0131nda bulundu\u011fu kabinelerin elektrik da\u011f\u0131t\u0131m \u015firketleri ile iyi ili\u015fkiler i\u00e7inde olmad\u0131klar\u0131n\u0131 belirtti. Ba\u015fbakan, \u201cElektrik da\u011f\u0131t\u0131m \u015firketleri sat\u0131ld\u0131\u011f\u0131 zaman, GERB partisi hen\u00fcz yoktu ve \u015fimdi bize tavsiye ettikleri gibi hisse sat\u0131n almak isteyenlerin bunu yapmak i\u00e7in zaman\u0131 vard\u0131\u201d diye s\u00f6zlerine ekledi.<\/p><div id=\"bghab-3422837435\" class=\"bghab-icerik-icine bghab-entity-placement\"><script async src=\"\/\/pagead2.googlesyndication.com\/pagead\/js\/adsbygoogle.js?client=ca-pub-6203283170189293\" crossorigin=\"anonymous\"><\/script><ins class=\"adsbygoogle\" style=\"display:block; text-align:center;\" data-ad-client=\"ca-pub-6203283170189293\" \ndata-ad-slot=\"7303146466\" \ndata-ad-layout=\"in-article\"\ndata-ad-format=\"fluid\" data-full-width-responsive=\"true\"><\/ins>\n<script> \n(adsbygoogle = window.adsbygoogle || []).push({}); \n<\/script>\n<\/div>\n<p>Borisov\u2019un a\u00e7\u0131klamas\u0131ndan \u00f6nce bug\u00fcn Ba\u015fbakan Yard\u0131mc\u0131s\u0131 Valeri Simeonov (Birle\u015fik Vatanseverler Koalisyonu\/NFSB) bug\u00fcn devletin neden CEZ\u2019e benzer kurulu\u015flarda pay sahibi olmad\u0131\u011f\u0131n\u0131 sordu.<\/p>\n<p><b>Ortaklar\u0131m\u0131z\u0131 biliyoruz, ancak ba\u015fka se\u00e7ene\u011fimiz yok<\/b><\/p>\n<p>Ba\u015fbakan, iktidar koalisyonundaki gerginliklere de de\u011findi. Bu gerginlikler, Birle\u015fik Vatanda\u015flar\u0131n e\u015fba\u015fkanlar\u0131 aras\u0131ndaki anla\u015fmazl\u0131klardan kaynakland\u0131. Birle\u015fik Vatanseverler Meclis Grubu Ba\u015fkan\u0131 Volen Siderov, hatta GERB Meclis Grubu Ba\u015fkan\u0131 Tsvetan Tsvetanov&#8217;u ele\u015ftirerek, onu eski bir kom\u00fcnist olarak nitelendirdi. Bug\u00fcn ikisi, Ba\u015fbakan Yard\u0131mc\u0131s\u0131 Valeri Simeonov\u2019un da kat\u0131l\u0131m\u0131yla yap\u0131lan g\u00f6r\u00fc\u015fmede gerginli\u011fin giderilmesi i\u00e7in bir araya geldi.<\/p>\n<p>Borisov, \u201cKolay ortaklar de\u011filler, biz onlar\u0131 y\u0131llardan beri tan\u0131yoruz. Karakterlerini biliyorum, zaman zaman kimisi daha az, kimisi daha fazla \u00f6fkeleniyor. Fakat biz denge ve anlay\u0131\u015f ar\u0131yoruz. Ba\u015fka se\u00e7eneklerimiz yok\u201d dedi.<\/p>\n<p>&nbsp;<\/p><div id=\"bghab-1369518752\" class=\"bghab-icerik-icine-10-paragraf bghab-entity-placement\"><script async src=\"\/\/pagead2.googlesyndication.com\/pagead\/js\/adsbygoogle.js?client=ca-pub-6203283170189293\" crossorigin=\"anonymous\"><\/script><ins class=\"adsbygoogle\" style=\"display:block; text-align:center;\" data-ad-client=\"ca-pub-6203283170189293\" \ndata-ad-slot=\"7303146466\" \ndata-ad-layout=\"in-article\"\ndata-ad-format=\"fluid\" data-full-width-responsive=\"true\"><\/ins>\n<script> \n(adsbygoogle = window.adsbygoogle || []).push({}); \n<\/script>\n<\/div>\n<p>K\u0131rcaali Haber<\/p>\n<div id=\"bghab-704385590\" class=\"bghab-yazi-altinda bghab-entity-placement\"><div class=\"bghab-adlabel\">Reklamlar<\/div><script async src=\"https:\/\/pagead2.googlesyndication.com\/pagead\/js\/adsbygoogle.js\"><\/script>\r\n<!-- bghaber-yaz\u0131-sonu -->\r\n<ins class=\"adsbygoogle\"\r\n     style=\"display:block\"\r\n     data-ad-client=\"ca-pub-6203283170189293\"\r\n     data-ad-slot=\"4222328180\"\r\n     data-ad-format=\"auto\"\r\n     data-full-width-responsive=\"true\"><\/ins>\r\n<script>\r\n     (adsbygoogle = window.adsbygoogle || []).push({});\r\n<\/script><\/div><br style=\"clear: both; display: block; float: none;\"\/>","protected":false},"excerpt":{"rendered":"<p>Br\u00fcksel&#8217;de bas\u0131n mensuplar\u0131na a\u00e7\u0131klamada bulunan Ba\u015fbakan Boyko Borisov, Enerji Bakan\u0131 Temenujka Petkova&#8217;n\u0131n istifas\u0131n\u0131 kabul edece\u011fini a\u00e7\u0131klad\u0131. Bundan \u00f6nce Bakan Petkova, Ba\u015fbakan\u2019a istifa dilek\u00e7esini verece\u011fini duyurdu.<\/p>\n","protected":false},"author":29,"featured_media":15718,"comment_status":"closed","ping_status":"closed","sticky":false,"template":"","format":"standard","meta":{"advanced_seo_description":"","jetpack_seo_html_title":"","jetpack_seo_noindex":false,"_jetpack_memberships_contains_paid_content":false,"footnotes":""},"categories":[1,4],"tags":[],"class_list":["post-27675","post","type-post","status-publish","format-standard","has-post-thumbnail","hentry","category-haberler","category-siyaset"],"jetpack_featured_media_url":"https:\/\/i0.wp.com\/www.bghaber.org\/bghaber\/wp-content\/uploads\/2015\/07\/655-402-bojko-borisov.jpg?fit=655%2C402&ssl=1","jetpack_sharing_enabled":true,"jetpack_likes_enabled":true,"jetpack-related-posts":[],"jetpack_shortlink":"https:\/\/wp.me\/pc2PfJ-7cn","_links":{"self":[{"href":"https:\/\/www.bghaber.org\/bghaber\/wp-json\/wp\/v2\/posts\/27675","targetHints":{"allow":["GET"]}}],"collection":[{"href":"https:\/\/www.bghaber.org\/bghaber\/wp-json\/wp\/v2\/posts"}],"about":[{"href":"https:\/\/www.bghaber.org\/bghaber\/wp-json\/wp\/v2\/types\/post"}],"author":[{"embeddable":true,"href":"https:\/\/www.bghaber.org\/bghaber\/wp-json\/wp\/v2\/users\/29"}],"replies":[{"embeddable":true,"href":"https:\/\/www.bghaber.org\/bghaber\/wp-json\/wp\/v2\/comments?post=27675"}],"version-history":[{"count":0,"href":"https:\/\/www.bghaber.org\/bghaber\/wp-json\/wp\/v2\/posts\/27675\/revisions"}],"wp:featuredmedia":[{"embeddable":true,"href":"https:\/\/www.bghaber.org\/bghaber\/wp-json\/wp\/v2\/media\/15718"}],"wp:attachment":[{"href":"https:\/\/www.bghaber.org\/bghaber\/wp-json\/wp\/v2\/media?parent=27675"}],"wp:term":[{"taxonomy":"category","embeddable":true,"href":"https:\/\/www.bghaber.org\/bghaber\/wp-json\/wp\/v2\/categories?post=27675"},{"taxonomy":"post_tag","embeddable":true,"href":"https:\/\/www.bghaber.org\/bghaber\/wp-json\/wp\/v2\/tags?post=27675"}],"curies":[{"name":"wp","href":"https:\/\/api.w.org\/{rel}","templated":true}]}}