{"id":27672,"date":"2018-02-23T21:00:14","date_gmt":"2018-02-23T18:00:14","guid":{"rendered":"http:\/\/www.bghaber.org\/bghaber\/?p=27672"},"modified":"2019-07-06T20:58:19","modified_gmt":"2019-07-06T17:58:19","slug":"popovoda-bir-martenicka-atolyesi","status":"publish","type":"post","link":"https:\/\/www.bghaber.org\/bghaber\/popovoda-bir-martenicka-atolyesi\/","title":{"rendered":"Popovo&#8217;da bir Marteni\u00e7ka At\u00f6lyesi"},"content":{"rendered":"<p>Sa\u011fl\u0131k sembol\u00fc ve bahar\u0131n m\u00fcjdecisi olan beyaz k\u0131rm\u0131z\u0131 p\u00fcsk\u00fcll\u00fc marteni\u00e7kalarla herkesin s\u00fcslendi\u011fi ve en g\u00fczel Bulgaristan bayramlar\u0131ndan biri olan 1 Mart kap\u0131m\u0131z\u0131 \u00e7al\u0131yor.<\/p>\n<p>D\u00fcnyan\u0131n neresinde olurlarsa olsunlar t\u00fcm soyda\u015flar da marteni\u00e7kalar\u0131 ya yakas\u0131na, ya da koluna takar. \u00c7ocuklar\u0131m\u0131z kendi elleriyle yapt\u0131klar\u0131 marteni\u00e7kalar\u0131 arkada\u015flar\u0131na da hediye eder. 1 Mart arifesinde ihtiya\u00e7 sahiplerine destek olmak amac\u0131yla farkl\u0131 hay\u0131rsever kampanyalar d\u00fczenlenir ve marteni\u00e7kalar sat\u0131\u015fa sunulur. Bu kampanyalar her ge\u00e7en y\u0131l daha fazla olur. Bug\u00fcn Kuzeydo\u011fu Bulgaristan\u2019\u0131n Popovo \u015fehrine bir \u201cMarteni\u00e7ka at\u00f6lyesine\u201d gidiyoruz. \u015eehrin n\u00fcfusu 15 bin ki\u015fiyi a\u015fmasa da insanlar\u0131 son derece yard\u0131mseverdir ve iyi kalplidir. Buradaki hay\u0131rsever kampanyay\u0131 \u201cSveti sveti Kiril ve Metodiy\u201d Okumaevi sekreteri Rositsa Hristova anlat\u0131yor:<\/p>\n<p>\u201c<i>At\u00f6lyemiz, sa\u011fl\u0131k sorunlar\u0131 olan \u00e7ocuklar\u0131m\u0131za destek olmak amac\u0131yla kurulan iyilik ve dayan\u0131\u015fma mesaj\u0131n\u0131 beraberinde getiriyor. Bu y\u0131l kampanyam\u0131z 15 \u015eubat\u2019ta ba\u015flad\u0131 ve 3 Mart\u2019a son bulacak. Fikir tamamen Popovo Okumaevine ait. Kampanyam\u0131z \u201c\u00c7ocuklar \u00e7ocuklara yard\u0131m ediyor\u201d ba\u015fl\u0131\u011f\u0131n\u0131 ta\u015f\u0131yor ve 13 y\u0131ld\u0131r \u015fehrin t\u00fcm ilk okular\u0131ndan olmak \u00fczere t\u00fcm \u00e7ocuklar\u0131 bir araya getiriyor. Son y\u0131llarda ana okullar da bu kampanyam\u0131za destek \u00e7\u0131k\u0131yor<\/i>.<\/p>\n<p><i>\u0130ki hafta boyunca \u00e7ocuklar marteni\u00e7ka yap\u0131yor ve el i\u015flerinde t\u00fcm yetene\u011fini ve becerilerini ortaya koyuyorlar, marteni\u00e7ka efsanesini, geleneklerle yak\u0131ndan tan\u0131tma f\u0131rsat\u0131n\u0131 yakal\u0131yorlar. Genelde at\u00f6lyenin konu\u011fu ya Marta Ninenin k\u0131z torunu, ya da bizzat Marta Nine oluyor. 1 Mart arifesinde okumaevimiz son derece g\u00fczel bir sergiyle adeta g\u00fcne\u015f gibi parlarken vatanda\u015flar marteni\u00e7ka sat\u0131n almak i\u00e7in buraya ak\u0131n ediyorlar. Marteni\u00e7ka yap\u0131m\u0131nda gerekli t\u00fcm malzemeler okumaevi taraf\u0131ndan sa\u011flan\u0131rken iplikler ve boncuklarla b\u00fcy\u00fckler ilgilenirken \u00e7ocuklar t\u00fcm yarat\u0131c\u0131l\u0131\u011f\u0131n\u0131 ortaya koyuyorlar. Sonunda \u201cHristo Botev\u201d lisesi Bulgar K\u0131z\u0131lha\u00e7\u2019tan gen\u00e7ler ile \u015fehirde t\u00fcm marteni\u00e7kalar\u0131 da\u011f\u0131t\u0131yoruz. \u00dc\u00e7 ayr\u0131 yerde marteni\u00e7kalar\u0131 sat\u0131yoruz. Her y\u0131l 800-1200 leva aras\u0131nda para topluyoruz ve t\u00fcm paralar sa\u011fl\u0131k sorunlar\u0131 olan \u00e7ocuklara veya dar gelirli vatanda\u015flara ba\u011f\u0131\u015flan\u0131yor. Belediye ile ortakla\u015fa olarak paralar\u0131n nereye ba\u011f\u0131\u015flanaca\u011f\u0131na karar veriyoruz. Bu y\u0131l toplad\u0131\u011f\u0131m\u0131z paralar\u0131 sa\u011fl\u0131k sorunlar\u0131 olan 2 ya\u015f\u0131ndaki ikiz karde\u015fler Viki ve Pe\u015fi\u2019ye ba\u011f\u0131\u015flanacak<\/i>.\u201d<\/p>\n<p>Her ge\u00e7en y\u0131l iyilik ad\u0131na yaratat\u0131c\u0131l\u0131k at\u00f6lyesine daha fazla insan kat\u0131l\u0131yor. B\u00f6ylece zor durumda olan ailelere yard\u0131m edilirken ard\u0131nda k\u00fc\u00e7\u00fck ustalar\u0131n ba\u015far\u0131s\u0131n\u0131n yaratt\u0131\u011f\u0131 memnuniyet herkese mutlu ediyor.<\/p><div id=\"bghab-4242425803\" class=\"bghab-icerik-icine bghab-entity-placement\"><script async src=\"\/\/pagead2.googlesyndication.com\/pagead\/js\/adsbygoogle.js?client=ca-pub-6203283170189293\" crossorigin=\"anonymous\"><\/script><ins class=\"adsbygoogle\" style=\"display:block; text-align:center;\" data-ad-client=\"ca-pub-6203283170189293\" \ndata-ad-slot=\"7303146466\" \ndata-ad-layout=\"in-article\"\ndata-ad-format=\"fluid\" data-full-width-responsive=\"true\"><\/ins>\n<script> \n(adsbygoogle = window.adsbygoogle || []).push({}); \n<\/script>\n<\/div>\n<p>&nbsp;<\/p>\n<p>\u00c7eviri: \u015eevkiye \u00c7ak\u0131r, BNR<\/p>\n<div id=\"bghab-1724111587\" class=\"bghab-yazi-altinda bghab-entity-placement\"><div class=\"bghab-adlabel\">Reklamlar<\/div><script async src=\"https:\/\/pagead2.googlesyndication.com\/pagead\/js\/adsbygoogle.js\"><\/script>\r\n<!-- bghaber-yaz\u0131-sonu -->\r\n<ins class=\"adsbygoogle\"\r\n     style=\"display:block\"\r\n     data-ad-client=\"ca-pub-6203283170189293\"\r\n     data-ad-slot=\"4222328180\"\r\n     data-ad-format=\"auto\"\r\n     data-full-width-responsive=\"true\"><\/ins>\r\n<script>\r\n     (adsbygoogle = window.adsbygoogle || []).push({});\r\n<\/script><\/div><br style=\"clear: both; display: block; float: none;\"\/>","protected":false},"excerpt":{"rendered":"<p>Sa\u011fl\u0131k sembol\u00fc ve bahar\u0131n m\u00fcjdecisi olan beyaz k\u0131rm\u0131z\u0131 p\u00fcsk\u00fcll\u00fc marteni\u00e7kalarla herkesin s\u00fcslendi\u011fi ve en g\u00fczel Bulgaristan bayramlar\u0131ndan biri olan 1 Mart kap\u0131m\u0131z\u0131 \u00e7al\u0131yor. D\u00fcnyan\u0131n neresinde<\/p>\n","protected":false},"author":29,"featured_media":27673,"comment_status":"closed","ping_status":"closed","sticky":false,"template":"","format":"standard","meta":{"advanced_seo_description":"","jetpack_seo_html_title":"","jetpack_seo_noindex":false,"_jetpack_memberships_contains_paid_content":false,"footnotes":""},"categories":[10],"tags":[],"class_list":["post-27672","post","type-post","status-publish","format-standard","has-post-thumbnail","hentry","category-kultur-sanat"],"jetpack_featured_media_url":"https:\/\/i0.wp.com\/www.bghaber.org\/bghaber\/wp-content\/uploads\/2018\/02\/Popovoda-bir-Martenicka-Atolyesi.jpg?fit=850%2C478&ssl=1","jetpack_sharing_enabled":true,"jetpack_likes_enabled":true,"jetpack-related-posts":[],"jetpack_shortlink":"https:\/\/wp.me\/pc2PfJ-7ck","_links":{"self":[{"href":"https:\/\/www.bghaber.org\/bghaber\/wp-json\/wp\/v2\/posts\/27672","targetHints":{"allow":["GET"]}}],"collection":[{"href":"https:\/\/www.bghaber.org\/bghaber\/wp-json\/wp\/v2\/posts"}],"about":[{"href":"https:\/\/www.bghaber.org\/bghaber\/wp-json\/wp\/v2\/types\/post"}],"author":[{"embeddable":true,"href":"https:\/\/www.bghaber.org\/bghaber\/wp-json\/wp\/v2\/users\/29"}],"replies":[{"embeddable":true,"href":"https:\/\/www.bghaber.org\/bghaber\/wp-json\/wp\/v2\/comments?post=27672"}],"version-history":[{"count":0,"href":"https:\/\/www.bghaber.org\/bghaber\/wp-json\/wp\/v2\/posts\/27672\/revisions"}],"wp:featuredmedia":[{"embeddable":true,"href":"https:\/\/www.bghaber.org\/bghaber\/wp-json\/wp\/v2\/media\/27673"}],"wp:attachment":[{"href":"https:\/\/www.bghaber.org\/bghaber\/wp-json\/wp\/v2\/media?parent=27672"}],"wp:term":[{"taxonomy":"category","embeddable":true,"href":"https:\/\/www.bghaber.org\/bghaber\/wp-json\/wp\/v2\/categories?post=27672"},{"taxonomy":"post_tag","embeddable":true,"href":"https:\/\/www.bghaber.org\/bghaber\/wp-json\/wp\/v2\/tags?post=27672"}],"curies":[{"name":"wp","href":"https:\/\/api.w.org\/{rel}","templated":true}]}}