{"id":27666,"date":"2018-02-23T20:00:00","date_gmt":"2018-02-23T17:00:00","guid":{"rendered":"http:\/\/www.bghaber.org\/bghaber\/?p=27666"},"modified":"2019-07-06T20:58:19","modified_gmt":"2019-07-06T17:58:19","slug":"bulgaristan-cocuklari-izmir-space-camp-merkezinde","status":"publish","type":"post","link":"https:\/\/www.bghaber.org\/bghaber\/bulgaristan-cocuklari-izmir-space-camp-merkezinde\/","title":{"rendered":"Bulgaristan \u00e7ocuklar\u0131 \u0130zmir Space Camp Merkezinde"},"content":{"rendered":"<p>Mucit milyarder Elon Musk, Uzaya arabas\u0131n\u0131 f\u0131rlat\u0131rken kendi tarz\u0131nda espiri yaparken \u0130ngiliz fizik\u00e7i, evrenbilimci, astronom, teorisyen ve yazar Stephen Hawking, sadece 200 y\u0131l sonra insano\u011flunun yeni bir gezegen aramak zorunda kalaca\u011f\u0131na dair ciddi bir uyar\u0131da bulundu. O zamanlar insanlar mecbur astronot olacak ve Uzay\u2019a u\u00e7u\u015f hayalleri, sadece nostaljik bir \u00e7ocuk hayali olarak kalacak.<\/p>\n<p><img data-recalc-dims=\"1\" decoding=\"async\" class=\"aligncenter\" src=\"https:\/\/i0.wp.com\/static.bnr.bg\/gallery\/1b\/1ba6c3a691f3fbcf1179cd76eeec54bc.jpg?w=640\" alt=\"\u0421\u043d\u0438\u043c\u043a\u0430\" \/><\/p>\n<p>Bulgaristan\u2019\u0131n en k\u0131sa zamanda yeni bir astronotu olmas\u0131 ve Uzay \u00fclkelerin aras\u0131na yerini tekrar almas\u0131, Yarat\u0131c\u0131 E\u011fitim Merkezi\u2019nin yetenekli \u00e7ocuklara ger\u00e7ek ortamda Uzay bilimi ile tan\u0131\u015fmas\u0131nda yard\u0131mc\u0131 olarak 14 y\u0131ld\u0131r bu hedefi s\u00fcr\u00fcyor. Bu y\u0131l da 9 ile 15 ya\u015f aras\u0131ndaki Bulgaristan \u00e7ocuklar\u0131 1 Mart tarihine kadar NASA modelinde kurulan \u00fc\u00e7 merkezden biri olan \u0130zmir\u2019deki Space Camp Turkey merkezini ziyaret etmek i\u00e7in ba\u015fvuruda bulunabilir. Bu merklezde uzay bilimi, robot bilimi, astrofizik ve biyoloji alan\u0131nda yeni bilgiler edinecek ve gelece\u011fin astronotlar\u0131n\u0131n haz\u0131rl\u0131k \u00e7al\u0131\u015fmalar\u0131n\u0131 y\u00fcr\u00fctt\u00fc\u011f\u00fc sim\u00fclat\u00f6rde antreman yapabilecektir.<\/p>\n<p><img data-recalc-dims=\"1\" decoding=\"async\" class=\"aligncenter\" src=\"https:\/\/i0.wp.com\/static.bnr.bg\/gallery\/a1\/a1388821b34e7d4210dfa5da9f1aef4e.jpg?w=640\" alt=\"\u0421\u043d\u0438\u043c\u043a\u0430\" \/><\/p>\n<p>T\u00fcrkiye Uzay Merkezi kordinat\u00f6r\u00fc Gergana Rayjekova \u015funlar\u0131 anlat\u0131yor:<\/p>\n<p><i>\u00c7ocuklar, Mars\u2019ta yerle\u015fim yerleri kuruyor, uzay gemileri yap\u0131yor ve f\u0131rlat\u0131yor. Ayr\u0131ca ger\u00e7ek bir misyonmu\u015f gibi farkl\u0131 sim\u00fclasyonlara kat\u0131l\u0131yorlar. Uluslararas\u0131 ekipler \u00fc\u00e7 gruba ayr\u0131l\u0131yor \u2013 \u00e7ocuklar\u0131n bir b\u00f6l\u00fcm\u00fc yerdeki istasyonda kal\u0131yor, di\u011ferleri ise Uluslalarasu Uzay istasyonda \u00e7al\u0131\u015f\u0131yor. Birka\u00e7 \u00e7ocuk ise Uzay&#8217;da u\u00e7u\u015fa haz\u0131rlanan astronot r\u00f6l\u00fcne giriyor. \u00c7ocuklar\u0131n hepsi bilimle ilgili sorulara do\u011fru cevap verdi\u011fi durumda astronotlar\u0131n kulland\u0131\u011f\u0131 sim\u00fclat\u00f6rleri kullanabiliyor.<\/i><\/p>\n<p><img data-recalc-dims=\"1\" decoding=\"async\" class=\"aligncenter\" src=\"https:\/\/i0.wp.com\/static.bnr.bg\/gallery\/b8\/b8a0c3ef8bfa43ba22c5826711ab8a1b.jpg?w=640\" alt=\"Gergana Rayjekova\" \/><\/p>\n<p><i>Ayr\u0131ca \u00e7ocuklar fizik\u00e7ilerle bilim adamlar\u0131yla g\u00f6r\u00fc\u015fme f\u0131rsat\u0131na sahip oluyor. Mesela Uzay\u2019a dev bir uzay gemisinin nas\u0131l ve ne \u015fekilde u\u00e7tu\u011funu anlat\u0131yorlar. Tabii ki, burada en beklenen an, NASA astronotlar\u0131 ile canl\u0131 konferans kurmak.<\/i><\/p><div id=\"bghab-310785230\" class=\"bghab-icerik-icine bghab-entity-placement\"><script async src=\"\/\/pagead2.googlesyndication.com\/pagead\/js\/adsbygoogle.js?client=ca-pub-6203283170189293\" crossorigin=\"anonymous\"><\/script><ins class=\"adsbygoogle\" style=\"display:block; text-align:center;\" data-ad-client=\"ca-pub-6203283170189293\" \ndata-ad-slot=\"7303146466\" \ndata-ad-layout=\"in-article\"\ndata-ad-format=\"fluid\" data-full-width-responsive=\"true\"><\/ins>\n<script> \n(adsbygoogle = window.adsbygoogle || []).push({}); \n<\/script>\n<\/div>\n<p>\u015eimdiye dek 850\u2019den fazla Bulgaristan \u00e7ocu\u011fu Uzay halini ger\u00e7ekle\u015ftirme imkan\u0131na sahip olurken bug\u00fcn bir\u00e7ok \u00e7ocu\u011fumuz yabanc\u0131 uzay programlar\u0131na kat\u0131labilmek i\u00e7in yabanc\u0131 \u00fcniversitelerde okuyor.<\/p>\n<p>Peki Bulgaristan\u2019da astronot hayalini ger\u00e7ekle\u015ftirme imkan\u0131n\u0131 yakalayabilirler mi?<\/p>\n<p><i>Bulgar bilim adamlar\u0131n\u0131n kat\u0131l\u0131m\u0131 ile farkl\u0131 projeler mevcut. Asl\u0131nda bir\u00e7ok ki\u015fi, ba\u015fka \u00fclkelerin Bulgaristan\u2019\u0131n Uzay haritas\u0131nda olmad\u0131\u011f\u0131n\u0131 ve hatta astronot bile g\u00f6ndermeyen \u00fclkelerle bizi k\u0131yaslayan g\u00f6r\u00fc\u015fleri payla\u015f\u0131yor. Ger\u00e7ek \u015fu ki, 30 y\u0131ldan bu yana Uzay\u2019a astronot g\u00f6ndermedik ve Avrupa Uzay Aajans\u0131\u2019n\u0131n bir par\u00e7as\u0131 de\u011filiz. Yine de \u015fu anda bu ajansa kat\u0131lmam\u0131z i\u00e7in g\u00f6r\u00fc\u015fmeler y\u00fcr\u00fct\u00fcl\u00fcyor ve gerekli \u00fcyelik \u00fccretini, ki bu \u00fccret 1 milyon avronun \u00f6denmesi durumundabizim astronot haz\u0131rl\u0131klara ba\u015flayabilir. \u201c\u0130zmir Uzay Merkezi, bu uzun yolun \u201cstart\u201d butonuna basan yerdir\u201d\u00a0<\/i>diyor Gergana Rayjekova ve devam ediyor \u201c<i>Orada \u00e7ocuklar, ekip olmadan Uzaya u\u00e7u\u015fun imkans\u0131z oldu\u011funu anl\u0131yorlar ve burada dissiplinin ve herg\u00fcn antreman\u0131n gerekti\u011fini \u00f6\u011freniyorlar<\/i>\u201d<\/p>\n<p>Mars\u2019ta yerle\u015fim yerlerinin kurulmas\u0131 hakk\u0131nda bilgileri \u00e7ocuklar \u201cMars One\u201d m\u00fchendislerinden Bas Lansdorp\u2019tan \u00f6\u011frenecekler. Kendisi 23 Mart\u2019ta Bulgaristan\u2019da konferans verecek.<i><br \/>\n<\/i><\/p>\n<p><img data-recalc-dims=\"1\" decoding=\"async\" class=\"aligncenter\" src=\"https:\/\/i0.wp.com\/static.bnr.bg\/gallery\/8e\/8e3b09e627db533bfca0d2123fb771d1.jpg?w=640\" alt=\"\u0421\u043d\u0438\u043c\u043a\u0430\" \/><\/p>\n<p><i>Bir\u00e7ok insan i\u00e7in Mars\u2019a yerle\u015fmek bilim kurgu gibi gelebilir. Ama er ge\u00e7 bu ger\u00e7ek olacak. B\u00fcy\u00fck ihtimalle Bas Lansdorp\u2019a t\u00fcm ger\u00e7ekleri anlatmak i\u00e7in zaman yetmeyecek, ama Mars, D\u00fcnya gibi de\u011fildir<\/i><\/p><div id=\"bghab-2243018168\" class=\"bghab-icerik-icine-10-paragraf bghab-entity-placement\"><script async src=\"\/\/pagead2.googlesyndication.com\/pagead\/js\/adsbygoogle.js?client=ca-pub-6203283170189293\" crossorigin=\"anonymous\"><\/script><ins class=\"adsbygoogle\" style=\"display:block; text-align:center;\" data-ad-client=\"ca-pub-6203283170189293\" \ndata-ad-slot=\"7303146466\" \ndata-ad-layout=\"in-article\"\ndata-ad-format=\"fluid\" data-full-width-responsive=\"true\"><\/ins>\n<script> \n(adsbygoogle = window.adsbygoogle || []).push({}); \n<\/script>\n<\/div>\n<p>Ge\u00e7en y\u0131lki \u0130zmir Uzay Merkezi&#8217;ne kat\u0131lan Bulgaristan \u00e7ocuklar\u0131, Amerikal\u0131 kad\u0131n astronota Uzay\u2019dan bak\u0131ld\u0131\u011f\u0131nda en g\u00fczel \u015feyin ne oldu\u011funu sormu\u015flar. Cevap da:\u201d D\u00fcnya\u201d olmu\u015f, \u201c\u00e7\u00fcnk\u00fc d\u00fcnyan\u0131n halesi var\u201d.<\/p>\n<p>&nbsp;<\/p>\n<p>\u015eevkiye \u00c7ak\u0131r, BNR<\/p>\n<div id=\"bghab-2267838839\" class=\"bghab-yazi-altinda bghab-entity-placement\"><div class=\"bghab-adlabel\">Reklamlar<\/div><script async src=\"https:\/\/pagead2.googlesyndication.com\/pagead\/js\/adsbygoogle.js\"><\/script>\r\n<!-- bghaber-yaz\u0131-sonu -->\r\n<ins class=\"adsbygoogle\"\r\n     style=\"display:block\"\r\n     data-ad-client=\"ca-pub-6203283170189293\"\r\n     data-ad-slot=\"4222328180\"\r\n     data-ad-format=\"auto\"\r\n     data-full-width-responsive=\"true\"><\/ins>\r\n<script>\r\n     (adsbygoogle = window.adsbygoogle || []).push({});\r\n<\/script><\/div><br style=\"clear: both; display: block; float: none;\"\/>","protected":false},"excerpt":{"rendered":"<p>Mucit milyarder Elon Musk, Uzaya arabas\u0131n\u0131 f\u0131rlat\u0131rken kendi tarz\u0131nda espiri yaparken \u0130ngiliz fizik\u00e7i, evrenbilimci, astronom, teorisyen ve yazar Stephen Hawking, sadece 200 y\u0131l sonra insano\u011flunun<\/p>\n","protected":false},"author":29,"featured_media":27667,"comment_status":"closed","ping_status":"closed","sticky":false,"template":"","format":"standard","meta":{"advanced_seo_description":"","jetpack_seo_html_title":"","jetpack_seo_noindex":false,"_jetpack_memberships_contains_paid_content":false,"footnotes":""},"categories":[1,10],"tags":[],"class_list":["post-27666","post","type-post","status-publish","format-standard","has-post-thumbnail","hentry","category-haberler","category-kultur-sanat"],"jetpack_featured_media_url":"https:\/\/i0.wp.com\/www.bghaber.org\/bghaber\/wp-content\/uploads\/2018\/02\/Bulgaristan-cocuklar%C4%B1-izmir-Space-Camp-Merkezinde.jpg?fit=850%2C478&ssl=1","jetpack_sharing_enabled":true,"jetpack_likes_enabled":true,"jetpack-related-posts":[],"jetpack_shortlink":"https:\/\/wp.me\/pc2PfJ-7ce","_links":{"self":[{"href":"https:\/\/www.bghaber.org\/bghaber\/wp-json\/wp\/v2\/posts\/27666","targetHints":{"allow":["GET"]}}],"collection":[{"href":"https:\/\/www.bghaber.org\/bghaber\/wp-json\/wp\/v2\/posts"}],"about":[{"href":"https:\/\/www.bghaber.org\/bghaber\/wp-json\/wp\/v2\/types\/post"}],"author":[{"embeddable":true,"href":"https:\/\/www.bghaber.org\/bghaber\/wp-json\/wp\/v2\/users\/29"}],"replies":[{"embeddable":true,"href":"https:\/\/www.bghaber.org\/bghaber\/wp-json\/wp\/v2\/comments?post=27666"}],"version-history":[{"count":0,"href":"https:\/\/www.bghaber.org\/bghaber\/wp-json\/wp\/v2\/posts\/27666\/revisions"}],"wp:featuredmedia":[{"embeddable":true,"href":"https:\/\/www.bghaber.org\/bghaber\/wp-json\/wp\/v2\/media\/27667"}],"wp:attachment":[{"href":"https:\/\/www.bghaber.org\/bghaber\/wp-json\/wp\/v2\/media?parent=27666"}],"wp:term":[{"taxonomy":"category","embeddable":true,"href":"https:\/\/www.bghaber.org\/bghaber\/wp-json\/wp\/v2\/categories?post=27666"},{"taxonomy":"post_tag","embeddable":true,"href":"https:\/\/www.bghaber.org\/bghaber\/wp-json\/wp\/v2\/tags?post=27666"}],"curies":[{"name":"wp","href":"https:\/\/api.w.org\/{rel}","templated":true}]}}