{"id":27663,"date":"2018-02-23T19:00:54","date_gmt":"2018-02-23T16:00:54","guid":{"rendered":"http:\/\/www.bghaber.org\/bghaber\/?p=27663"},"modified":"2019-07-06T20:58:19","modified_gmt":"2019-07-06T17:58:19","slug":"bulgaristanin-turkiye-ile-sinirinda-goc-baskisi-sifir","status":"publish","type":"post","link":"https:\/\/www.bghaber.org\/bghaber\/bulgaristanin-turkiye-ile-sinirinda-goc-baskisi-sifir\/","title":{"rendered":"Bulgaristan\u2019\u0131n T\u00fcrkiye ile s\u0131n\u0131r\u0131nda g\u00f6\u00e7 bask\u0131s\u0131 s\u0131f\u0131r"},"content":{"rendered":"<p>\u0130\u00e7i\u015fleri Bakan\u0131 Valentin Radev, Bulgaristan Ulusal televizyonu BNT\u2019ye yapt\u0131\u011f\u0131 a\u00e7\u0131klamada Frontex ve Avrupa Parlamentosu temsilcilerinin Bulgaristan\u2019\u0131n T\u00fcrkiye ile s\u0131n\u0131r\u0131nda g\u00f6\u00e7 bask\u0131s\u0131n\u0131n s\u0131f\u0131r d\u00fczeyinde oldu\u011funu tespit ettiklerini belirtti.<\/p>\n<p>\u015eu anda Bulgaristan topraklar\u0131nda 3000 \u2013 4000 kadar g\u00f6\u00e7men bulunmakta. Bu say\u0131 ge\u00e7en y\u0131la k\u0131yasla y\u00fczde 84 oran\u0131nda azd\u0131r.<\/p>\n<p>Ayn\u0131 zamanda entegre s\u0131n\u0131r koruma sisteminin peki\u015ftirilmesine tahsis edilen 160 milyon avronun de\u011ferlendirilmesi i\u00e7in \u00fclkemize Kas\u0131m ay\u0131na kadar s\u00fcre verildi.<\/p>\n<p>&nbsp;<\/p>\n<p>BNR<\/p><div id=\"bghab-3787492331\" class=\"bghab-icerik-icine bghab-entity-placement\"><script async src=\"\/\/pagead2.googlesyndication.com\/pagead\/js\/adsbygoogle.js?client=ca-pub-6203283170189293\" crossorigin=\"anonymous\"><\/script><ins class=\"adsbygoogle\" style=\"display:block; text-align:center;\" data-ad-client=\"ca-pub-6203283170189293\" \ndata-ad-slot=\"7303146466\" \ndata-ad-layout=\"in-article\"\ndata-ad-format=\"fluid\" data-full-width-responsive=\"true\"><\/ins>\n<script> \n(adsbygoogle = window.adsbygoogle || []).push({}); \n<\/script>\n<\/div>\n<div id=\"bghab-1190258818\" class=\"bghab-yazi-altinda bghab-entity-placement\"><div class=\"bghab-adlabel\">Reklamlar<\/div><script async src=\"https:\/\/pagead2.googlesyndication.com\/pagead\/js\/adsbygoogle.js\"><\/script>\r\n<!-- bghaber-yaz\u0131-sonu -->\r\n<ins class=\"adsbygoogle\"\r\n     style=\"display:block\"\r\n     data-ad-client=\"ca-pub-6203283170189293\"\r\n     data-ad-slot=\"4222328180\"\r\n     data-ad-format=\"auto\"\r\n     data-full-width-responsive=\"true\"><\/ins>\r\n<script>\r\n     (adsbygoogle = window.adsbygoogle || []).push({});\r\n<\/script><\/div><br style=\"clear: both; display: block; float: none;\"\/>","protected":false},"excerpt":{"rendered":"<p>\u0130\u00e7i\u015fleri Bakan\u0131 Valentin Radev, Bulgaristan Ulusal televizyonu BNT\u2019ye yapt\u0131\u011f\u0131 a\u00e7\u0131klamada Frontex ve Avrupa Parlamentosu temsilcilerinin Bulgaristan\u2019\u0131n T\u00fcrkiye ile s\u0131n\u0131r\u0131nda g\u00f6\u00e7 bask\u0131s\u0131n\u0131n s\u0131f\u0131r d\u00fczeyinde oldu\u011funu tespit<\/p>\n","protected":false},"author":29,"featured_media":27664,"comment_status":"closed","ping_status":"closed","sticky":false,"template":"","format":"standard","meta":{"advanced_seo_description":"","jetpack_seo_html_title":"","jetpack_seo_noindex":false,"_jetpack_memberships_contains_paid_content":false,"footnotes":""},"categories":[1],"tags":[],"class_list":["post-27663","post","type-post","status-publish","format-standard","has-post-thumbnail","hentry","category-haberler"],"jetpack_featured_media_url":"https:\/\/i0.wp.com\/www.bghaber.org\/bghaber\/wp-content\/uploads\/2018\/02\/valentin-radev-bulgaristan-icisleri-bakani.jpg?fit=1920%2C1080&ssl=1","jetpack_sharing_enabled":true,"jetpack_likes_enabled":true,"jetpack-related-posts":[],"jetpack_shortlink":"https:\/\/wp.me\/pc2PfJ-7cb","_links":{"self":[{"href":"https:\/\/www.bghaber.org\/bghaber\/wp-json\/wp\/v2\/posts\/27663","targetHints":{"allow":["GET"]}}],"collection":[{"href":"https:\/\/www.bghaber.org\/bghaber\/wp-json\/wp\/v2\/posts"}],"about":[{"href":"https:\/\/www.bghaber.org\/bghaber\/wp-json\/wp\/v2\/types\/post"}],"author":[{"embeddable":true,"href":"https:\/\/www.bghaber.org\/bghaber\/wp-json\/wp\/v2\/users\/29"}],"replies":[{"embeddable":true,"href":"https:\/\/www.bghaber.org\/bghaber\/wp-json\/wp\/v2\/comments?post=27663"}],"version-history":[{"count":0,"href":"https:\/\/www.bghaber.org\/bghaber\/wp-json\/wp\/v2\/posts\/27663\/revisions"}],"wp:featuredmedia":[{"embeddable":true,"href":"https:\/\/www.bghaber.org\/bghaber\/wp-json\/wp\/v2\/media\/27664"}],"wp:attachment":[{"href":"https:\/\/www.bghaber.org\/bghaber\/wp-json\/wp\/v2\/media?parent=27663"}],"wp:term":[{"taxonomy":"category","embeddable":true,"href":"https:\/\/www.bghaber.org\/bghaber\/wp-json\/wp\/v2\/categories?post=27663"},{"taxonomy":"post_tag","embeddable":true,"href":"https:\/\/www.bghaber.org\/bghaber\/wp-json\/wp\/v2\/tags?post=27663"}],"curies":[{"name":"wp","href":"https:\/\/api.w.org\/{rel}","templated":true}]}}