{"id":27657,"date":"2018-02-23T17:00:49","date_gmt":"2018-02-23T14:00:49","guid":{"rendered":"http:\/\/www.bghaber.org\/bghaber\/?p=27657"},"modified":"2019-07-06T20:58:19","modified_gmt":"2019-07-06T17:58:19","slug":"filibe-konsoloslar-kulubu-uzun-bir-aradan-sonra-ilk-faaliyetini-gerceklestirdi","status":"publish","type":"post","link":"https:\/\/www.bghaber.org\/bghaber\/filibe-konsoloslar-kulubu-uzun-bir-aradan-sonra-ilk-faaliyetini-gerceklestirdi\/","title":{"rendered":"Filibe Konsoloslar Kul\u00fcb\u00fc uzun bir aradan sonra ilk faaliyetini ger\u00e7ekle\u015ftirdi"},"content":{"rendered":"<p>Filibe Konsoloslar Kul\u00fcb\u00fc, 21 \u015eubat D\u00fcnya Ana Dili G\u00fcn\u00fc m\u00fcnasebetiyle, Filibe B\u00f6lge Valili\u011fi ve T.C. Filibe Ba\u015fkonsoloslu\u011fu\u2019nun himayesinde d\u00fczenlenen \u00e7ok dilli k\u00fclt\u00fcr \u2013 m\u00fczik program\u0131na destek verdi. T\u00fcrk-Bulgar Edebiyat Kul\u00fcb\u00fc\u2019n\u00fcn giri\u015fimi ile haz\u0131rlanan program Filibe\u2019nin t\u00fcm renklerini Valilik binas\u0131nda bir araya getirdi. Filibe\u2019de e\u011fitim g\u00f6ren yabanc\u0131 \u00f6\u011frenciler de bu y\u0131lki etkinli\u011fe Ba\u015fkonsolos Ergani\u2019nin davetlisi olarak kat\u0131ld\u0131lar.<\/p>\n<p>\u0130lk kez b\u00f6yle bir programa kat\u0131lan \u00f6\u011frenciler, g\u00f6sterilen ilgiden ve keyifli programdan dolay\u0131 T\u00fcrkiye Cumhuriyeti Filibe Ba\u015fkonsoloslu\u011funa ve Konsoloslar Kul\u00fcb\u00fcne te\u015fekk\u00fcr ettiler.<\/p>\n<p>Konsoloslu\u011fun d\u00fczenledi\u011fi faaliyetlere kat\u0131lmak isteyen yabanc\u0131 \u00f6\u011frenciler, Ba\u015fkonsolos Ergani\u2019yi de kendi \u00dcniversitelerine davet ettiler.<\/p>\n<p>Filibe\u2019deki Fahri Konsoloslar, T.C. Filibe Ba\u015fkonsolosu H\u00fcseyin Ergani\u2019nin giri\u015fimi ile 30 Ocak\u2019ta bir araya gelerek, 2006 y\u0131l\u0131nda kurulan Konsoloslar Kul\u00fcb\u00fc\u2019n\u00fc tekrar faaliyete ge\u00e7irilmi\u015fti.<\/p>\n<p>&nbsp;<\/p><div id=\"bghab-3359544340\" class=\"bghab-icerik-icine bghab-entity-placement\"><script async src=\"\/\/pagead2.googlesyndication.com\/pagead\/js\/adsbygoogle.js?client=ca-pub-6203283170189293\" crossorigin=\"anonymous\"><\/script><ins class=\"adsbygoogle\" style=\"display:block; text-align:center;\" data-ad-client=\"ca-pub-6203283170189293\" \ndata-ad-slot=\"7303146466\" \ndata-ad-layout=\"in-article\"\ndata-ad-format=\"fluid\" data-full-width-responsive=\"true\"><\/ins>\n<script> \n(adsbygoogle = window.adsbygoogle || []).push({}); \n<\/script>\n<\/div>\n<p>K\u0131rcaali Haber<\/p>\n<div id=\"bghab-1814758345\" class=\"bghab-yazi-altinda bghab-entity-placement\"><div class=\"bghab-adlabel\">Reklamlar<\/div><script async src=\"https:\/\/pagead2.googlesyndication.com\/pagead\/js\/adsbygoogle.js\"><\/script>\r\n<!-- bghaber-yaz\u0131-sonu -->\r\n<ins class=\"adsbygoogle\"\r\n     style=\"display:block\"\r\n     data-ad-client=\"ca-pub-6203283170189293\"\r\n     data-ad-slot=\"4222328180\"\r\n     data-ad-format=\"auto\"\r\n     data-full-width-responsive=\"true\"><\/ins>\r\n<script>\r\n     (adsbygoogle = window.adsbygoogle || []).push({});\r\n<\/script><\/div><br style=\"clear: both; display: block; float: none;\"\/>","protected":false},"excerpt":{"rendered":"<p>Filibe Konsoloslar Kul\u00fcb\u00fc, 21 \u015eubat D\u00fcnya Ana Dili G\u00fcn\u00fc m\u00fcnasebetiyle, Filibe B\u00f6lge Valili\u011fi ve T.C. Filibe Ba\u015fkonsoloslu\u011fu\u2019nun himayesinde d\u00fczenlenen \u00e7ok dilli k\u00fclt\u00fcr \u2013 m\u00fczik program\u0131na<\/p>\n","protected":false},"author":29,"featured_media":27658,"comment_status":"closed","ping_status":"closed","sticky":false,"template":"","format":"standard","meta":{"advanced_seo_description":"","jetpack_seo_html_title":"","jetpack_seo_noindex":false,"_jetpack_memberships_contains_paid_content":false,"footnotes":""},"categories":[1,10],"tags":[],"class_list":["post-27657","post","type-post","status-publish","format-standard","has-post-thumbnail","hentry","category-haberler","category-kultur-sanat"],"jetpack_featured_media_url":"https:\/\/i0.wp.com\/www.bghaber.org\/bghaber\/wp-content\/uploads\/2018\/02\/filibede-anadil-etkinligi-1.jpg?fit=1024%2C630&ssl=1","jetpack_sharing_enabled":true,"jetpack_likes_enabled":true,"jetpack-related-posts":[],"jetpack_shortlink":"https:\/\/wp.me\/pc2PfJ-7c5","_links":{"self":[{"href":"https:\/\/www.bghaber.org\/bghaber\/wp-json\/wp\/v2\/posts\/27657","targetHints":{"allow":["GET"]}}],"collection":[{"href":"https:\/\/www.bghaber.org\/bghaber\/wp-json\/wp\/v2\/posts"}],"about":[{"href":"https:\/\/www.bghaber.org\/bghaber\/wp-json\/wp\/v2\/types\/post"}],"author":[{"embeddable":true,"href":"https:\/\/www.bghaber.org\/bghaber\/wp-json\/wp\/v2\/users\/29"}],"replies":[{"embeddable":true,"href":"https:\/\/www.bghaber.org\/bghaber\/wp-json\/wp\/v2\/comments?post=27657"}],"version-history":[{"count":0,"href":"https:\/\/www.bghaber.org\/bghaber\/wp-json\/wp\/v2\/posts\/27657\/revisions"}],"wp:featuredmedia":[{"embeddable":true,"href":"https:\/\/www.bghaber.org\/bghaber\/wp-json\/wp\/v2\/media\/27658"}],"wp:attachment":[{"href":"https:\/\/www.bghaber.org\/bghaber\/wp-json\/wp\/v2\/media?parent=27657"}],"wp:term":[{"taxonomy":"category","embeddable":true,"href":"https:\/\/www.bghaber.org\/bghaber\/wp-json\/wp\/v2\/categories?post=27657"},{"taxonomy":"post_tag","embeddable":true,"href":"https:\/\/www.bghaber.org\/bghaber\/wp-json\/wp\/v2\/tags?post=27657"}],"curies":[{"name":"wp","href":"https:\/\/api.w.org\/{rel}","templated":true}]}}