{"id":27651,"date":"2018-02-23T16:00:00","date_gmt":"2018-02-23T13:00:00","guid":{"rendered":"http:\/\/www.bghaber.org\/bghaber\/?p=27651"},"modified":"2019-07-06T20:58:30","modified_gmt":"2019-07-06T17:58:30","slug":"kaolinovonun-yazla-koyunde-anadili-gunu-kutlandi","status":"publish","type":"post","link":"https:\/\/www.bghaber.org\/bghaber\/kaolinovonun-yazla-koyunde-anadili-gunu-kutlandi\/","title":{"rendered":"Kaolinovo\u2019nun Yazla K\u00f6y\u00fc&#8217;nde Anadili G\u00fcn\u00fc kutland\u0131"},"content":{"rendered":"<p>Kuzey ve Do\u011fu Bulgaristan Turk\u00e7e \u00d6\u011fretmenleri Derne\u011fi\u2019nin ve Kaolinovo Belediyesinin deste\u011fi ile Yazla k\u00f6y\u00fc Nikola Yonkov Vaptsarov orta okulunda<br \/>\n21 \u015eubat \u2013 D\u00fcnya Anadili G\u00fcn\u00fc kutlan\u0131ld\u0131.<\/p>\n<p>\u201c Ana Dilim G\u00fczel T\u00fcrk\u00e7em\u201d slogan\u0131 alt\u0131nda Lyatno Nikola Yonkov Vaptsarov orta okulu, Kliment k\u00f6y\u00fc Georgi Stoykov Rakovski Ortaokulu, Pristoe k\u00f6y\u00fc Hristo Smirnenski Ortaokulu, Kaolinovo \u015fehri Georgi Sava Rakovski Lise okulu, \u00f6\u011frencileri anadillerini g\u00fczel bir \u015fekilde ve en \u00f6nemlisi de sevgiyle \u00f6\u011frendiklerini g\u00f6sterediler.<\/p>\n<p>Etkinli\u011fe etkisiz ve katk\u0131s\u0131z kalmayan konuklar\u0131n aras\u0131nda Ziya Nazif &#8211; Kaolinovo Belediye Meclisi ba\u015fkan\u0131, Neziha S\u00fcleyman \u2013 Kaolinovo Belediye E\u011fitim M\u00fcd\u00fcr\u00fc, G\u00fclten Mahmut \u2013 Belediye E\u011fitim G\u00f6revlisi, Ay\u015fen \u00d6zsoy \u2013 TC Burgas ba\u015fkonsoloslu\u011fundan, Emine Halil \u2013 Kuzey ve Do\u011fu Bulgaristan Turk\u00e7e \u00d6\u011fretmenleri Derne\u011fi Ba\u015fkan\u0131, Fikriye Mehmet \u2013 Emekli T\u00fcrk\u00e7e M\u00fcfetti\u015fi ve Kuzey ve Do\u011fu Bulgaristan Turk\u00e7e \u00d6\u011fretmenleri Derne\u011fi Ba\u015fkan Yard\u0131mc\u0131s\u0131, Nevim Tefik \u2013 Kliment k\u00f6y\u00fc okul m\u00fcd\u00fcr\u00fc, R\u00fcziye Halil \u2013 Kaolinovo \u015fehri Lise okulu m\u00fcd\u00fcr yard\u0131mc\u0131s\u0131 da vard\u0131. Bu g\u00fcnle ilgili duygular\u0131n\u0131 a\u00e7\u0131klamak ve selamlamak i\u00e7in s\u00f6z\u00fc alan h\u00fck\u00fcmet ve sivil toplum \u00fcyeleri, \u201cDil insan\u0131n kimli\u011fidir\u201d d\u00fc\u015f\u00fcncesini vurgulad\u0131lar.<\/p>\n<p>Program\u0131n ak\u0131\u015f\u0131nda her okuldan kat\u0131lan \u00f6\u011frenciler, \u015fiir \u015f\u00f6leni, drama, \u015fark\u0131lar, danslar ve atas\u00f6zleri ile konuklar\u0131 co\u015fturdular.<\/p>\n<p>\u00d6\u011frenciler, g\u00fc\u00e7l\u00fc bir sesle: Biz sevmeyi biliyoruz, bizde insan sevgisi, vatan sevgisi var dediler. \u015eiddete ve z\u00fclme kar\u015f\u0131 olduklar\u0131n\u0131 beyan ettiler. Her g\u00fcn\u00fc hediye ve Bayram olarak kabul ediyorlar! \u00c7\u00fcnk\u00fc onlar\u0131n dokusu sevgidir!<\/p><div id=\"bghab-1469788496\" class=\"bghab-icerik-icine bghab-entity-placement\"><script async src=\"\/\/pagead2.googlesyndication.com\/pagead\/js\/adsbygoogle.js?client=ca-pub-6203283170189293\" crossorigin=\"anonymous\"><\/script><ins class=\"adsbygoogle\" style=\"display:block; text-align:center;\" data-ad-client=\"ca-pub-6203283170189293\" \ndata-ad-slot=\"7303146466\" \ndata-ad-layout=\"in-article\"\ndata-ad-format=\"fluid\" data-full-width-responsive=\"true\"><\/ins>\n<script> \n(adsbygoogle = window.adsbygoogle || []).push({}); \n<\/script>\n<\/div>\n<p>Hayat bayram olsa \u015fark\u0131s\u0131 e\u015fliginde g\u00fczel bir koreografi ile vatan \u00e7izelgeleri i\u00e7inde, milli bayra\u011f\u0131nin \u00fczerine \u00ab G\u00fczel T\u00fcrk\u00e7em \u00bb yazarak program\u0131n\u0131 tamamlad\u0131lar.<\/p>\n<p>\u00d6\u011frencilere ve konuklara bu duyguyu, co\u015fkuyu ya\u015fatt\u0131lkar\u0131 i\u00e7in Sevil Arif, Naciye Recep, Ruziye Halil, kahraman \u00f6\u011fretmenler ayakta alk\u0131\u015fland\u0131.<\/p>\n<p>Ayr\u0131ca, bu Dil Bayram\u0131 \u2018n\u0131 kutlama imkan\u0131 sa\u011flayan Lyatno okul m\u00fcd\u00fcr\u00fc, sayg\u0131de\u011fer Genka Velinova ve okul ekibine de sonsuz te\u015fekk\u00fcrler edildi.<\/p>\n<p>Kaolinovo Belediyesi \u00f6\u011frencilere te\u015ffik \u00f6d\u00fclleri takdim etti. Tekrar t\u00fcrk\u00e7eyle bulu\u015fmak \u00fczere dile\u011fi ile etkinlik son buldu.<\/p>\n<p>&nbsp;<\/p><div id=\"bghab-2776151631\" class=\"bghab-icerik-icine-10-paragraf bghab-entity-placement\"><script async src=\"\/\/pagead2.googlesyndication.com\/pagead\/js\/adsbygoogle.js?client=ca-pub-6203283170189293\" crossorigin=\"anonymous\"><\/script><ins class=\"adsbygoogle\" style=\"display:block; text-align:center;\" data-ad-client=\"ca-pub-6203283170189293\" \ndata-ad-slot=\"7303146466\" \ndata-ad-layout=\"in-article\"\ndata-ad-format=\"fluid\" data-full-width-responsive=\"true\"><\/ins>\n<script> \n(adsbygoogle = window.adsbygoogle || []).push({}); \n<\/script>\n<\/div>\n<p>K\u0131rcaali Haber<\/p>\n<div id=\"bghab-2648399068\" class=\"bghab-yazi-altinda bghab-entity-placement\"><div class=\"bghab-adlabel\">Reklamlar<\/div><script async src=\"https:\/\/pagead2.googlesyndication.com\/pagead\/js\/adsbygoogle.js\"><\/script>\r\n<!-- bghaber-yaz\u0131-sonu -->\r\n<ins class=\"adsbygoogle\"\r\n     style=\"display:block\"\r\n     data-ad-client=\"ca-pub-6203283170189293\"\r\n     data-ad-slot=\"4222328180\"\r\n     data-ad-format=\"auto\"\r\n     data-full-width-responsive=\"true\"><\/ins>\r\n<script>\r\n     (adsbygoogle = window.adsbygoogle || []).push({});\r\n<\/script><\/div><br style=\"clear: both; display: block; float: none;\"\/>","protected":false},"excerpt":{"rendered":"<p>Kuzey ve Do\u011fu Bulgaristan Turk\u00e7e \u00d6\u011fretmenleri Derne\u011fi\u2019nin ve Kaolinovo Belediyesinin deste\u011fi ile Yazla k\u00f6y\u00fc Nikola Yonkov Vaptsarov orta okulunda 21 \u015eubat \u2013 D\u00fcnya Anadili G\u00fcn\u00fc<\/p>\n","protected":false},"author":29,"featured_media":27652,"comment_status":"closed","ping_status":"closed","sticky":false,"template":"","format":"standard","meta":{"advanced_seo_description":"","jetpack_seo_html_title":"","jetpack_seo_noindex":false,"_jetpack_memberships_contains_paid_content":false,"footnotes":""},"categories":[10],"tags":[],"class_list":["post-27651","post","type-post","status-publish","format-standard","has-post-thumbnail","hentry","category-kultur-sanat"],"jetpack_featured_media_url":"https:\/\/i0.wp.com\/www.bghaber.org\/bghaber\/wp-content\/uploads\/2018\/02\/Kaolinovo-Yazla-koyu-anadil-etkinligi.jpg?fit=960%2C720&ssl=1","jetpack_sharing_enabled":true,"jetpack_likes_enabled":true,"jetpack-related-posts":[],"jetpack_shortlink":"https:\/\/wp.me\/pc2PfJ-7bZ","_links":{"self":[{"href":"https:\/\/www.bghaber.org\/bghaber\/wp-json\/wp\/v2\/posts\/27651","targetHints":{"allow":["GET"]}}],"collection":[{"href":"https:\/\/www.bghaber.org\/bghaber\/wp-json\/wp\/v2\/posts"}],"about":[{"href":"https:\/\/www.bghaber.org\/bghaber\/wp-json\/wp\/v2\/types\/post"}],"author":[{"embeddable":true,"href":"https:\/\/www.bghaber.org\/bghaber\/wp-json\/wp\/v2\/users\/29"}],"replies":[{"embeddable":true,"href":"https:\/\/www.bghaber.org\/bghaber\/wp-json\/wp\/v2\/comments?post=27651"}],"version-history":[{"count":0,"href":"https:\/\/www.bghaber.org\/bghaber\/wp-json\/wp\/v2\/posts\/27651\/revisions"}],"wp:featuredmedia":[{"embeddable":true,"href":"https:\/\/www.bghaber.org\/bghaber\/wp-json\/wp\/v2\/media\/27652"}],"wp:attachment":[{"href":"https:\/\/www.bghaber.org\/bghaber\/wp-json\/wp\/v2\/media?parent=27651"}],"wp:term":[{"taxonomy":"category","embeddable":true,"href":"https:\/\/www.bghaber.org\/bghaber\/wp-json\/wp\/v2\/categories?post=27651"},{"taxonomy":"post_tag","embeddable":true,"href":"https:\/\/www.bghaber.org\/bghaber\/wp-json\/wp\/v2\/tags?post=27651"}],"curies":[{"name":"wp","href":"https:\/\/api.w.org\/{rel}","templated":true}]}}