{"id":27649,"date":"2018-02-23T15:00:48","date_gmt":"2018-02-23T12:00:48","guid":{"rendered":"http:\/\/www.bghaber.org\/bghaber\/?p=27649"},"modified":"2019-07-06T20:58:30","modified_gmt":"2019-07-06T17:58:30","slug":"ab-yanit-icin-varnayi-bekliyor","status":"publish","type":"post","link":"https:\/\/www.bghaber.org\/bghaber\/ab-yanit-icin-varnayi-bekliyor\/","title":{"rendered":"AB yan\u0131t i\u00e7in Varna\u2019y\u0131 bekliyor"},"content":{"rendered":"<p>T\u00fcrkiye\u2019nin vize serbestisi i\u00e7in haz\u0131rlad\u0131\u011f\u0131 yol haritas\u0131 \u00fcye \u00fclkelere sunulmad\u0131. AB\u2019nin hedefi Bulgaristan\u2019da ger\u00e7ekle\u015ftirilecek ve Erdo\u011fan\u2019\u0131n kat\u0131laca\u011f\u0131 zirvede olumlu atmosfer yakalamak.<\/p>\n<p>AB ile T\u00fcrkiye aras\u0131nda kopma noktas\u0131na gelen ili\u015fkilere, \u00f6zellikle vize serbestisi i\u00e7in Ankara\u2019n\u0131n sundu\u011fu 7 maddelik harita ile ivme kazand\u0131rmay\u0131 hedefleyen T\u00fcrkiye ve AB b\u00fcrokrasisi, temkinli ad\u0131m atmay\u0131 tercih ediyor.<\/p>\n<p>Ankara, haz\u0131rl\u0131klar i\u00e7in d\u00fc\u011fmeye basmazken Avrupa Komisyonu da, \u00fcye \u00fclkelerle 7 maddelik teklifi payla\u015fmayarak yeni bir T\u00fcrkiye tart\u0131\u015fmas\u0131 a\u00e7maktan ka\u00e7\u0131n\u0131yor. Onun yerine Br\u00fcksel\u2019in hedefi, Cumhurba\u015fkan\u0131 Tayyip Erdo\u011fan ile ger\u00e7ekle\u015fecek 26 Mart\u2019taki Varna Zirvesi\u2019nde olumlu bir atmosfer yakalamak. \u0130lki Br\u00fcksel\u2019de ger\u00e7ekle\u015fen AB-T\u00fcrkiye Zirvesi, T\u00fcrkiye\u2019nin Kopenhag siyasi kriterlerinde pe\u015f pe\u015fe att\u0131\u011f\u0131 olumsuz ad\u0131mlar nedeniyle, bu defa D\u00f6nem Ba\u015fkan\u0131 Bulgaristan\u2019\u0131n \u00f6nerisiyle Varna\u2019da yap\u0131lacak.<\/p>\n<p>Zirvede, Erdo\u011fan, Avrupa Konseyi Ba\u015fkan\u0131 Donald Tusk ve Avrupa Komisyonu Ba\u015fkan\u0131 Jean Claude Juncker\u2019in yan\u0131 s\u0131ra D\u00f6nem Ba\u015fkan\u0131 Bulgaristan Ba\u015fbakan\u0131\u2019yla bir araya gelecek. Komisyon\u2019dan bir yetkili de \u201cT\u00fcrkiye ile AB aras\u0131ndaki diyalog devam ediyor. T\u00fcrkiye-AB ajandas\u0131 geni\u015f; ortak \u00e7\u0131kar\u0131 ilgilendiren \u00e7ok konu var. T\u00fcrkiye-AB ili\u015fkilerinin gelece\u011fini tart\u0131\u015fmak i\u00e7in bir sonraki f\u0131rsat, Varna\u2019da yap\u0131lacak liderler zirvesi\u201d de\u011ferlendirmesini yapt\u0131.<\/p>\n<p>Zirve i\u00e7in resmi davet ise d\u00fcn AB B\u00fcy\u00fckel\u00e7isi Christian Berger taraf\u0131ndan Cumhurba\u015fkan\u0131\u2019n\u0131n D\u0131\u015f Politika Dan\u0131\u015fman\u0131 Sad\u0131k Arslan\u2019a, \u00fczeri AB bayra\u011f\u0131 ile kapl\u0131 bir dosya ile resmen sunuldu. Ard\u0131ndan da B\u00fcy\u00fckel\u00e7i Berger, di\u011fer \u00fcye \u00fclkelerin B\u00fcy\u00fckel\u00e7ileriyle AB Bakan\u0131 \u00d6mer \u00c7elik ile bir araya geldi.<\/p><div id=\"bghab-1234907366\" class=\"bghab-icerik-icine bghab-entity-placement\"><script async src=\"\/\/pagead2.googlesyndication.com\/pagead\/js\/adsbygoogle.js?client=ca-pub-6203283170189293\" crossorigin=\"anonymous\"><\/script><ins class=\"adsbygoogle\" style=\"display:block; text-align:center;\" data-ad-client=\"ca-pub-6203283170189293\" \ndata-ad-slot=\"7303146466\" \ndata-ad-layout=\"in-article\"\ndata-ad-format=\"fluid\" data-full-width-responsive=\"true\"><\/ins>\n<script> \n(adsbygoogle = window.adsbygoogle || []).push({}); \n<\/script>\n<\/div>\n<p>\u00c7elik, hem Afrin operasyonu ile ilgili bilgi verdi hem de ba\u015fta ter\u00f6rle m\u00fccadele olmak \u00fczere T\u00fcrkiye-AB aras\u0131ndaki s\u00fcre\u00e7 masaya yat\u0131r\u0131ld\u0131. Edinilen bilgiye g\u00f6re, AB, T\u00fcrkiye\u2019de normalle\u015fme s\u00fcrecinin h\u0131zla ba\u015flamas\u0131n\u0131 bekledi\u011fini, OHAL\u2019in kald\u0131r\u0131lmas\u0131 gerekti\u011fi mesaj\u0131n\u0131 bu yemekte de verdi.<\/p>\n<p>T\u00fcrkiye, \u015eubat ay\u0131 ba\u015f\u0131nda, vize serbestisi i\u00e7in 1 y\u0131ld\u0131r sunmad\u0131\u011f\u0131 7 maddelik yol haritas\u0131n\u0131 sunmu\u015f ve AB\u2019den yan\u0131t beklemeye ba\u015flam\u0131\u015ft\u0131. Ankara\u2019n\u0131n \u00f6nerisinde, \u00e7ok say\u0131da gazetecinin de tutuklanmas\u0131na neden olan TMK\u2019ye, \u201cHabercilik s\u0131n\u0131rlar\u0131n\u0131 a\u015fmayan ve ele\u015ftiri amac\u0131yla dile getirilen d\u00fc\u015f\u00fcncelerin su\u00e7 olu\u015fturmayaca\u011f\u0131\u201d h\u00fckm\u00fcn\u00fc eklemek de yer alm\u0131\u015ft\u0131. Normalde, AB sunulan bir teklifi Konsey\u2019de de de\u011ferlendirirken, AB d\u0131\u015fi\u015fleri bakanlar\u0131n\u0131n ge\u00e7en g\u00fcnlerde yapt\u0131\u011f\u0131 gayri resmi toplant\u0131da da T\u00fcrkiye\u2019nin yol haritas\u0131 g\u00fcndeme gelmemi\u015fti.<\/p>\n<p>&nbsp;<\/p>\n<p>Cumhuriyet<\/p>\n<div id=\"bghab-3529057224\" class=\"bghab-yazi-altinda bghab-entity-placement\"><div class=\"bghab-adlabel\">Reklamlar<\/div><script async src=\"https:\/\/pagead2.googlesyndication.com\/pagead\/js\/adsbygoogle.js\"><\/script>\r\n<!-- bghaber-yaz\u0131-sonu -->\r\n<ins class=\"adsbygoogle\"\r\n     style=\"display:block\"\r\n     data-ad-client=\"ca-pub-6203283170189293\"\r\n     data-ad-slot=\"4222328180\"\r\n     data-ad-format=\"auto\"\r\n     data-full-width-responsive=\"true\"><\/ins>\r\n<script>\r\n     (adsbygoogle = window.adsbygoogle || []).push({});\r\n<\/script><\/div><br style=\"clear: both; display: block; float: none;\"\/>","protected":false},"excerpt":{"rendered":"<p>T\u00fcrkiye\u2019nin vize serbestisi i\u00e7in haz\u0131rlad\u0131\u011f\u0131 yol haritas\u0131 \u00fcye \u00fclkelere sunulmad\u0131. AB\u2019nin hedefi Bulgaristan\u2019da ger\u00e7ekle\u015ftirilecek ve Erdo\u011fan\u2019\u0131n kat\u0131laca\u011f\u0131 zirvede olumlu atmosfer yakalamak. AB ile T\u00fcrkiye aras\u0131nda<\/p>\n","protected":false},"author":29,"featured_media":18289,"comment_status":"closed","ping_status":"closed","sticky":false,"template":"","format":"standard","meta":{"advanced_seo_description":"","jetpack_seo_html_title":"","jetpack_seo_noindex":false,"_jetpack_memberships_contains_paid_content":false,"footnotes":""},"categories":[1,4],"tags":[],"class_list":["post-27649","post","type-post","status-publish","format-standard","has-post-thumbnail","hentry","category-haberler","category-siyaset"],"jetpack_featured_media_url":"https:\/\/i0.wp.com\/www.bghaber.org\/bghaber\/wp-content\/uploads\/2016\/03\/ab-bayrak.jpg?fit=850%2C478&ssl=1","jetpack_sharing_enabled":true,"jetpack_likes_enabled":true,"jetpack-related-posts":[],"jetpack_shortlink":"https:\/\/wp.me\/pc2PfJ-7bX","_links":{"self":[{"href":"https:\/\/www.bghaber.org\/bghaber\/wp-json\/wp\/v2\/posts\/27649","targetHints":{"allow":["GET"]}}],"collection":[{"href":"https:\/\/www.bghaber.org\/bghaber\/wp-json\/wp\/v2\/posts"}],"about":[{"href":"https:\/\/www.bghaber.org\/bghaber\/wp-json\/wp\/v2\/types\/post"}],"author":[{"embeddable":true,"href":"https:\/\/www.bghaber.org\/bghaber\/wp-json\/wp\/v2\/users\/29"}],"replies":[{"embeddable":true,"href":"https:\/\/www.bghaber.org\/bghaber\/wp-json\/wp\/v2\/comments?post=27649"}],"version-history":[{"count":0,"href":"https:\/\/www.bghaber.org\/bghaber\/wp-json\/wp\/v2\/posts\/27649\/revisions"}],"wp:featuredmedia":[{"embeddable":true,"href":"https:\/\/www.bghaber.org\/bghaber\/wp-json\/wp\/v2\/media\/18289"}],"wp:attachment":[{"href":"https:\/\/www.bghaber.org\/bghaber\/wp-json\/wp\/v2\/media?parent=27649"}],"wp:term":[{"taxonomy":"category","embeddable":true,"href":"https:\/\/www.bghaber.org\/bghaber\/wp-json\/wp\/v2\/categories?post=27649"},{"taxonomy":"post_tag","embeddable":true,"href":"https:\/\/www.bghaber.org\/bghaber\/wp-json\/wp\/v2\/tags?post=27649"}],"curies":[{"name":"wp","href":"https:\/\/api.w.org\/{rel}","templated":true}]}}