{"id":27646,"date":"2018-02-23T14:00:53","date_gmt":"2018-02-23T11:00:53","guid":{"rendered":"http:\/\/www.bghaber.org\/bghaber\/?p=27646"},"modified":"2019-07-06T20:58:30","modified_gmt":"2019-07-06T17:58:30","slug":"uluslararasi-kukla-gunleri-izmirde-basliyor","status":"publish","type":"post","link":"https:\/\/www.bghaber.org\/bghaber\/uluslararasi-kukla-gunleri-izmirde-basliyor\/","title":{"rendered":"&#8220;Uluslararas\u0131 Kukla G\u00fcnleri\u201d \u0130zmir&#8217;de ba\u015fl\u0131yor"},"content":{"rendered":"<p>\u0130zmir B\u00fcy\u00fck\u015fehir Belediyesi, &#8220;d\u00fcnyan\u0131n en b\u00fcy\u00fck kukla festivali&#8221; olan \u201cUluslararas\u0131 Kukla G\u00fcnleri\u201d kapsam\u0131nda 10 il\u00e7ede \u00fccretsiz g\u00f6sterimler yap\u0131lacak.Kaynak: \u201cUluslararas\u0131 Kukla G\u00fcnleri\u201d \u0130zmir&#8217;de ba\u015fl\u0131yor<\/p>\n<p>26 \u00fclkeden 50 kukla tiyatrosunun gelece\u011fi kentte, B\u00fcy\u00fck\u015fehir Belediyesi\u2019nin \u201cGezici Sanat Kamyonu\u201d da festival co\u015fkusunu cadde ve meydanlara ta\u015f\u0131yacak.<\/p>\n<p>\u0130zmir B\u00fcy\u00fck\u015fehir Belediyesi i\u015fbirli\u011fi ile bu sene 12\u2019ncisi d\u00fczenlenen \u201c\u0130zmir Uluslararas\u0131 Kukla G\u00fcnleri\u201d, 26 \u00fclkeden 50 kukla tiyatrosuna ev sahipli\u011fi yapacak. 1-18 Mart tarihleri aras\u0131nda 58 mekanda 58 g\u00f6sterinin sahnelenece\u011fi dev organizasyon, bu y\u0131l da \u201cd\u00fcnyan\u0131n en b\u00fcy\u00fck kukla festivali\u201d olma \u00f6zelli\u011fini s\u00fcrd\u00fcrecek. \u0130zmir&#8217;in &#8220;d\u00fcnyan\u0131n kukla ba\u015fkenti&#8221; yapmaya aday etkinli\u011fe ABD, Almanya, Arjantin, Avusturalya, Brezilya, Bulgaristan, \u00c7ek Cumhuriyeti, Ermenistan, Finlandiya, Fransa, Hindistan, Hollanda, \u0130ngiltere, \u0130spanya, \u0130srail, \u0130svi\u00e7re, \u0130talya, \u0130zlanda, Japonya, Litvanya, Romanya, Rusya, Slovenya, Yunanistan ve T\u00fcrkiye&#8217;den sanat\u00e7\u0131lar kat\u0131lacak.<\/p>\n<p>Festival direkt\u00f6rl\u00fc\u011f\u00fcn\u00fc Sel\u00e7uk Din\u00e7er&#8217;in \u00fcstlendi\u011fi \u201c\u0130zmir Uluslararas\u0131 Kukla G\u00fcnleri\u201d kapsam\u0131nda Gaziemir, Seferihisar, Bornova, K\u0131n\u0131k, \u00c7i\u011fli, Sel\u00e7uk, Beyda\u011f, Torbal\u0131, \u00d6demi\u015f ve Kiraz&#8217;daki \u00e7ocuklar\u0131 15 \u00fccretsiz kukla g\u00f6sterisi ile bulu\u015fturmaya haz\u0131rlanan \u0130zmir B\u00fcy\u00fck\u015fehir Belediyesi, \u201cGeli\u015fim i\u00e7in kuklay\u0131 izleyin\u201d slogan\u0131yla yola \u00e7\u0131kan festival gruplar\u0131n\u0131n co\u015fkusunu, \u00a0\u201cGezici Sanat Kamyonu\u201d ve \u201cGezici Sanat Sahnesi\u201d ile kentin d\u00f6rt bir yan\u0131na ta\u015f\u0131yacak.<\/p>\n<p>&nbsp;<\/p><div id=\"bghab-3887367575\" class=\"bghab-icerik-icine bghab-entity-placement\"><script async src=\"\/\/pagead2.googlesyndication.com\/pagead\/js\/adsbygoogle.js?client=ca-pub-6203283170189293\" crossorigin=\"anonymous\"><\/script><ins class=\"adsbygoogle\" style=\"display:block; text-align:center;\" data-ad-client=\"ca-pub-6203283170189293\" \ndata-ad-slot=\"7303146466\" \ndata-ad-layout=\"in-article\"\ndata-ad-format=\"fluid\" data-full-width-responsive=\"true\"><\/ins>\n<script> \n(adsbygoogle = window.adsbygoogle || []).push({}); \n<\/script>\n<\/div>\n<p><em><strong>11 il\u00e7ede \u00fccretsiz oyun<\/strong><\/em><\/p>\n<p>\u0130zmir B\u00fcy\u00fck\u015fehir Belediyesi\u2019nin \u00fccretsiz kukla g\u00f6sterimlerinin program\u0131 \u015f\u00f6yle:<\/p>\n<p>1 Mart\u2019ta Gaziemir Belediyesi Atat\u00fcrk K\u00fclt\u00fcr Merkezi Naz\u0131m Hikmet Sahnesi\u2019nde 11.00 ve 14.00\u2019te Almanya\u2019n\u0131n \u201cMutlu Y\u0131llar\u201d isimli oyunu sahnelenecek.<\/p>\n<p>5 Mart Pazartesi g\u00fcn\u00fc Seferihisar K\u00fclt\u00fcr Merkezi\u2019nde Hollanda\u2019n\u0131n \u201cEller Yukar\u0131\u201d oyunu izleyicilerle bulu\u015facak. Oyunun seanslar\u0131 14.00 ve 20.00.<\/p>\n<p>Bulgar kuklac\u0131lar, 6 Mart Sal\u0131 g\u00fcn\u00fc Bornova K\u00fclt\u00fcr Merkezi\u2019nde, 7 Mart\u2019ta K\u0131n\u0131k Mustafa Kemal \u0130lk\u00f6\u011fretim Okulu\u2019nda, 8 Mart\u2019ta Alia\u011fa K\u00fclt\u00fcr Merkezi\u2019nde ve 9 Mart Cuma g\u00fcn\u00fc \u00c7i\u011fli K\u00fclt\u00fcr Merkezi\u2019nde 11.00 ve 14.00 saatlerinde \u201cOrmanda E\u011flence\u201d isimli oyunu sunacak.<\/p><div id=\"bghab-1138151966\" class=\"bghab-icerik-icine-10-paragraf bghab-entity-placement\"><script async src=\"\/\/pagead2.googlesyndication.com\/pagead\/js\/adsbygoogle.js?client=ca-pub-6203283170189293\" crossorigin=\"anonymous\"><\/script><ins class=\"adsbygoogle\" style=\"display:block; text-align:center;\" data-ad-client=\"ca-pub-6203283170189293\" \ndata-ad-slot=\"7303146466\" \ndata-ad-layout=\"in-article\"\ndata-ad-format=\"fluid\" data-full-width-responsive=\"true\"><\/ins>\n<script> \n(adsbygoogle = window.adsbygoogle || []).push({}); \n<\/script>\n<\/div>\n<p>12 Mart \u2018ta yine Bulgar kukla ekibi \u201cK\u00fc\u00e7\u00fck B\u00fcy\u00fcc\u00fcler\u201d kukla ad\u0131yla 11.00 ve 14.00\u2019te Sel\u00e7uk K\u00fclt\u00fcr Merkezi\u2019nde, 14 Mart\u2019ta Torbal\u0131 Belediyesi K\u00fclt\u00fcr Merkezi\u2019nde ve 15 Mart\u2019ta \u00d6demi\u015f Belediyesi K\u00fclt\u00fcr Merkezi\u2019nde sahne alacak.<\/p>\n<p>13 Mart saat 13.30 ve 20.00\u2019de ise Beyda\u011f Belediyesi D\u00fc\u011f\u00fcn Salonu\u2019nda Brezilyal\u0131lar \u201cGuga Morales\u201d oyununu sahneleyecek.<\/p>\n<p>&nbsp;<\/p>\n<p><em><strong>Kukla co\u015fkusu sokaklara ta\u015f\u0131yor<\/strong><\/em><\/p>\n<p>\u0130zmir B\u00fcy\u00fck\u015fehir Belediyesi taraf\u0131ndan haz\u0131rlanan \u201cGezici Sanat Kamyonu\u201d ve \u201cGezici Sanat Sahnesi\u201d de kukla festivali kapsam\u0131nda yollara \u00e7\u0131kacak. \u0130zmir\u2019in en i\u015flek cadde, meydan, metro ve vapur \u00e7\u0131k\u0131\u015flar\u0131nda sahnelenecek oyunlar, vatanda\u015flar\u0131 festival co\u015fkusuna ortak edecek. Festival kapsam\u0131nda kentte bulunan \u00c7ek Cumhuriyeti, Bulgaristan, Fransa, \u0130spanya, \u0130talya, Japonya ve Yunanistan&#8217;dan gelen sanat\u00e7\u0131lar, 15 farkl\u0131 meydanda, 4 metro \u00e7\u0131k\u0131\u015f\u0131nda ve 3 vapur iskelesinde oyunlar\u0131n\u0131 sahneleyecek.<\/p><div id=\"bghab-3866119788\" class=\"bghab-icerik-icine-15-paragraf bghab-entity-placement\"><script async src=\"\/\/pagead2.googlesyndication.com\/pagead\/js\/adsbygoogle.js?client=ca-pub-6203283170189293\" crossorigin=\"anonymous\"><\/script><ins class=\"adsbygoogle\" style=\"display:block; text-align:center;\" data-ad-client=\"ca-pub-6203283170189293\" \ndata-ad-slot=\"7303146466\" \ndata-ad-layout=\"in-article\"\ndata-ad-format=\"fluid\" data-full-width-responsive=\"true\"><\/ins>\n<script> \n(adsbygoogle = window.adsbygoogle || []).push({}); \n<\/script>\n<\/div>\n<p>G\u00f6sterimler K\u0131br\u0131s \u015eehitleri, Buca Kasaplar Meydan\u0131, Kar\u015f\u0131yaka \u00c7ar\u015f\u0131, Konak Meydan\u0131, Konak Sevgi Yolu, Bornova Cumhuriyet Meydan\u0131, G\u00fcltepe, Alsancak Dominik Caddesi, Bornova K\u00fc\u00e7\u00fck Park, K\u0131br\u0131s \u015eehitleri \u0130smail Sivri Heykeli \u00d6n\u00fc, Konak Meydan\u0131 Kemeralt\u0131 Giri\u015fi, Bornova Meydan\u0131, Bayrakl\u0131 Sevgi Yolu, \u00c7i\u011fli Kasaplar Meydan\u0131, G\u00f6ztepe Denizat\u0131 Heykeli \u00d6n\u00fc. Ege \u00dcniversitesi, Bornova, Fahrettin Altay \u00dc\u00e7yol metro \u00e7\u0131k\u0131\u015f\u0131 ve Kar\u015f\u0131yaka, Alsancak, Konak vapur iskelelerinde ger\u00e7ekle\u015fecek.<\/p>\n<p>&nbsp;<\/p>\n<p>Medya Ege<\/p>\n<div id=\"bghab-380398270\" class=\"bghab-yazi-altinda bghab-entity-placement\"><div class=\"bghab-adlabel\">Reklamlar<\/div><script async src=\"https:\/\/pagead2.googlesyndication.com\/pagead\/js\/adsbygoogle.js\"><\/script>\r\n<!-- bghaber-yaz\u0131-sonu -->\r\n<ins class=\"adsbygoogle\"\r\n     style=\"display:block\"\r\n     data-ad-client=\"ca-pub-6203283170189293\"\r\n     data-ad-slot=\"4222328180\"\r\n     data-ad-format=\"auto\"\r\n     data-full-width-responsive=\"true\"><\/ins>\r\n<script>\r\n     (adsbygoogle = window.adsbygoogle || []).push({});\r\n<\/script><\/div><br style=\"clear: both; display: block; float: none;\"\/>","protected":false},"excerpt":{"rendered":"<p>\u0130zmir B\u00fcy\u00fck\u015fehir Belediyesi, &#8220;d\u00fcnyan\u0131n en b\u00fcy\u00fck kukla festivali&#8221; olan \u201cUluslararas\u0131 Kukla G\u00fcnleri\u201d kapsam\u0131nda 10 il\u00e7ede \u00fccretsiz g\u00f6sterimler yap\u0131lacak.Kaynak: \u201cUluslararas\u0131 Kukla G\u00fcnleri\u201d \u0130zmir&#8217;de ba\u015fl\u0131yor 26 \u00fclkeden<\/p>\n","protected":false},"author":29,"featured_media":27647,"comment_status":"closed","ping_status":"closed","sticky":false,"template":"","format":"standard","meta":{"advanced_seo_description":"","jetpack_seo_html_title":"","jetpack_seo_noindex":false,"_jetpack_memberships_contains_paid_content":false,"footnotes":""},"categories":[10],"tags":[],"class_list":["post-27646","post","type-post","status-publish","format-standard","has-post-thumbnail","hentry","category-kultur-sanat"],"jetpack_featured_media_url":"https:\/\/i0.wp.com\/www.bghaber.org\/bghaber\/wp-content\/uploads\/2018\/02\/uluslararasi-kukla-gunleri-izmirde.jpg?fit=670%2C335&ssl=1","jetpack_sharing_enabled":true,"jetpack_likes_enabled":true,"jetpack-related-posts":[],"jetpack_shortlink":"https:\/\/wp.me\/pc2PfJ-7bU","_links":{"self":[{"href":"https:\/\/www.bghaber.org\/bghaber\/wp-json\/wp\/v2\/posts\/27646","targetHints":{"allow":["GET"]}}],"collection":[{"href":"https:\/\/www.bghaber.org\/bghaber\/wp-json\/wp\/v2\/posts"}],"about":[{"href":"https:\/\/www.bghaber.org\/bghaber\/wp-json\/wp\/v2\/types\/post"}],"author":[{"embeddable":true,"href":"https:\/\/www.bghaber.org\/bghaber\/wp-json\/wp\/v2\/users\/29"}],"replies":[{"embeddable":true,"href":"https:\/\/www.bghaber.org\/bghaber\/wp-json\/wp\/v2\/comments?post=27646"}],"version-history":[{"count":0,"href":"https:\/\/www.bghaber.org\/bghaber\/wp-json\/wp\/v2\/posts\/27646\/revisions"}],"wp:featuredmedia":[{"embeddable":true,"href":"https:\/\/www.bghaber.org\/bghaber\/wp-json\/wp\/v2\/media\/27647"}],"wp:attachment":[{"href":"https:\/\/www.bghaber.org\/bghaber\/wp-json\/wp\/v2\/media?parent=27646"}],"wp:term":[{"taxonomy":"category","embeddable":true,"href":"https:\/\/www.bghaber.org\/bghaber\/wp-json\/wp\/v2\/categories?post=27646"},{"taxonomy":"post_tag","embeddable":true,"href":"https:\/\/www.bghaber.org\/bghaber\/wp-json\/wp\/v2\/tags?post=27646"}],"curies":[{"name":"wp","href":"https:\/\/api.w.org\/{rel}","templated":true}]}}