{"id":27642,"date":"2018-02-23T12:00:14","date_gmt":"2018-02-23T09:00:14","guid":{"rendered":"http:\/\/www.bghaber.org\/bghaber\/?p=27642"},"modified":"2019-07-06T20:58:30","modified_gmt":"2019-07-06T17:58:30","slug":"bulgaristanda-kamu-calisaninin-sayisi-artiyor","status":"publish","type":"post","link":"https:\/\/www.bghaber.org\/bghaber\/bulgaristanda-kamu-calisaninin-sayisi-artiyor\/","title":{"rendered":"Bulgaristan&#8217;da kamu \u00e7al\u0131\u015fan\u0131n\u0131n say\u0131s\u0131 art\u0131yor"},"content":{"rendered":"<p>Son zamanda Bulgaristan toplumu iki haber ile yak\u0131ndan ilgilendi. Biri olumlu haber \u2013 \u00e7al\u0131\u015fanlar\u0131n maa\u015flar\u0131 s\u00fcrekli art\u0131yor ve ge\u00e7en y\u0131l\u0131n sonunda bir \u00f6nceki y\u0131la nazaran ortalama maa\u015f %10 artt\u0131 ve 560 Avro\u2019ya vard\u0131. Avrupa a\u00e7\u0131s\u0131ndan bu son derece az ve Bulgaristan\u2019\u0131n en d\u00fc\u015f\u00fck maa\u015fl\u0131 \u00fclke olarak \u00fcnlenmesi rastlant\u0131 de\u011fildir. Bir ba\u015fka geli\u015fme fakat rahats\u0131z edici ve izah edilmesi \u00e7ok zor. Burada kamu personelinin s\u00fcrekli artmas\u0131ndan s\u00f6z ediliyor. Ba\u015fbakan Boyko Borisov\u2019un elektronik y\u00f6netimin acilen uygulanmas\u0131na dair \u00fcltimatomuna ra\u011fmen, personel durmadan art\u0131yor, elit tabakas\u0131 her zamankinden fazla zenginle\u015fiyor.<\/p>\n<p>G\u00fcn\u00fcm\u00fczde \u00e7al\u0131\u015fan toplam 3 milyon Bulgaristan vatanda\u015flar\u0131n\u0131n b\u00fcy\u00fck bir b\u00f6l\u00fcm\u00fc &#8211; 112 865 ki\u015fi kamu idaresinde g\u00f6revli. Bir y\u0131l i\u00e7inde devlet ve belediye memurlar\u0131 2 287 artm\u0131\u015ft\u0131r. \u0130lk bak\u0131\u015fta say\u0131 pek fazla g\u00f6r\u00fcnm\u00fcyor, ancak maa\u015flar\u0131na bakarak, i\u015flerinin ve hizmetlerinin kalitesi pek d\u00fc\u015f\u00fck. Devlet memurunun ortalama maa\u015f\u0131 600 Avro , \u00fclkedeki ortalama maa\u015ftan daha y\u00fcksek ve bir y\u0131l i\u00e7inde\u00a0 %7,4 artt\u0131. \u00dcst d\u00fczey memurlara gelince onlar\u0131n maa\u015flar\u0131 devaml\u0131 art\u0131yor ve Avrupa seviyesine yakla\u015f\u0131yor. Bakanlar, milletvekilleri ve \u00fcst d\u00fczey memurlar bunun en parlak \u00f6rne\u011fidir. Bir milletvekilinin br\u00fct maa\u015f\u0131 yakla\u015f\u0131k 1800 Avro. Buna k\u0131dem tazminat\u0131, parlamento komisyonlar\u0131na \u00fcyelik \u00fccreti, dan\u0131\u015fmanlar ve ba\u015fka \u015feyler ekleniyor ve maa\u015flar\u0131 3000 Avro\u2019ya var\u0131yor. Cumhurba\u015fkan\u0131n\u0131n maa\u015f\u0131 6000 Avro\u2019nun \u00fcst\u00fcnde , Ba\u015fbakan 3600 Avro maa\u015f al\u0131yor. Bakarsan\u0131z bir \u015fey de\u011fil, Fransa Cumhurba\u015fkan\u0131\u2019n\u0131n br\u00fct maa\u015f 15 bin Avro, Avrupa milletvekillerinin maa\u015f\u0131 ise en az 12 826 Avro.<\/p>\n<p>Br\u00fct \u00fccretlere ba\u015fka ekstralar\u0131 da katmal\u0131y\u0131z \u2013 makam arabas\u0131, devlet konutu, H\u00fck\u00fcmet Hastanesinde \u00fccretsiz t\u0131bbi bak\u0131m, \u00fccretsiz ula\u015f\u0131m vb.<\/p>\n<p>Ancak s\u0131radan vatanda\u015f\u0131n ve \u00f6zellikle emeklilerin maa\u015f\u0131na gelince sorun vahim boyutlar al\u0131yor. Asgari \u00e7al\u0131\u015fma \u00fccreti 260 Avro, ortalama emekli maa\u015f\u0131 165 Avro. S\u0131radan vatanda\u015f ve \u00fcst d\u00fczey b\u00fcrokratlar aras\u0131nda u\u00e7urum korkun\u00e7. Mesela pek bilinmeyen ve fark edilmeyen Mali Denetim Komisyonu \u015eefi 7 bin Avro maa\u015f al\u0131yor. Buna benzer daha kim bilir ne kadar komisyon, ajans komite mevcuttur.<\/p>\n<p>Bu zenginlik ve bolluk \u00fcst kademelerde yayg\u0131n yolsuzluklar ortam\u0131nda \u00e7ok rahats\u0131z edici oluyor. Konu\u015fulan kadar boyutlarda m\u0131 acaba r\u00fc\u015fvet\u00e7ilik ve yolsuzluklar bunu bilemeyiz. Ancak Avrupa Komisyonu ve s\u0131radan Bulgaristan vatanda\u015f\u0131n\u0131n inanc\u0131 budur. Bulgaristan\u2019\u0131n AK taraf\u0131ndan 2007 y\u0131l\u0131ndan beri \u00f6zel g\u00f6zetimde olmas\u0131 tesad\u00fcfen de\u011fil. Bulgaristan\u2019\u0131n Schengen\u2019e girmesinin reddedilmesinin gerek\u00e7esi kontrols\u00fcz yolsuzluktur.<\/p><div id=\"bghab-822550248\" class=\"bghab-icerik-icine bghab-entity-placement\"><script async src=\"\/\/pagead2.googlesyndication.com\/pagead\/js\/adsbygoogle.js?client=ca-pub-6203283170189293\" crossorigin=\"anonymous\"><\/script><ins class=\"adsbygoogle\" style=\"display:block; text-align:center;\" data-ad-client=\"ca-pub-6203283170189293\" \ndata-ad-slot=\"7303146466\" \ndata-ad-layout=\"in-article\"\ndata-ad-format=\"fluid\" data-full-width-responsive=\"true\"><\/ins>\n<script> \n(adsbygoogle = window.adsbygoogle || []).push({}); \n<\/script>\n<\/div>\n<p>Baz\u0131lar\u0131\u00a0 kamu personelinin y\u00fcksek maa\u015flar\u0131n\u0131n yolsuzluklara kar\u015f\u0131 frenleme vazifesini \u00f6ne s\u00fcrer. Olabilir, \u00a0ancak kesin de\u011fil. Yolsuzlu\u011fun azald\u0131\u011f\u0131na dair bir emare yok. T\u00fcm bunlar toplumu \u00f6fkelendiriyor. Kamuoyu ara\u015ft\u0131rmalar\u0131,\u00a0 devlet\u00a0 kurumlar\u0131 \u00a0ve iktidara olan g\u00fcvensizlik ve ele\u015ftirilerin \u00fcrk\u00fct\u00fcc\u00fc d\u00fczeyde oldu\u011funu g\u00f6steriyor.<\/p>\n<p>\u00c7eviri: M\u00fcjgan Baharova, BNR<\/p>\n<div id=\"bghab-858788918\" class=\"bghab-yazi-altinda bghab-entity-placement\"><div class=\"bghab-adlabel\">Reklamlar<\/div><script async src=\"https:\/\/pagead2.googlesyndication.com\/pagead\/js\/adsbygoogle.js\"><\/script>\r\n<!-- bghaber-yaz\u0131-sonu -->\r\n<ins class=\"adsbygoogle\"\r\n     style=\"display:block\"\r\n     data-ad-client=\"ca-pub-6203283170189293\"\r\n     data-ad-slot=\"4222328180\"\r\n     data-ad-format=\"auto\"\r\n     data-full-width-responsive=\"true\"><\/ins>\r\n<script>\r\n     (adsbygoogle = window.adsbygoogle || []).push({});\r\n<\/script><\/div><br style=\"clear: both; display: block; float: none;\"\/>","protected":false},"excerpt":{"rendered":"<p>Son zamanda Bulgaristan toplumu iki haber ile yak\u0131ndan ilgilendi. Biri olumlu haber \u2013 \u00e7al\u0131\u015fanlar\u0131n maa\u015flar\u0131 s\u00fcrekli art\u0131yor ve ge\u00e7en y\u0131l\u0131n sonunda bir \u00f6nceki y\u0131la nazaran<\/p>\n","protected":false},"author":29,"featured_media":26182,"comment_status":"closed","ping_status":"closed","sticky":false,"template":"","format":"standard","meta":{"advanced_seo_description":"","jetpack_seo_html_title":"","jetpack_seo_noindex":false,"_jetpack_memberships_contains_paid_content":false,"footnotes":""},"categories":[5],"tags":[],"class_list":["post-27642","post","type-post","status-publish","format-standard","has-post-thumbnail","hentry","category-yasam"],"jetpack_featured_media_url":"https:\/\/i0.wp.com\/www.bghaber.org\/bghaber\/wp-content\/uploads\/2018\/01\/istihdam-seferberlig.jpg?fit=750%2C420&ssl=1","jetpack_sharing_enabled":true,"jetpack_likes_enabled":true,"jetpack-related-posts":[],"jetpack_shortlink":"https:\/\/wp.me\/pc2PfJ-7bQ","_links":{"self":[{"href":"https:\/\/www.bghaber.org\/bghaber\/wp-json\/wp\/v2\/posts\/27642","targetHints":{"allow":["GET"]}}],"collection":[{"href":"https:\/\/www.bghaber.org\/bghaber\/wp-json\/wp\/v2\/posts"}],"about":[{"href":"https:\/\/www.bghaber.org\/bghaber\/wp-json\/wp\/v2\/types\/post"}],"author":[{"embeddable":true,"href":"https:\/\/www.bghaber.org\/bghaber\/wp-json\/wp\/v2\/users\/29"}],"replies":[{"embeddable":true,"href":"https:\/\/www.bghaber.org\/bghaber\/wp-json\/wp\/v2\/comments?post=27642"}],"version-history":[{"count":0,"href":"https:\/\/www.bghaber.org\/bghaber\/wp-json\/wp\/v2\/posts\/27642\/revisions"}],"wp:featuredmedia":[{"embeddable":true,"href":"https:\/\/www.bghaber.org\/bghaber\/wp-json\/wp\/v2\/media\/26182"}],"wp:attachment":[{"href":"https:\/\/www.bghaber.org\/bghaber\/wp-json\/wp\/v2\/media?parent=27642"}],"wp:term":[{"taxonomy":"category","embeddable":true,"href":"https:\/\/www.bghaber.org\/bghaber\/wp-json\/wp\/v2\/categories?post=27642"},{"taxonomy":"post_tag","embeddable":true,"href":"https:\/\/www.bghaber.org\/bghaber\/wp-json\/wp\/v2\/tags?post=27642"}],"curies":[{"name":"wp","href":"https:\/\/api.w.org\/{rel}","templated":true}]}}