{"id":27638,"date":"2018-02-23T11:00:23","date_gmt":"2018-02-23T08:00:23","guid":{"rendered":"http:\/\/www.bghaber.org\/bghaber\/?p=27638"},"modified":"2019-07-06T20:58:30","modified_gmt":"2019-07-06T17:58:30","slug":"ivan-ivalinanin-cikolata-kralligi","status":"publish","type":"post","link":"https:\/\/www.bghaber.org\/bghaber\/ivan-ivalinanin-cikolata-kralligi\/","title":{"rendered":"\u0130van ve \u0130valina\u2019n\u0131n \u00c7ikolata Krall\u0131\u011f\u0131"},"content":{"rendered":"<p>\u00c7ikolata herkes taraf\u0131ndan sevilen, kar\u015f\u0131 konulmas\u0131 g\u00fc\u00e7 bir tat. Bu g\u00fczel kakaolu- s\u00fctl\u00fc tatl\u0131dan birka\u00e7 par\u00e7a tatmad\u0131\u011f\u0131m\u0131z g\u00fcn neredeyse yok. Ancak baz\u0131 insanlar i\u00e7in bu lezzet yasak say\u0131l\u0131r. Baz\u0131 ki\u015filer \u00e7ikolatada bulunan s\u00fct \u00fcr\u00fcnleri ve glutene kar\u015f\u0131 alerji geli\u015ftiriyor. Plovdiv\u2019den \u0130valina ve \u0130van \u0130l\u00e7ev ailesi de gluten ve s\u00fctten alerji olan bir aile. \u00c7ikolatadan vazge\u00e7meyen aile, kendi \u00e7ikolata krall\u0131\u011f\u0131n\u0131 kurmay\u0131 se\u00e7mi\u015f ve do\u011fup, b\u00fcy\u00fcd\u00fckleri \u015fehirde kalm\u0131\u015f. Bu maceraya onlar\u0131 iten neydi?<\/p>\n<p><img data-recalc-dims=\"1\" decoding=\"async\" class=\"aligncenter\" src=\"https:\/\/i0.wp.com\/static.bnr.bg\/gallery\/67\/670367fa3389b2a9e6f285686c27e529.jpg?w=640\" alt=\"\u0421\u043d\u0438\u043c\u043a\u0430\" \/><\/p>\n<p><i>Her \u015fey bir sa\u011fl\u0131k probleminden ba\u015flad\u0131. Bizim o\u011flumuzun s\u00fct ve s\u00fct mamullerine kar\u015f\u0131 a\u011f\u0131r alerjisi var. Uzun s\u00fcre ona \u00f6zel katk\u0131s\u0131 ve s\u00fct\u00fc olmayan bir \u00e7ikolata nas\u0131l haz\u0131rlar\u0131z diye d\u00fc\u015f\u00fcnd\u00fck. \u0130van \u0130l\u00e7ev, ikinci do\u011fumdan sonra e\u015finin glutene alerji geli\u015ftirdi\u011fini s\u00f6yledi. Bunun ard\u0131ndan ne gluten, ne de s\u00fct i\u00e7ermeyen bir \u00e7ikolata icat etme fikrine kap\u0131l\u0131r aile. Kakao tanecikleri ald\u0131k ve \u00e7ok ba\u015far\u0131l\u0131 olan bir tarif uygulamaya ba\u015flad\u0131k. Buna babam\u0131n katk\u0131s\u0131 oldu, \u00e7\u00fcnk\u00fc o g\u0131da m\u00fchendisi. Zamanla daha b\u00fcy\u00fck oranda \u00e7ikolata \u00fcretmeye ba\u015flad\u0131k ve b\u00f6ylece bunu ana i\u015f olarak yapmay\u0131 tercih ettik. Tarifimizi daha \u00e7ok insanlarla payla\u015fmaya ba\u015flad\u0131k, s\u00fct ve gluten alerjisi olanlar\u0131n ilgisini \u00e7ektik.<\/i><\/p>\n<p>Aile \u015fu an \u201c\u00c7ikolata Krall\u0131\u011f\u0131\u201d tesislerinde \u00fcretilen sekiz \u00e7e\u015fit \u00e7ikolata sunuyor. Onlar \u00e7ok eski bir teknolojiyle \u00fcretiliyor, kakao elde ta\u00e7 de\u011firmende \u00f6\u011f\u00fct\u00fcl\u00fcyor.<\/p>\n<p>Hammade Ekvador\u2019dan ithal ediliyor. \u0130van, BBC\u2019den gazetecilerin yapt\u0131\u011f\u0131 bir ara\u015ft\u0131rmada bu Latin Amerika \u00fclkesindeki \u00e7ikolatan\u0131n en iyi oldu\u011funu saptad\u0131klar\u0131n\u0131 s\u00f6yledi. Onlar da d\u00fcnyan\u0131n en iyi \u00e7ikolata hammaddesiyle \u00e7al\u0131\u015f\u0131yor.<\/p>\n<p><img data-recalc-dims=\"1\" decoding=\"async\" class=\"aligncenter\" src=\"https:\/\/i0.wp.com\/static.bnr.bg\/gallery\/ad\/addf6ba46d3c9915fe7142dd2073e873.jpg?w=640\" alt=\"\u0421\u043d\u0438\u043c\u043a\u0430\" \/><\/p>\n<p>Aile tarifinin di\u011fer \u00fcr\u00fcnleri ise kakao taneleri \u00e7ay\u0131 ve montezuma i\u00e7ece\u011fi. \u0130van \u0130l\u00e7ev daha \u015funlar\u0131 s\u00f6yledi:<\/p><div id=\"bghab-3941217825\" class=\"bghab-icerik-icine bghab-entity-placement\"><script async src=\"\/\/pagead2.googlesyndication.com\/pagead\/js\/adsbygoogle.js?client=ca-pub-6203283170189293\" crossorigin=\"anonymous\"><\/script><ins class=\"adsbygoogle\" style=\"display:block; text-align:center;\" data-ad-client=\"ca-pub-6203283170189293\" \ndata-ad-slot=\"7303146466\" \ndata-ad-layout=\"in-article\"\ndata-ad-format=\"fluid\" data-full-width-responsive=\"true\"><\/ins>\n<script> \n(adsbygoogle = window.adsbygoogle || []).push({}); \n<\/script>\n<\/div>\n<p><i>\u00c7ay\u0131m\u0131z sadece \u00fclke i\u00e7in de\u011fil, \u00fclke d\u0131\u015f\u0131nda da e\u015fisz, benzersiz say\u0131l\u0131r. Bir y\u0131l \u00f6nce Almanya\u2019da b\u00fcy\u00fck bir fuara kat\u0131ld\u0131m, orada bir Alman bana kendisinin icat etti\u011fi bir i\u00e7ecek g\u00f6sterdi ve kakao tanelerinden yenilik\u00e7i y\u00f6ntemle \u00e7ay \u00fcretti\u011fini s\u00f6yledi. Ben ise kendi \u00e7ay\u0131m\u0131z\u0131 ona g\u00f6sterdi\u011fimde ve bizim art\u0131k bu \u00fcr\u00fcn\u00fc \u00fcretti\u011fimizi anlatt\u0131\u011f\u0131mda \u00e7ok \u015fa\u015f\u0131rd\u0131. Montezuma i\u00e7ece\u011fi kakao tanelerinden yap\u0131l\u0131yor. Onlar par\u00e7alan\u0131p bir pakete konuluyor. Kakao suda eriyince, ya\u011f\u0131ndan bir k\u0131sm\u0131n\u0131 suya salg\u0131l\u0131yor ve i\u00e7ecek \u00e7ok g\u00fczel aromal\u0131 oluyor. \u00c7aylar\u0131m\u0131zdan birini so\u011fuk \u00e7ay olarak sunuyoruz.\u00a0<\/i><\/p>\n<p>Yo\u011fun i\u015fleri ve \u00fcretim ile sat\u0131\u015fla ilgili \u00e7al\u0131\u015fmalar\u0131na ra\u011fmen \u0130l\u00e7ev ailesi i\u015flerini geli\u015ftirmeye, farkl\u0131 fuarlara ve yar\u0131\u015fmalara kat\u0131lmaktan da geri kalm\u0131yor. 2016 y\u0131l\u0131nda kurulmas\u0131ndan bu yana \u015firket Bulgaristan ve \u0130ngiltere\u2019de fuarlarda \u00f6d\u00fcller ald\u0131, bir\u00e7ok yerde \u00fcr\u00fcnlerini sergiledi.<\/p>\n<p>&nbsp;<\/p>\n<p>\u00c7eviri: Sevda D\u00fckkanc\u0131<\/p>\n<div id=\"bghab-3746688759\" class=\"bghab-yazi-altinda bghab-entity-placement\"><div class=\"bghab-adlabel\">Reklamlar<\/div><script async src=\"https:\/\/pagead2.googlesyndication.com\/pagead\/js\/adsbygoogle.js\"><\/script>\r\n<!-- bghaber-yaz\u0131-sonu -->\r\n<ins class=\"adsbygoogle\"\r\n     style=\"display:block\"\r\n     data-ad-client=\"ca-pub-6203283170189293\"\r\n     data-ad-slot=\"4222328180\"\r\n     data-ad-format=\"auto\"\r\n     data-full-width-responsive=\"true\"><\/ins>\r\n<script>\r\n     (adsbygoogle = window.adsbygoogle || []).push({});\r\n<\/script><\/div><br style=\"clear: both; display: block; float: none;\"\/>","protected":false},"excerpt":{"rendered":"<p>\u00c7ikolata herkes taraf\u0131ndan sevilen, kar\u015f\u0131 konulmas\u0131 g\u00fc\u00e7 bir tat. Bu g\u00fczel kakaolu- s\u00fctl\u00fc tatl\u0131dan birka\u00e7 par\u00e7a tatmad\u0131\u011f\u0131m\u0131z g\u00fcn neredeyse yok. Ancak baz\u0131 insanlar i\u00e7in bu<\/p>\n","protected":false},"author":29,"featured_media":27640,"comment_status":"closed","ping_status":"closed","sticky":false,"template":"","format":"standard","meta":{"advanced_seo_description":"","jetpack_seo_html_title":"","jetpack_seo_noindex":false,"_jetpack_memberships_contains_paid_content":false,"footnotes":""},"categories":[10],"tags":[],"class_list":["post-27638","post","type-post","status-publish","format-standard","has-post-thumbnail","hentry","category-kultur-sanat"],"jetpack_featured_media_url":"https:\/\/i0.wp.com\/www.bghaber.org\/bghaber\/wp-content\/uploads\/2018\/02\/ivan-ivalina-cikolata-kralligi.jpg?fit=850%2C478&ssl=1","jetpack_sharing_enabled":true,"jetpack_likes_enabled":true,"jetpack-related-posts":[],"jetpack_shortlink":"https:\/\/wp.me\/pc2PfJ-7bM","_links":{"self":[{"href":"https:\/\/www.bghaber.org\/bghaber\/wp-json\/wp\/v2\/posts\/27638","targetHints":{"allow":["GET"]}}],"collection":[{"href":"https:\/\/www.bghaber.org\/bghaber\/wp-json\/wp\/v2\/posts"}],"about":[{"href":"https:\/\/www.bghaber.org\/bghaber\/wp-json\/wp\/v2\/types\/post"}],"author":[{"embeddable":true,"href":"https:\/\/www.bghaber.org\/bghaber\/wp-json\/wp\/v2\/users\/29"}],"replies":[{"embeddable":true,"href":"https:\/\/www.bghaber.org\/bghaber\/wp-json\/wp\/v2\/comments?post=27638"}],"version-history":[{"count":0,"href":"https:\/\/www.bghaber.org\/bghaber\/wp-json\/wp\/v2\/posts\/27638\/revisions"}],"wp:featuredmedia":[{"embeddable":true,"href":"https:\/\/www.bghaber.org\/bghaber\/wp-json\/wp\/v2\/media\/27640"}],"wp:attachment":[{"href":"https:\/\/www.bghaber.org\/bghaber\/wp-json\/wp\/v2\/media?parent=27638"}],"wp:term":[{"taxonomy":"category","embeddable":true,"href":"https:\/\/www.bghaber.org\/bghaber\/wp-json\/wp\/v2\/categories?post=27638"},{"taxonomy":"post_tag","embeddable":true,"href":"https:\/\/www.bghaber.org\/bghaber\/wp-json\/wp\/v2\/tags?post=27638"}],"curies":[{"name":"wp","href":"https:\/\/api.w.org\/{rel}","templated":true}]}}