{"id":27635,"date":"2018-02-23T10:00:06","date_gmt":"2018-02-23T07:00:06","guid":{"rendered":"http:\/\/www.bghaber.org\/bghaber\/?p=27635"},"modified":"2019-07-06T20:58:30","modified_gmt":"2019-07-06T17:58:30","slug":"mis-kokulu-lavanta-diyari-zirnevo-koyu","status":"publish","type":"post","link":"https:\/\/www.bghaber.org\/bghaber\/mis-kokulu-lavanta-diyari-zirnevo-koyu\/","title":{"rendered":"Mis kokulu lavanta diyar\u0131 Z\u0131rnevo K\u00f6y\u00fc"},"content":{"rendered":"<p>2017 y\u0131l\u0131nda Bulgaristan, lavanta \u00fcretimi, lavanta ya\u011f miktar\u0131 ve lavanta ya\u011f ihracat\u0131nda Fransa\u2019y\u0131 sollayarak d\u00fcnya lideri oldu. Eskiden lavantan\u0131n Bulgaristan\u2019\u0131n \u00fcnl\u00fc G\u00fcl Vadisinde, g\u00fcl bah\u00e7eleriyle yanyana oldu\u011funu ve lavantan\u0131n bu b\u00f6lgede yeti\u015fti\u011fini kabul ediyorduk. Ancak y\u0131llar ge\u00e7ti, lavanta gerek kolay i\u015flenmesinden, gerekse sa\u011flad\u0131\u011f\u0131 gelirden dolay\u0131 t\u00fct\u00fcn\u00fcn yerini ald\u0131 ve \u00fclkemizin \u201cBu\u011fday ambar\u0131\u201d olarak bilinen Dobruca\u2019da da baharda \u00e7imen ye\u015fil bu\u011fday tarlalar\u0131yla yanyana herkes de hayranl\u0131k uyand\u0131ran mor \u00e7i\u00e7ekli lavanta tarlalar\u0131n\u0131 da g\u00f6rmeye al\u0131\u015ft\u0131k.<\/p>\n<p>Dobri\u00e7\u2019in Tervel belediyesine ba\u011fl\u0131 Z\u0131rnevo k\u00f6y\u00fcnde uzun y\u0131llar boyunca m\u0131s\u0131r, ay\u00e7i\u00e7ek, yonca ve son 10-15 y\u0131ld\u0131r reva\u00e7ta olan kabak yeti\u015ftiriliyordu. Fakat lavanta, b\u00fct\u00fcn bu bitkileri sollayarak yerli \u00e7ift\u00e7ilerin deyim yerindeyse g\u00f6n\u00fcllerinde \u201ctaht kurmu\u015f\u201d. Bu i\u015fin \u00f6nderi de k\u00f6yl\u00fclerden Ridvan Ormanc\u0131 olmu\u015f.<\/p>\n<p>Ailesi 2002 y\u0131l\u0131nda ilk defa lavanta fidan\u0131 dikmi\u015f ve her y\u0131l dikilen arazileri geni\u015fletmi\u015f. Bug\u00fcn aile 47 dekar lavanta i\u015fliyor. Bununla yetinmiyor \u201cZemedeliye\u201d Tar\u0131m Fonunun sa\u011flad\u0131\u011f\u0131 bir programdan da yararlanarak ceviz bah\u00e7esi de dikmi\u015f. Mis kokulu lavantan\u0131n kullan\u0131m alanlar\u0131n\u0131, i\u015flemesinin verdi\u011fi zevki ve mutlulu\u011fu hi\u00e7 kimse R\u0131dvan Ormanc\u0131 kadar g\u00fczel anlatmam\u0131\u015ft\u0131.<\/p>\n<p><a href=\"http:\/\/bnr.bg\/tr\/post\/100936829\" target=\"_blank\" rel=\"noopener noreferrer\">Ses kayd\u0131n\u0131 dinlemek i\u00e7in t\u0131klay\u0131n\u0131z.<\/a><\/p>\n<p>&nbsp;<\/p><div id=\"bghab-81740411\" class=\"bghab-icerik-icine bghab-entity-placement\"><script async src=\"\/\/pagead2.googlesyndication.com\/pagead\/js\/adsbygoogle.js?client=ca-pub-6203283170189293\" crossorigin=\"anonymous\"><\/script><ins class=\"adsbygoogle\" style=\"display:block; text-align:center;\" data-ad-client=\"ca-pub-6203283170189293\" \ndata-ad-slot=\"7303146466\" \ndata-ad-layout=\"in-article\"\ndata-ad-format=\"fluid\" data-full-width-responsive=\"true\"><\/ins>\n<script> \n(adsbygoogle = window.adsbygoogle || []).push({}); \n<\/script>\n<\/div>\n<p>\u015eevkiye \u00c7ak\u0131r, BNR<\/p>\n<div id=\"bghab-1372584343\" class=\"bghab-yazi-altinda bghab-entity-placement\"><div class=\"bghab-adlabel\">Reklamlar<\/div><script async src=\"https:\/\/pagead2.googlesyndication.com\/pagead\/js\/adsbygoogle.js\"><\/script>\r\n<!-- bghaber-yaz\u0131-sonu -->\r\n<ins class=\"adsbygoogle\"\r\n     style=\"display:block\"\r\n     data-ad-client=\"ca-pub-6203283170189293\"\r\n     data-ad-slot=\"4222328180\"\r\n     data-ad-format=\"auto\"\r\n     data-full-width-responsive=\"true\"><\/ins>\r\n<script>\r\n     (adsbygoogle = window.adsbygoogle || []).push({});\r\n<\/script><\/div><br style=\"clear: both; display: block; float: none;\"\/>","protected":false},"excerpt":{"rendered":"<p>2017 y\u0131l\u0131nda Bulgaristan, lavanta \u00fcretimi, lavanta ya\u011f miktar\u0131 ve lavanta ya\u011f ihracat\u0131nda Fransa\u2019y\u0131 sollayarak d\u00fcnya lideri oldu. Eskiden lavantan\u0131n Bulgaristan\u2019\u0131n \u00fcnl\u00fc G\u00fcl Vadisinde, g\u00fcl bah\u00e7eleriyle<\/p>\n","protected":false},"author":29,"featured_media":27636,"comment_status":"closed","ping_status":"closed","sticky":false,"template":"","format":"standard","meta":{"advanced_seo_description":"","jetpack_seo_html_title":"","jetpack_seo_noindex":false,"_jetpack_memberships_contains_paid_content":false,"footnotes":""},"categories":[1,10],"tags":[],"class_list":["post-27635","post","type-post","status-publish","format-standard","has-post-thumbnail","hentry","category-haberler","category-kultur-sanat"],"jetpack_featured_media_url":"https:\/\/i0.wp.com\/www.bghaber.org\/bghaber\/wp-content\/uploads\/2018\/02\/lavanta-bahcesi-tarlasi-bulgaristan.jpg?fit=960%2C720&ssl=1","jetpack_sharing_enabled":true,"jetpack_likes_enabled":true,"jetpack-related-posts":[],"jetpack_shortlink":"https:\/\/wp.me\/pc2PfJ-7bJ","_links":{"self":[{"href":"https:\/\/www.bghaber.org\/bghaber\/wp-json\/wp\/v2\/posts\/27635","targetHints":{"allow":["GET"]}}],"collection":[{"href":"https:\/\/www.bghaber.org\/bghaber\/wp-json\/wp\/v2\/posts"}],"about":[{"href":"https:\/\/www.bghaber.org\/bghaber\/wp-json\/wp\/v2\/types\/post"}],"author":[{"embeddable":true,"href":"https:\/\/www.bghaber.org\/bghaber\/wp-json\/wp\/v2\/users\/29"}],"replies":[{"embeddable":true,"href":"https:\/\/www.bghaber.org\/bghaber\/wp-json\/wp\/v2\/comments?post=27635"}],"version-history":[{"count":0,"href":"https:\/\/www.bghaber.org\/bghaber\/wp-json\/wp\/v2\/posts\/27635\/revisions"}],"wp:featuredmedia":[{"embeddable":true,"href":"https:\/\/www.bghaber.org\/bghaber\/wp-json\/wp\/v2\/media\/27636"}],"wp:attachment":[{"href":"https:\/\/www.bghaber.org\/bghaber\/wp-json\/wp\/v2\/media?parent=27635"}],"wp:term":[{"taxonomy":"category","embeddable":true,"href":"https:\/\/www.bghaber.org\/bghaber\/wp-json\/wp\/v2\/categories?post=27635"},{"taxonomy":"post_tag","embeddable":true,"href":"https:\/\/www.bghaber.org\/bghaber\/wp-json\/wp\/v2\/tags?post=27635"}],"curies":[{"name":"wp","href":"https:\/\/api.w.org\/{rel}","templated":true}]}}