{"id":27627,"date":"2018-02-22T23:00:13","date_gmt":"2018-02-22T20:00:13","guid":{"rendered":"http:\/\/www.bghaber.org\/bghaber\/?p=27627"},"modified":"2019-07-06T20:58:31","modified_gmt":"2019-07-06T17:58:31","slug":"imfye-gore-bulgaristanda-gelirler-daha-hizli-arttirilmali","status":"publish","type":"post","link":"https:\/\/www.bghaber.org\/bghaber\/imfye-gore-bulgaristanda-gelirler-daha-hizli-arttirilmali\/","title":{"rendered":"\u0130MF&#8217;ye g\u00f6re Bulgaristan&#8217;da gelirler daha h\u0131zl\u0131 artt\u0131r\u0131lmal\u0131"},"content":{"rendered":"<p>Bulgaristan, gelirlerin daha h\u0131zl\u0131 art\u0131r\u0131lmas\u0131 i\u00e7in \u00e7al\u0131\u015fmal\u0131d\u0131r. \u0130MF Uluslararas\u0131 Para Fonu\u2019nun Y\u00f6netim Kurulubu sonuca vard\u0131.<\/p>\n<p>\u0130MF yetkilileri, Bulgaristan\u2019daki demografik durumun, uzun vadeli planda mali sistem i\u00e7in riskler olu\u015fturabildi\u011fini uyar\u0131yor. \u0130MF\u2019ye g\u00f6re Bulgaristan\u2019daki gelirler, Avrupa\u2019daki ortalama gelirlerin yar\u0131s\u0131 kadard\u0131r. Uzun vadeli planda potansiyeline yak\u0131n olan ekonomide yava\u015flama bekleniyor. N\u00fcfusun ya\u015flanmas\u0131 gibi demografik e\u011filimlerle birlikte t\u00fcm bunlar, b\u00fct\u00e7eye bask\u0131 uygulayabiliyor.<\/p>\n<p>\u0130MF yetkilileri, sa\u011fl\u0131k ve e\u011fitim alanlar\u0131nda daha \u00e7ok yat\u0131r\u0131mlar yap\u0131lmas\u0131n\u0131 tavsiye ediyor ve \u00e7al\u0131\u015fabilir ya\u015fta olan ki\u015filerin becerilerinin, i\u015f g\u00fcc\u00fc piyasas\u0131n\u0131n gereksinimlerini kar\u015f\u0131lamad\u0131\u011f\u0131n\u0131n alt\u0131n\u0131 \u00e7iziyor.<\/p>\n<p>&nbsp;<\/p>\n<p>BNR<\/p><div id=\"bghab-1687497754\" class=\"bghab-icerik-icine bghab-entity-placement\"><script async src=\"\/\/pagead2.googlesyndication.com\/pagead\/js\/adsbygoogle.js?client=ca-pub-6203283170189293\" crossorigin=\"anonymous\"><\/script><ins class=\"adsbygoogle\" style=\"display:block; text-align:center;\" data-ad-client=\"ca-pub-6203283170189293\" \ndata-ad-slot=\"7303146466\" \ndata-ad-layout=\"in-article\"\ndata-ad-format=\"fluid\" data-full-width-responsive=\"true\"><\/ins>\n<script> \n(adsbygoogle = window.adsbygoogle || []).push({}); \n<\/script>\n<\/div>\n<div id=\"bghab-886760468\" class=\"bghab-yazi-altinda bghab-entity-placement\"><div class=\"bghab-adlabel\">Reklamlar<\/div><script async src=\"https:\/\/pagead2.googlesyndication.com\/pagead\/js\/adsbygoogle.js\"><\/script>\r\n<!-- bghaber-yaz\u0131-sonu -->\r\n<ins class=\"adsbygoogle\"\r\n     style=\"display:block\"\r\n     data-ad-client=\"ca-pub-6203283170189293\"\r\n     data-ad-slot=\"4222328180\"\r\n     data-ad-format=\"auto\"\r\n     data-full-width-responsive=\"true\"><\/ins>\r\n<script>\r\n     (adsbygoogle = window.adsbygoogle || []).push({});\r\n<\/script><\/div><br style=\"clear: both; display: block; float: none;\"\/>","protected":false},"excerpt":{"rendered":"<p>Bulgaristan, gelirlerin daha h\u0131zl\u0131 art\u0131r\u0131lmas\u0131 i\u00e7in \u00e7al\u0131\u015fmal\u0131d\u0131r. \u0130MF Uluslararas\u0131 Para Fonu\u2019nun Y\u00f6netim Kurulubu sonuca vard\u0131. \u0130MF yetkilileri, Bulgaristan\u2019daki demografik durumun, uzun vadeli planda mali sistem<\/p>\n","protected":false},"author":29,"featured_media":27628,"comment_status":"closed","ping_status":"closed","sticky":false,"template":"","format":"standard","meta":{"advanced_seo_description":"","jetpack_seo_html_title":"","jetpack_seo_noindex":false,"_jetpack_memberships_contains_paid_content":false,"footnotes":""},"categories":[9,1],"tags":[],"class_list":["post-27627","post","type-post","status-publish","format-standard","has-post-thumbnail","hentry","category-ekonomi","category-haberler"],"jetpack_featured_media_url":"https:\/\/i0.wp.com\/www.bghaber.org\/bghaber\/wp-content\/uploads\/2018\/02\/imf-leva.jpg?fit=850%2C478&ssl=1","jetpack_sharing_enabled":true,"jetpack_likes_enabled":true,"jetpack-related-posts":[],"jetpack_shortlink":"https:\/\/wp.me\/pc2PfJ-7bB","_links":{"self":[{"href":"https:\/\/www.bghaber.org\/bghaber\/wp-json\/wp\/v2\/posts\/27627","targetHints":{"allow":["GET"]}}],"collection":[{"href":"https:\/\/www.bghaber.org\/bghaber\/wp-json\/wp\/v2\/posts"}],"about":[{"href":"https:\/\/www.bghaber.org\/bghaber\/wp-json\/wp\/v2\/types\/post"}],"author":[{"embeddable":true,"href":"https:\/\/www.bghaber.org\/bghaber\/wp-json\/wp\/v2\/users\/29"}],"replies":[{"embeddable":true,"href":"https:\/\/www.bghaber.org\/bghaber\/wp-json\/wp\/v2\/comments?post=27627"}],"version-history":[{"count":0,"href":"https:\/\/www.bghaber.org\/bghaber\/wp-json\/wp\/v2\/posts\/27627\/revisions"}],"wp:featuredmedia":[{"embeddable":true,"href":"https:\/\/www.bghaber.org\/bghaber\/wp-json\/wp\/v2\/media\/27628"}],"wp:attachment":[{"href":"https:\/\/www.bghaber.org\/bghaber\/wp-json\/wp\/v2\/media?parent=27627"}],"wp:term":[{"taxonomy":"category","embeddable":true,"href":"https:\/\/www.bghaber.org\/bghaber\/wp-json\/wp\/v2\/categories?post=27627"},{"taxonomy":"post_tag","embeddable":true,"href":"https:\/\/www.bghaber.org\/bghaber\/wp-json\/wp\/v2\/tags?post=27627"}],"curies":[{"name":"wp","href":"https:\/\/api.w.org\/{rel}","templated":true}]}}