{"id":27618,"date":"2018-02-22T22:06:36","date_gmt":"2018-02-22T19:06:36","guid":{"rendered":"http:\/\/www.bghaber.org\/bghaber\/?p=27618"},"modified":"2019-07-06T20:58:31","modified_gmt":"2019-07-06T17:58:31","slug":"bulgaristan-suudi-arabistan-stratejik-is-birliginde","status":"publish","type":"post","link":"https:\/\/www.bghaber.org\/bghaber\/bulgaristan-suudi-arabistan-stratejik-is-birliginde\/","title":{"rendered":"Bulgaristan ve Suudi Arabistan stratejik i\u015f birli\u011finde&#8230;"},"content":{"rendered":"<p>Sofya&#8217;da Suudi mevkida\u015f\u0131 Adel el-Cubeyr ile yapt\u0131\u011f\u0131 g\u00f6r\u00fc\u015fmenin ard\u0131ndan D\u0131\u015fi\u015fleri Bakan\u0131 Ekaterina Zaharieva, Bulgaristan&#8217;\u0131n Suudi Arabistan Krall\u0131\u011f\u0131 ile olan ili\u015fkilere b\u00fcy\u00fck \u00f6nem verdi\u011fini ve stratejik \u00f6nem ta\u015f\u0131yan sekt\u00f6rlerde ciddi i\u015fbirli\u011fi potansiyelinin oldu\u011funu a\u00e7\u0131klad\u0131.<\/p>\n<p>Suudi Bakan, ziyaretin ikili ili\u015fkilerin derinle\u015ftirilmesi ve k\u00fcresel sorunlar\u0131n \u00fcstesinden gelinmesinde i\u015fbirli\u011fi imkan\u0131n\u0131 sa\u011flad\u0131\u011f\u0131n\u0131 \u00f6ne s\u00fcrd\u00fc. AB&#8217;nin G\u00fcney Kom\u015fulu\u011fu ve Basra K\u00f6rfezi&#8217;ndeki g\u00fcvenlik politikas\u0131 \u00fczerinde duruldu.<\/p>\n<p>Zaharieva, K\u00f6rfez Arap \u00dclkeleri \u0130\u015fbirli\u011fi Konseyi ve baz\u0131 \u00fcyeleri aras\u0131ndaki g\u00f6r\u00fc\u015f ayr\u0131l\u0131klar\u0131n\u0131n giderilmesi y\u00f6n\u00fcndeki her yap\u0131c\u0131 \u00e7aban\u0131n Bulgaristan taraf\u0131ndan desteklenece\u011fine dair teminat verdi.<\/p>\n<p>&nbsp;<\/p>\n<p>BNR<\/p><div id=\"bghab-391250318\" class=\"bghab-icerik-icine bghab-entity-placement\"><script async src=\"\/\/pagead2.googlesyndication.com\/pagead\/js\/adsbygoogle.js?client=ca-pub-6203283170189293\" crossorigin=\"anonymous\"><\/script><ins class=\"adsbygoogle\" style=\"display:block; text-align:center;\" data-ad-client=\"ca-pub-6203283170189293\" \ndata-ad-slot=\"7303146466\" \ndata-ad-layout=\"in-article\"\ndata-ad-format=\"fluid\" data-full-width-responsive=\"true\"><\/ins>\n<script> \n(adsbygoogle = window.adsbygoogle || []).push({}); \n<\/script>\n<\/div>\n<div id=\"bghab-2480911502\" class=\"bghab-yazi-altinda bghab-entity-placement\"><div class=\"bghab-adlabel\">Reklamlar<\/div><script async src=\"https:\/\/pagead2.googlesyndication.com\/pagead\/js\/adsbygoogle.js\"><\/script>\r\n<!-- bghaber-yaz\u0131-sonu -->\r\n<ins class=\"adsbygoogle\"\r\n     style=\"display:block\"\r\n     data-ad-client=\"ca-pub-6203283170189293\"\r\n     data-ad-slot=\"4222328180\"\r\n     data-ad-format=\"auto\"\r\n     data-full-width-responsive=\"true\"><\/ins>\r\n<script>\r\n     (adsbygoogle = window.adsbygoogle || []).push({});\r\n<\/script><\/div><br style=\"clear: both; display: block; float: none;\"\/>","protected":false},"excerpt":{"rendered":"<p>Sofya&#8217;da Suudi mevkida\u015f\u0131 Adel el-Cubeyr ile yapt\u0131\u011f\u0131 g\u00f6r\u00fc\u015fmenin ard\u0131ndan D\u0131\u015fi\u015fleri Bakan\u0131 Ekaterina Zaharieva, Bulgaristan&#8217;\u0131n Suudi Arabistan Krall\u0131\u011f\u0131 ile olan ili\u015fkilere b\u00fcy\u00fck \u00f6nem verdi\u011fini ve stratejik<\/p>\n","protected":false},"author":29,"featured_media":27619,"comment_status":"closed","ping_status":"closed","sticky":false,"template":"","format":"standard","meta":{"advanced_seo_description":"","jetpack_seo_html_title":"","jetpack_seo_noindex":false,"_jetpack_memberships_contains_paid_content":false,"footnotes":""},"categories":[1,4],"tags":[],"class_list":["post-27618","post","type-post","status-publish","format-standard","has-post-thumbnail","hentry","category-haberler","category-siyaset"],"jetpack_featured_media_url":"https:\/\/i0.wp.com\/www.bghaber.org\/bghaber\/wp-content\/uploads\/2018\/02\/suudi-arabistan-dis-isleri-bakani-Adel-el-Cubeyr-sofyada.jpg?fit=850%2C478&ssl=1","jetpack_sharing_enabled":true,"jetpack_likes_enabled":true,"jetpack-related-posts":[],"jetpack_shortlink":"https:\/\/wp.me\/pc2PfJ-7bs","_links":{"self":[{"href":"https:\/\/www.bghaber.org\/bghaber\/wp-json\/wp\/v2\/posts\/27618","targetHints":{"allow":["GET"]}}],"collection":[{"href":"https:\/\/www.bghaber.org\/bghaber\/wp-json\/wp\/v2\/posts"}],"about":[{"href":"https:\/\/www.bghaber.org\/bghaber\/wp-json\/wp\/v2\/types\/post"}],"author":[{"embeddable":true,"href":"https:\/\/www.bghaber.org\/bghaber\/wp-json\/wp\/v2\/users\/29"}],"replies":[{"embeddable":true,"href":"https:\/\/www.bghaber.org\/bghaber\/wp-json\/wp\/v2\/comments?post=27618"}],"version-history":[{"count":0,"href":"https:\/\/www.bghaber.org\/bghaber\/wp-json\/wp\/v2\/posts\/27618\/revisions"}],"wp:featuredmedia":[{"embeddable":true,"href":"https:\/\/www.bghaber.org\/bghaber\/wp-json\/wp\/v2\/media\/27619"}],"wp:attachment":[{"href":"https:\/\/www.bghaber.org\/bghaber\/wp-json\/wp\/v2\/media?parent=27618"}],"wp:term":[{"taxonomy":"category","embeddable":true,"href":"https:\/\/www.bghaber.org\/bghaber\/wp-json\/wp\/v2\/categories?post=27618"},{"taxonomy":"post_tag","embeddable":true,"href":"https:\/\/www.bghaber.org\/bghaber\/wp-json\/wp\/v2\/tags?post=27618"}],"curies":[{"name":"wp","href":"https:\/\/api.w.org\/{rel}","templated":true}]}}