{"id":27615,"date":"2018-02-22T20:00:28","date_gmt":"2018-02-22T17:00:28","guid":{"rendered":"http:\/\/www.bghaber.org\/bghaber\/?p=27615"},"modified":"2019-07-06T20:58:31","modified_gmt":"2019-07-06T17:58:31","slug":"bulgaristanda-kamu-denetcisi-secimi-acik-oylamayla-yapilacak","status":"publish","type":"post","link":"https:\/\/www.bghaber.org\/bghaber\/bulgaristanda-kamu-denetcisi-secimi-acik-oylamayla-yapilacak\/","title":{"rendered":"Bulgaristan&#8217;da Kamu Denet\u00e7isi se\u00e7imi a\u00e7\u0131k oylamayla yap\u0131lacak"},"content":{"rendered":"<p>Meclis Genel Kurulunda g\u00f6r\u00fc\u015fmelerinin ard\u0131ndan ikinci okumada yap\u0131lan oylama sonucunda Kamu Denet\u00e7ili\u011fi Kurumu Kanunu\u2019nda de\u011fi\u015fiklikler yap\u0131lmas\u0131na ili\u015fkin kanun tasar\u0131s\u0131 kabul edildi. De\u011fi\u015fikliklere g\u00f6re Kamu Denet\u00e7isi, Meclis taraf\u0131ndan \u015fimdiye kadar oldu\u011fu gibi gizli oylama ile de\u011fil, a\u00e7\u0131k bir oylamayla se\u00e7ilecek. Bundan ba\u015fka Kamu Denet\u00e7isi daha fazla yetkiye sahip olacak. Yetkiler aras\u0131nda insan haklar\u0131 alan\u0131nda uluslararas\u0131 belgelerin imzalanmas\u0131 ve onaylanmas\u0131 i\u00e7in Bakanlar Kurulu ve Millet Meclisine tavsiyede bulunmakt\u0131r.<\/p>\n<p>Ayr\u0131ca Kamu Denet\u00e7isi se\u00e7imi i\u00e7in adaylar, \u015fimdiye kadar oldu\u011fu gibi sadece milletvekilleri ve Meclisteki parti gruplar\u0131 taraf\u0131ndan de\u011fil, kar amac\u0131 g\u00fctmeyen t\u00fczel ki\u015filer taraf\u0131ndan da g\u00f6sterilebilecek.<\/p>\n<p>Kamu Denet\u00e7isi Vekili de Kamu Denet\u00e7isinin \u00f6nerisi \u00fczerine Meclis Genel Kurulunda a\u00e7\u0131k oylamayla se\u00e7ilecek. Bundan sonra Kamu Denet\u00e7isi se\u00e7im \u015fartlar\u0131n\u0131n bir par\u00e7as\u0131 olarak Kamu Denet\u00e7isinin insan haklar\u0131 alan\u0131nda deneyimini kan\u0131tlam\u0131\u015f olmas\u0131 gerekecek.<\/p>\n<p>B\u00fct\u00fcn partiler kanun tasar\u0131s\u0131n\u0131 desteklediler ve yaln\u0131zca Bulgaristan Sosyalist Partisi (BSP) milletvekili Jelyo Boy\u00e7ev, Kamu Denet\u00e7isinin a\u00e7\u0131k bir oylamayla se\u00e7ilmesine kar\u015f\u0131 \u00e7\u0131kt\u0131. Belirtti\u011fine g\u00f6re de\u011fi\u015fikliklerle bir muhalefet aday\u0131 b\u00f6yle bir se\u00e7imi kazanamaz. \u015eimdiki Kamu Denet\u00e7isi Maya Manolova&#8217;y\u0131 \u00f6rnek g\u00f6steren Boy\u00e7ev, iyi bir Kamu Denet\u00e7isi olmas\u0131na ra\u011fmen bu kurallara g\u00f6re yeniden g\u00f6reve se\u00e7ilemeyece\u011fini d\u00fc\u015f\u00fcn\u00fcyor.<\/p>\n<p>&nbsp;<\/p><div id=\"bghab-3574012545\" class=\"bghab-icerik-icine bghab-entity-placement\"><script async src=\"\/\/pagead2.googlesyndication.com\/pagead\/js\/adsbygoogle.js?client=ca-pub-6203283170189293\" crossorigin=\"anonymous\"><\/script><ins class=\"adsbygoogle\" style=\"display:block; text-align:center;\" data-ad-client=\"ca-pub-6203283170189293\" \ndata-ad-slot=\"7303146466\" \ndata-ad-layout=\"in-article\"\ndata-ad-format=\"fluid\" data-full-width-responsive=\"true\"><\/ins>\n<script> \n(adsbygoogle = window.adsbygoogle || []).push({}); \n<\/script>\n<\/div>\n<p>K\u0131rcaali Haber<\/p>\n<div id=\"bghab-860187451\" class=\"bghab-yazi-altinda bghab-entity-placement\"><div class=\"bghab-adlabel\">Reklamlar<\/div><script async src=\"https:\/\/pagead2.googlesyndication.com\/pagead\/js\/adsbygoogle.js\"><\/script>\r\n<!-- bghaber-yaz\u0131-sonu -->\r\n<ins class=\"adsbygoogle\"\r\n     style=\"display:block\"\r\n     data-ad-client=\"ca-pub-6203283170189293\"\r\n     data-ad-slot=\"4222328180\"\r\n     data-ad-format=\"auto\"\r\n     data-full-width-responsive=\"true\"><\/ins>\r\n<script>\r\n     (adsbygoogle = window.adsbygoogle || []).push({});\r\n<\/script><\/div><br style=\"clear: both; display: block; float: none;\"\/>","protected":false},"excerpt":{"rendered":"<p>Meclis Genel Kurulunda g\u00f6r\u00fc\u015fmelerinin ard\u0131ndan ikinci okumada yap\u0131lan oylama sonucunda Kamu Denet\u00e7ili\u011fi Kurumu Kanunu\u2019nda de\u011fi\u015fiklikler yap\u0131lmas\u0131na ili\u015fkin kanun tasar\u0131s\u0131 kabul edildi. De\u011fi\u015fikliklere g\u00f6re Kamu Denet\u00e7isi,<\/p>\n","protected":false},"author":29,"featured_media":17758,"comment_status":"closed","ping_status":"closed","sticky":false,"template":"","format":"standard","meta":{"advanced_seo_description":"","jetpack_seo_html_title":"","jetpack_seo_noindex":false,"_jetpack_memberships_contains_paid_content":false,"footnotes":""},"categories":[1,4],"tags":[],"class_list":["post-27615","post","type-post","status-publish","format-standard","has-post-thumbnail","hentry","category-haberler","category-siyaset"],"jetpack_featured_media_url":"https:\/\/i0.wp.com\/www.bghaber.org\/bghaber\/wp-content\/uploads\/2016\/01\/meclis-bg.jpg?fit=1920%2C1080&ssl=1","jetpack_sharing_enabled":true,"jetpack_likes_enabled":true,"jetpack-related-posts":[],"jetpack_shortlink":"https:\/\/wp.me\/pc2PfJ-7bp","_links":{"self":[{"href":"https:\/\/www.bghaber.org\/bghaber\/wp-json\/wp\/v2\/posts\/27615","targetHints":{"allow":["GET"]}}],"collection":[{"href":"https:\/\/www.bghaber.org\/bghaber\/wp-json\/wp\/v2\/posts"}],"about":[{"href":"https:\/\/www.bghaber.org\/bghaber\/wp-json\/wp\/v2\/types\/post"}],"author":[{"embeddable":true,"href":"https:\/\/www.bghaber.org\/bghaber\/wp-json\/wp\/v2\/users\/29"}],"replies":[{"embeddable":true,"href":"https:\/\/www.bghaber.org\/bghaber\/wp-json\/wp\/v2\/comments?post=27615"}],"version-history":[{"count":0,"href":"https:\/\/www.bghaber.org\/bghaber\/wp-json\/wp\/v2\/posts\/27615\/revisions"}],"wp:featuredmedia":[{"embeddable":true,"href":"https:\/\/www.bghaber.org\/bghaber\/wp-json\/wp\/v2\/media\/17758"}],"wp:attachment":[{"href":"https:\/\/www.bghaber.org\/bghaber\/wp-json\/wp\/v2\/media?parent=27615"}],"wp:term":[{"taxonomy":"category","embeddable":true,"href":"https:\/\/www.bghaber.org\/bghaber\/wp-json\/wp\/v2\/categories?post=27615"},{"taxonomy":"post_tag","embeddable":true,"href":"https:\/\/www.bghaber.org\/bghaber\/wp-json\/wp\/v2\/tags?post=27615"}],"curies":[{"name":"wp","href":"https:\/\/api.w.org\/{rel}","templated":true}]}}