{"id":27613,"date":"2018-02-23T08:00:03","date_gmt":"2018-02-23T05:00:03","guid":{"rendered":"http:\/\/www.bghaber.org\/bghaber\/?p=27613"},"modified":"2019-07-06T20:58:31","modified_gmt":"2019-07-06T17:58:31","slug":"elektrikli-arabalara-gecis-bulgaristan-ab-icin-sans","status":"publish","type":"post","link":"https:\/\/www.bghaber.org\/bghaber\/elektrikli-arabalara-gecis-bulgaristan-ab-icin-sans\/","title":{"rendered":"Elektrikli arabalara ge\u00e7i\u015f, Bulgaristan ve AB i\u00e7in \u015fans"},"content":{"rendered":"<p>\u201cAvrupa&#8217;n\u0131n Gelece\u011fine Enerji Vermek: Petrolden D\u00fc\u015f\u00fck Karbon Enerjili Sistemine Ge\u00e7i\u015f Ekonomiyi Nas\u0131l G\u00fc\u00e7lendiriyor\u201d ba\u015fl\u0131\u011f\u0131 alt\u0131nda d\u00fczenlenen Avrupa&#8217;da d\u00fc\u015f\u00fck karbon hareketinin gelece\u011fi \u00fczerine \u00fcst d\u00fczey bir konferansa ev sahipli\u011fi yapan Bulgaristan\u2019\u0131n Avrupa Birli\u011fi (AB) Parlamentosu Milletvekili Avrupa Halk Partisi Grubu \u00dcyesi Andrey Kova\u00e7ev,\u201d Temiz enerji ve elektrikli arabalara ge\u00e7i\u015f, \u00fclkemizde \u00fcretilen enerji pahas\u0131na \u00fclkemizin petrol ithalat\u0131na olan ba\u011f\u0131ml\u0131l\u0131\u011f\u0131n\u0131 azaltabilir\u201d diye kaydetti.<\/p>\n<p>\u015eu anda AB&#8217;de t\u00fcketilen petrol\u00fcn neredeyse y\u00fczde 90&#8217;\u0131 ithal ediliyor ve petrol\u00fcn b\u00fcy\u00fck bir b\u00f6l\u00fcm\u00fc ta\u015f\u0131mac\u0131l\u0131kta kullan\u0131lmaktad\u0131r.<\/p>\n<p>Kova\u00e7ev, \u201cElektrikli otomobillerin daha yayg\u0131n kullan\u0131m\u0131n\u0131n bir di\u011fer avantaj\u0131, kentsel alanlardaki hava kalitesinin iyile\u015ftirilmesidir. Hava kirlili\u011fi ciddi sa\u011fl\u0131k riskleri olu\u015fturmaktad\u0131r ve tedbir al\u0131nmas\u0131 gerekmektedir. H\u0131zl\u0131 teknolojik geli\u015fmelerle birlikte otomotiv sekt\u00f6r\u00fcnde de\u011fi\u015fim i\u00e7in bir yol buluyor ve Bulgaristan bunun avantajlar\u0131ndan yararlanabilmek i\u00e7in kendisini konumland\u0131rmal\u0131d\u0131r &#8221; diye belirtti.<\/p>\n<p>AP Milletvekili, \u201cHava kalitesinin iyile\u015ftirilmesinin AB Konseyi Bulgaristan D\u00f6nem Ba\u015fkanl\u0131\u011f\u0131n\u0131n bir \u00f6nceli\u011fi olmas\u0131na sevindim ve Ekonomi Bakanl\u0131\u011f\u0131, elektrikli araba kullan\u0131m\u0131n\u0131 te\u015fvik etmek ve gerekli altyap\u0131y\u0131 olu\u015fturmak i\u00e7in bir strateji \u00fczerinde \u00e7al\u0131\u015f\u0131yor\u201d dedi.<\/p>\n<p>Forumun ana konu\u015fmac\u0131lar\u0131 aras\u0131nda Avrupa Komisyonu Ba\u015fkan Yard\u0131mc\u0131s\u0131 Maros \u015eev\u00e7ovi\u00e7 yer ald\u0131. \u015eev\u00e7ovi\u00e7, konu\u015fmas\u0131nda h\u0131zl\u0131 teknolojik geli\u015fmenin, Avrupa end\u00fcstrisi i\u00e7in yeni ufuklar a\u00e7an, fakat ayn\u0131 zamanda k\u00fcresel rekabetin gerisinde kalma riskini de olu\u015fturan nakliyat sekt\u00f6r\u00fcnde ger\u00e7ek bir devrimi provoke etti\u011finin alt\u0131n\u0131 \u00e7izdi.<\/p><div id=\"bghab-1431572234\" class=\"bghab-icerik-icine bghab-entity-placement\"><script async src=\"\/\/pagead2.googlesyndication.com\/pagead\/js\/adsbygoogle.js?client=ca-pub-6203283170189293\" crossorigin=\"anonymous\"><\/script><ins class=\"adsbygoogle\" style=\"display:block; text-align:center;\" data-ad-client=\"ca-pub-6203283170189293\" \ndata-ad-slot=\"7303146466\" \ndata-ad-layout=\"in-article\"\ndata-ad-format=\"fluid\" data-full-width-responsive=\"true\"><\/ins>\n<script> \n(adsbygoogle = window.adsbygoogle || []).push({}); \n<\/script>\n<\/div>\n<p>\u015eev\u00e7ovi\u00e7 , \u201cAsya ve Amerika Birle\u015fik Devletleri gibi d\u00fcnyan\u0131n di\u011fer k\u0131s\u0131mlar\u0131 elektrikli ara\u00e7 imalat\u0131nda lider konumundad\u0131r ve Avrupa end\u00fcstrisi rekabet g\u00fc\u00e7lerini kaybetmek istemiyorsa bu k\u00fcresel geli\u015fmelere uyum sa\u011flamal\u0131d\u0131r\u201d diye \u00e7a\u011fr\u0131da bulundu.<\/p>\n<p>Avrupa Birli\u011fi&#8217;nde ta\u015f\u0131mac\u0131l\u0131k sekt\u00f6r\u00fc karbon emisyonlar\u0131n\u0131n d\u00f6rtte birinden sorumludur ve ekonomide karbon emisyonlar\u0131n\u0131n azalt\u0131m\u0131nda kilit rol oynamaktad\u0131r.<\/p>\n<p>Konferans, otomotiv end\u00fcstrisinin, sivil toplum \u00f6rg\u00fctlerinin ve bu alandaki ulusal ve Avrupa politikalar\u0131n\u0131n geli\u015ftirilmesinden sorumlu kurumlar\u0131n temsilcilerini bir araya getirdi.<\/p>\n<p>&nbsp;<\/p>\n<p>K\u0131rcaali Haber<\/p><div id=\"bghab-2640044402\" class=\"bghab-icerik-icine-10-paragraf bghab-entity-placement\"><script async src=\"\/\/pagead2.googlesyndication.com\/pagead\/js\/adsbygoogle.js?client=ca-pub-6203283170189293\" crossorigin=\"anonymous\"><\/script><ins class=\"adsbygoogle\" style=\"display:block; text-align:center;\" data-ad-client=\"ca-pub-6203283170189293\" \ndata-ad-slot=\"7303146466\" \ndata-ad-layout=\"in-article\"\ndata-ad-format=\"fluid\" data-full-width-responsive=\"true\"><\/ins>\n<script> \n(adsbygoogle = window.adsbygoogle || []).push({}); \n<\/script>\n<\/div>\n<div id=\"bghab-2522959797\" class=\"bghab-yazi-altinda bghab-entity-placement\"><div class=\"bghab-adlabel\">Reklamlar<\/div><script async src=\"https:\/\/pagead2.googlesyndication.com\/pagead\/js\/adsbygoogle.js\"><\/script>\r\n<!-- bghaber-yaz\u0131-sonu -->\r\n<ins class=\"adsbygoogle\"\r\n     style=\"display:block\"\r\n     data-ad-client=\"ca-pub-6203283170189293\"\r\n     data-ad-slot=\"4222328180\"\r\n     data-ad-format=\"auto\"\r\n     data-full-width-responsive=\"true\"><\/ins>\r\n<script>\r\n     (adsbygoogle = window.adsbygoogle || []).push({});\r\n<\/script><\/div><br style=\"clear: both; display: block; float: none;\"\/>","protected":false},"excerpt":{"rendered":"<p>\u201cAvrupa&#8217;n\u0131n Gelece\u011fine Enerji Vermek: Petrolden D\u00fc\u015f\u00fck Karbon Enerjili Sistemine Ge\u00e7i\u015f Ekonomiyi Nas\u0131l G\u00fc\u00e7lendiriyor\u201d ba\u015fl\u0131\u011f\u0131 alt\u0131nda d\u00fczenlenen Avrupa&#8217;da d\u00fc\u015f\u00fck karbon hareketinin gelece\u011fi \u00fczerine \u00fcst d\u00fczey bir<\/p>\n","protected":false},"author":29,"featured_media":25869,"comment_status":"closed","ping_status":"closed","sticky":false,"template":"","format":"standard","meta":{"advanced_seo_description":"","jetpack_seo_html_title":"","jetpack_seo_noindex":false,"_jetpack_memberships_contains_paid_content":false,"footnotes":""},"categories":[9],"tags":[],"class_list":["post-27613","post","type-post","status-publish","format-standard","has-post-thumbnail","hentry","category-ekonomi"],"jetpack_featured_media_url":"https:\/\/i0.wp.com\/www.bghaber.org\/bghaber\/wp-content\/uploads\/2018\/01\/elektrikli-araba.jpg?fit=925%2C520&ssl=1","jetpack_sharing_enabled":true,"jetpack_likes_enabled":true,"jetpack-related-posts":[],"jetpack_shortlink":"https:\/\/wp.me\/pc2PfJ-7bn","_links":{"self":[{"href":"https:\/\/www.bghaber.org\/bghaber\/wp-json\/wp\/v2\/posts\/27613","targetHints":{"allow":["GET"]}}],"collection":[{"href":"https:\/\/www.bghaber.org\/bghaber\/wp-json\/wp\/v2\/posts"}],"about":[{"href":"https:\/\/www.bghaber.org\/bghaber\/wp-json\/wp\/v2\/types\/post"}],"author":[{"embeddable":true,"href":"https:\/\/www.bghaber.org\/bghaber\/wp-json\/wp\/v2\/users\/29"}],"replies":[{"embeddable":true,"href":"https:\/\/www.bghaber.org\/bghaber\/wp-json\/wp\/v2\/comments?post=27613"}],"version-history":[{"count":0,"href":"https:\/\/www.bghaber.org\/bghaber\/wp-json\/wp\/v2\/posts\/27613\/revisions"}],"wp:featuredmedia":[{"embeddable":true,"href":"https:\/\/www.bghaber.org\/bghaber\/wp-json\/wp\/v2\/media\/25869"}],"wp:attachment":[{"href":"https:\/\/www.bghaber.org\/bghaber\/wp-json\/wp\/v2\/media?parent=27613"}],"wp:term":[{"taxonomy":"category","embeddable":true,"href":"https:\/\/www.bghaber.org\/bghaber\/wp-json\/wp\/v2\/categories?post=27613"},{"taxonomy":"post_tag","embeddable":true,"href":"https:\/\/www.bghaber.org\/bghaber\/wp-json\/wp\/v2\/tags?post=27613"}],"curies":[{"name":"wp","href":"https:\/\/api.w.org\/{rel}","templated":true}]}}