{"id":27610,"date":"2018-02-22T18:20:49","date_gmt":"2018-02-22T15:20:49","guid":{"rendered":"http:\/\/www.bghaber.org\/bghaber\/?p=27610"},"modified":"2019-07-06T20:58:32","modified_gmt":"2019-07-06T17:58:32","slug":"kircaalide-ana-dili-etkinligi-yapildi","status":"publish","type":"post","link":"https:\/\/www.bghaber.org\/bghaber\/kircaalide-ana-dili-etkinligi-yapildi\/","title":{"rendered":"K\u0131rcaali\u2019de Ana Dili etkinli\u011fi yap\u0131ld\u0131"},"content":{"rendered":"<p>K\u0131rcaali iline ba\u011fl\u0131 Ardino (E\u011fridere), K\u0131rcaali, Kirkovo (K\u0131z\u0131la\u011fa\u00e7), Krumovgrad (Ko\u015fukavak), Mom\u00e7ilgrad (Mestanl\u0131), Cebel (\u015eeyhcuma) ve \u00c7ernoo\u00e7ene (Yeni Pazar) belediyeleri, 21 \u015eubat Uluslararas\u0131 Ana Dili G\u00fcn\u00fc dolay\u0131s\u0131yla d\u00fcn Belediye K\u00fclt\u00fcr Merkezi salonunda bir konser program\u0131 d\u00fczenlediler. Kutlama etkinli\u011fi, \u00e7ok dillilik ve k\u00fclt\u00fcrel \u00e7e\u015fitlili\u011fin bir kutlamas\u0131 haline geldi.<\/p>\n<p>Etkinlikte resmi konuklar aras\u0131nda H\u00d6H K\u0131rcaali \u0130l Ba\u015fkan\u0131 M\u00fch. \u0130zzet \u015eaban, H\u00d6H K\u0131rcaali Milletvekilleri Adlen \u015eevket ve Erol Mehmet, H\u00d6H Gen\u00e7lik Kollar\u0131 K\u0131rcaali \u0130l Ba\u015fkan\u0131 Bayram Bayram, haz\u0131r bulundular.<\/p>\n<p>Etkinli\u011fe ayr\u0131ca K\u0131rcaali iline ba\u011fl\u0131 Belediye ba\u015fkanlar\u0131, Belediye Meclis ba\u015fkanlar\u0131, H\u00d6H Kad\u0131n Kollar\u0131 ba\u015fkanlar\u0131, H\u00d6H Gen\u00e7lik Kollar\u0131 il\u00e7e ba\u015fkanlar\u0131, k\u00fclt\u00fcr faaliyet\u00e7ileri, T\u00fcrk\u00e7e \u00f6\u011fretmenleri, \u00e7ok say\u0131da vatanda\u015f kat\u0131ld\u0131lar.<\/p>\n<p>H\u00d6H Genel Ba\u015fkan Yard\u0131mc\u0131s\u0131 ve K\u0131rcaali Belediye Ba\u015fkan\u0131 M\u00fch. Hasan Azis yapt\u0131\u011f\u0131 selamlama konu\u015fmas\u0131nda \u015funlar\u0131 belirtti: \u201cBir topluluk dilini, dinini ve k\u00fclt\u00fcr\u00fcn\u00fc \u00f6zg\u00fcrce ifade edebildi\u011finde bir topluluktur. Kimli\u011fin bu \u00fc\u00e7 temel unsuru konusunda hala yapaca\u011f\u0131m\u0131z \u00e7ok \u015fey var\u201d. H\u00d6H\u2018\u00fcn kurulu\u015fundan bu yana ana dili sorununu k\u00fclt\u00fcrel ve etnik kimliklerin bir par\u00e7as\u0131 olarak g\u00fcndeme getirdi\u011fini vurgulayan M\u00fch. Azis, \u201cTopluluklarda kimlikten s\u00f6z ediyorsak hem bir topluluk, hem de H\u00d6H olarak arzumuz, ana dili e\u011fitiminin \u00fclkemizde zorunlu e\u011fitim m\u00fcfredat\u0131n\u0131n bir par\u00e7as\u0131 olmas\u0131d\u0131r. H\u00d6H, her zaman bu konumdayd\u0131 ve bu konum bir an i\u00e7in de\u011fi\u015fmedi\u201d diye kaydetti. Ba\u015fkan Azis, Bulgaristan Meclisinde yer alan H\u00d6H milletvekillerine ana dili e\u011fitiminin zorunlu m\u00fcfredat\u0131n bir par\u00e7as\u0131 olmas\u0131 konusundaki tutumlar\u0131ndan dolay\u0131 te\u015fekk\u00fcr etti. Azis, \u201cNe yaz\u0131k ki, bu konuda biz her zaman yaln\u0131zd\u0131k. Bu, y\u0131llar i\u00e7inde de\u011fi\u015fmemi\u015f bir ger\u00e7ektir &#8220;dedi.<\/p>\n<p>Zengin konser program\u0131n\u0131n ba\u015f\u0131nda pop\u00fcler T\u00fcrk halk dans\u0131 olan zeybek g\u00f6sterisi sunuldu. \u0130ldeki t\u00fcm yedi belediye de \u015fiir dinletisi, dans, ske\u00e7 veya \u015fark\u0131yla programda yer ald\u0131. \u201cAna Dilim, \u00d6z Dilim\u201d \u015fiiriyle herkesi duyguland\u0131ran Kirkovo\u2019nun Fotinovo (Hatipo\u011fullar\u0131) k\u00f6y\u00fcnden 12 ya\u015f\u0131ndaki Nazl\u0131can Ahmet, b\u00fcy\u00fck alk\u0131\u015f toplad\u0131.<\/p><div id=\"bghab-1346582210\" class=\"bghab-icerik-icine bghab-entity-placement\"><script async src=\"\/\/pagead2.googlesyndication.com\/pagead\/js\/adsbygoogle.js?client=ca-pub-6203283170189293\" crossorigin=\"anonymous\"><\/script><ins class=\"adsbygoogle\" style=\"display:block; text-align:center;\" data-ad-client=\"ca-pub-6203283170189293\" \ndata-ad-slot=\"7303146466\" \ndata-ad-layout=\"in-article\"\ndata-ad-format=\"fluid\" data-full-width-responsive=\"true\"><\/ins>\n<script> \n(adsbygoogle = window.adsbygoogle || []).push({}); \n<\/script>\n<\/div>\n<p>Ana Dili G\u00fcn\u00fc\u2019n\u00fc Kutlama Etkinli\u011fi, H\u00d6H K\u0131rcaali \u0130l Y\u00f6netim Kurulu taraf\u0131ndan organize edildi.<\/p>\n<p>&nbsp;<\/p>\n<p>K\u0131rcaali Haber<\/p>\n<div id=\"bghab-2433139066\" class=\"bghab-yazi-altinda bghab-entity-placement\"><div class=\"bghab-adlabel\">Reklamlar<\/div><script async src=\"https:\/\/pagead2.googlesyndication.com\/pagead\/js\/adsbygoogle.js\"><\/script>\r\n<!-- bghaber-yaz\u0131-sonu -->\r\n<ins class=\"adsbygoogle\"\r\n     style=\"display:block\"\r\n     data-ad-client=\"ca-pub-6203283170189293\"\r\n     data-ad-slot=\"4222328180\"\r\n     data-ad-format=\"auto\"\r\n     data-full-width-responsive=\"true\"><\/ins>\r\n<script>\r\n     (adsbygoogle = window.adsbygoogle || []).push({});\r\n<\/script><\/div><br style=\"clear: both; display: block; float: none;\"\/>","protected":false},"excerpt":{"rendered":"<p>K\u0131rcaali iline ba\u011fl\u0131 Ardino (E\u011fridere), K\u0131rcaali, Kirkovo (K\u0131z\u0131la\u011fa\u00e7), Krumovgrad (Ko\u015fukavak), Mom\u00e7ilgrad (Mestanl\u0131), Cebel (\u015eeyhcuma) ve \u00c7ernoo\u00e7ene (Yeni Pazar) belediyeleri, 21 \u015eubat Uluslararas\u0131 Ana Dili G\u00fcn\u00fc<\/p>\n","protected":false},"author":29,"featured_media":27611,"comment_status":"closed","ping_status":"closed","sticky":false,"template":"","format":"standard","meta":{"advanced_seo_description":"","jetpack_seo_html_title":"","jetpack_seo_noindex":false,"_jetpack_memberships_contains_paid_content":false,"footnotes":""},"categories":[10],"tags":[],"class_list":["post-27610","post","type-post","status-publish","format-standard","has-post-thumbnail","hentry","category-kultur-sanat"],"jetpack_featured_media_url":"https:\/\/i0.wp.com\/www.bghaber.org\/bghaber\/wp-content\/uploads\/2018\/02\/kircaalide-anadil-etkinligi.jpg?fit=1024%2C683&ssl=1","jetpack_sharing_enabled":true,"jetpack_likes_enabled":true,"jetpack-related-posts":[],"jetpack_shortlink":"https:\/\/wp.me\/pc2PfJ-7bk","_links":{"self":[{"href":"https:\/\/www.bghaber.org\/bghaber\/wp-json\/wp\/v2\/posts\/27610","targetHints":{"allow":["GET"]}}],"collection":[{"href":"https:\/\/www.bghaber.org\/bghaber\/wp-json\/wp\/v2\/posts"}],"about":[{"href":"https:\/\/www.bghaber.org\/bghaber\/wp-json\/wp\/v2\/types\/post"}],"author":[{"embeddable":true,"href":"https:\/\/www.bghaber.org\/bghaber\/wp-json\/wp\/v2\/users\/29"}],"replies":[{"embeddable":true,"href":"https:\/\/www.bghaber.org\/bghaber\/wp-json\/wp\/v2\/comments?post=27610"}],"version-history":[{"count":0,"href":"https:\/\/www.bghaber.org\/bghaber\/wp-json\/wp\/v2\/posts\/27610\/revisions"}],"wp:featuredmedia":[{"embeddable":true,"href":"https:\/\/www.bghaber.org\/bghaber\/wp-json\/wp\/v2\/media\/27611"}],"wp:attachment":[{"href":"https:\/\/www.bghaber.org\/bghaber\/wp-json\/wp\/v2\/media?parent=27610"}],"wp:term":[{"taxonomy":"category","embeddable":true,"href":"https:\/\/www.bghaber.org\/bghaber\/wp-json\/wp\/v2\/categories?post=27610"},{"taxonomy":"post_tag","embeddable":true,"href":"https:\/\/www.bghaber.org\/bghaber\/wp-json\/wp\/v2\/tags?post=27610"}],"curies":[{"name":"wp","href":"https:\/\/api.w.org\/{rel}","templated":true}]}}