{"id":27607,"date":"2018-02-22T18:18:47","date_gmt":"2018-02-22T15:18:47","guid":{"rendered":"http:\/\/www.bghaber.org\/bghaber\/?p=27607"},"modified":"2019-07-06T20:58:42","modified_gmt":"2019-07-06T17:58:42","slug":"kirkovoda-dunya-anadili-gunu-kutlandi","status":"publish","type":"post","link":"https:\/\/www.bghaber.org\/bghaber\/kirkovoda-dunya-anadili-gunu-kutlandi\/","title":{"rendered":"Kirkovo\u2019da D\u00fcnya Anadili G\u00fcn\u00fc kutland\u0131"},"content":{"rendered":"<p>Kirkovo (K\u0131z\u0131la\u011fa\u00e7) \u0130l\u00e7esi\u2019ne ba\u011fl\u0131 Fotinovo (Hatipo\u011fullar\u0131) Hristo Smirnenski Lisesi ve Benkovski (Killi) Nikola Vaptsarov Lisesi \u00f6\u011frencileri, 21 \u015eubat D\u00fcnya Anadili G\u00fcn\u00fc dolay\u0131s\u0131yla dans, \u015fark\u0131 ve ske\u00e7 g\u00f6sterilerinin yer ald\u0131\u011f\u0131 zengin bir kutlama program\u0131 sundular.<\/p>\n<p>Kutlama etikli\u011fine Kirkovo Belediye Ba\u015fkan\u0131 \u015einasi S\u00fcleyman, Hak ve \u00d6zg\u00fcrl\u00fckler Hareketi (H\u00d6H) Kirkovo \u0130l\u00e7e Ba\u015fkan\u0131 Dr. Ercan F\u0131r\u0131nc\u0131, Belediye Ba\u015fkan Yard\u0131mc\u0131lar\u0131 Valentina Dimitrova ve Tasim Hac\u0131veysal, Belediye Genel Sekreteri R\u0131za Mestan, ebeveynler ve ba\u015fka davetliler kat\u0131ld\u0131.<\/p>\n<p>Kutlama program\u0131nda yer alan t\u00fcm kat\u0131l\u0131mc\u0131lara bizzat Belediye Ba\u015fkan\u0131 taraf\u0131ndan te\u015fekk\u00fcr belgeleri ve \u00f6d\u00fcller takdim edildi.<\/p>\n<p>&nbsp;<\/p>\n<p>K\u0131rcaali Haber<\/p><div id=\"bghab-1193404240\" class=\"bghab-icerik-icine bghab-entity-placement\"><script async src=\"\/\/pagead2.googlesyndication.com\/pagead\/js\/adsbygoogle.js?client=ca-pub-6203283170189293\" crossorigin=\"anonymous\"><\/script><ins class=\"adsbygoogle\" style=\"display:block; text-align:center;\" data-ad-client=\"ca-pub-6203283170189293\" \ndata-ad-slot=\"7303146466\" \ndata-ad-layout=\"in-article\"\ndata-ad-format=\"fluid\" data-full-width-responsive=\"true\"><\/ins>\n<script> \n(adsbygoogle = window.adsbygoogle || []).push({}); \n<\/script>\n<\/div>\n<div id=\"bghab-2604179426\" class=\"bghab-yazi-altinda bghab-entity-placement\"><div class=\"bghab-adlabel\">Reklamlar<\/div><script async src=\"https:\/\/pagead2.googlesyndication.com\/pagead\/js\/adsbygoogle.js\"><\/script>\r\n<!-- bghaber-yaz\u0131-sonu -->\r\n<ins class=\"adsbygoogle\"\r\n     style=\"display:block\"\r\n     data-ad-client=\"ca-pub-6203283170189293\"\r\n     data-ad-slot=\"4222328180\"\r\n     data-ad-format=\"auto\"\r\n     data-full-width-responsive=\"true\"><\/ins>\r\n<script>\r\n     (adsbygoogle = window.adsbygoogle || []).push({});\r\n<\/script><\/div><br style=\"clear: both; display: block; float: none;\"\/>","protected":false},"excerpt":{"rendered":"<p>Kirkovo (K\u0131z\u0131la\u011fa\u00e7) \u0130l\u00e7esi\u2019ne ba\u011fl\u0131 Fotinovo (Hatipo\u011fullar\u0131) Hristo Smirnenski Lisesi ve Benkovski (Killi) Nikola Vaptsarov Lisesi \u00f6\u011frencileri, 21 \u015eubat D\u00fcnya Anadili G\u00fcn\u00fc dolay\u0131s\u0131yla dans, \u015fark\u0131 ve<\/p>\n","protected":false},"author":29,"featured_media":27608,"comment_status":"closed","ping_status":"closed","sticky":false,"template":"","format":"standard","meta":{"advanced_seo_description":"","jetpack_seo_html_title":"","jetpack_seo_noindex":false,"_jetpack_memberships_contains_paid_content":false,"footnotes":""},"categories":[1,10],"tags":[],"class_list":["post-27607","post","type-post","status-publish","format-standard","has-post-thumbnail","hentry","category-haberler","category-kultur-sanat"],"jetpack_featured_media_url":"https:\/\/i0.wp.com\/www.bghaber.org\/bghaber\/wp-content\/uploads\/2018\/02\/kirkovoda-anadil-etkinligi.jpg?fit=750%2C563&ssl=1","jetpack_sharing_enabled":true,"jetpack_likes_enabled":true,"jetpack-related-posts":[],"jetpack_shortlink":"https:\/\/wp.me\/pc2PfJ-7bh","_links":{"self":[{"href":"https:\/\/www.bghaber.org\/bghaber\/wp-json\/wp\/v2\/posts\/27607","targetHints":{"allow":["GET"]}}],"collection":[{"href":"https:\/\/www.bghaber.org\/bghaber\/wp-json\/wp\/v2\/posts"}],"about":[{"href":"https:\/\/www.bghaber.org\/bghaber\/wp-json\/wp\/v2\/types\/post"}],"author":[{"embeddable":true,"href":"https:\/\/www.bghaber.org\/bghaber\/wp-json\/wp\/v2\/users\/29"}],"replies":[{"embeddable":true,"href":"https:\/\/www.bghaber.org\/bghaber\/wp-json\/wp\/v2\/comments?post=27607"}],"version-history":[{"count":0,"href":"https:\/\/www.bghaber.org\/bghaber\/wp-json\/wp\/v2\/posts\/27607\/revisions"}],"wp:featuredmedia":[{"embeddable":true,"href":"https:\/\/www.bghaber.org\/bghaber\/wp-json\/wp\/v2\/media\/27608"}],"wp:attachment":[{"href":"https:\/\/www.bghaber.org\/bghaber\/wp-json\/wp\/v2\/media?parent=27607"}],"wp:term":[{"taxonomy":"category","embeddable":true,"href":"https:\/\/www.bghaber.org\/bghaber\/wp-json\/wp\/v2\/categories?post=27607"},{"taxonomy":"post_tag","embeddable":true,"href":"https:\/\/www.bghaber.org\/bghaber\/wp-json\/wp\/v2\/tags?post=27607"}],"curies":[{"name":"wp","href":"https:\/\/api.w.org\/{rel}","templated":true}]}}