{"id":27604,"date":"2018-02-22T19:30:40","date_gmt":"2018-02-22T16:30:40","guid":{"rendered":"http:\/\/www.bghaber.org\/bghaber\/?p=27604"},"modified":"2019-07-06T20:58:31","modified_gmt":"2019-07-06T17:58:31","slug":"mestanlida-dunya-anadili-gunu-etkinligi-yapildi","status":"publish","type":"post","link":"https:\/\/www.bghaber.org\/bghaber\/mestanlida-dunya-anadili-gunu-etkinligi-yapildi\/","title":{"rendered":"Mestanl\u0131\u2019da D\u00fcnya Anadili G\u00fcn\u00fc Etkinli\u011fi yap\u0131ld\u0131"},"content":{"rendered":"<p>21 \u015eubat D\u00fcnya Anadili G\u00fcn\u00fc dolay\u0131s\u0131yla d\u00fcn Mom\u00e7ilgrad kasabas\u0131nda d\u00fczenlenen zengin bir k\u00fclt\u00fcrel program\u0131nda kasaba ve k\u00f6ylerdeki okullarda okuyan \u00f6\u011frenciler dans, m\u00fczik ve ske\u00e7 g\u00f6sterileri sundular.<\/p>\n<p>Kutlama etikli\u011finde resmi konuklar aras\u0131nda Bulgaristan do\u011fumlu T\u00fcrkiyeli yazar Nesrin Sipahi, Mom\u00e7ilgrad Belediye Meclis Ba\u015fkan\u0131 \u00d6mer H\u00fcseyin, Belediye Ba\u015fkan Yard\u0131mc\u0131s\u0131 Mehmet Mehmet, Belediye Genel Sekreteri Bahattin Ahmedov ve Meclis \u00fcyeleri haz\u0131r bulundular. Etkinli\u011fe ayr\u0131ca \u00e7ok say\u0131da \u00f6\u011frenci, \u00f6\u011fretmen ve vatanda\u015f kat\u0131ld\u0131.<\/p>\n<p>&nbsp;<\/p>\n<p>K\u0131rcaali Haber<\/p>\n<div id=\"bghab-817488409\" class=\"bghab-yazi-altinda bghab-entity-placement\"><div class=\"bghab-adlabel\">Reklamlar<\/div><script async src=\"https:\/\/pagead2.googlesyndication.com\/pagead\/js\/adsbygoogle.js\"><\/script>\r\n<!-- bghaber-yaz\u0131-sonu -->\r\n<ins class=\"adsbygoogle\"\r\n     style=\"display:block\"\r\n     data-ad-client=\"ca-pub-6203283170189293\"\r\n     data-ad-slot=\"4222328180\"\r\n     data-ad-format=\"auto\"\r\n     data-full-width-responsive=\"true\"><\/ins>\r\n<script>\r\n     (adsbygoogle = window.adsbygoogle || []).push({});\r\n<\/script><\/div><br style=\"clear: both; display: block; float: none;\"\/>","protected":false},"excerpt":{"rendered":"<p>21 \u015eubat D\u00fcnya Anadili G\u00fcn\u00fc dolay\u0131s\u0131yla d\u00fcn Mom\u00e7ilgrad kasabas\u0131nda d\u00fczenlenen zengin bir k\u00fclt\u00fcrel program\u0131nda kasaba ve k\u00f6ylerdeki okullarda okuyan \u00f6\u011frenciler dans, m\u00fczik ve ske\u00e7 g\u00f6sterileri<\/p>\n","protected":false},"author":29,"featured_media":27605,"comment_status":"closed","ping_status":"closed","sticky":false,"template":"","format":"standard","meta":{"advanced_seo_description":"","jetpack_seo_html_title":"","jetpack_seo_noindex":false,"_jetpack_memberships_contains_paid_content":false,"footnotes":""},"categories":[1,10],"tags":[],"class_list":["post-27604","post","type-post","status-publish","format-standard","has-post-thumbnail","hentry","category-haberler","category-kultur-sanat"],"jetpack_featured_media_url":"https:\/\/i0.wp.com\/www.bghaber.org\/bghaber\/wp-content\/uploads\/2018\/02\/mestanlida-dunya-anadil-etkinligi.jpg?fit=1024%2C683&ssl=1","jetpack_sharing_enabled":true,"jetpack_likes_enabled":true,"jetpack-related-posts":[],"jetpack_shortlink":"https:\/\/wp.me\/pc2PfJ-7be","_links":{"self":[{"href":"https:\/\/www.bghaber.org\/bghaber\/wp-json\/wp\/v2\/posts\/27604","targetHints":{"allow":["GET"]}}],"collection":[{"href":"https:\/\/www.bghaber.org\/bghaber\/wp-json\/wp\/v2\/posts"}],"about":[{"href":"https:\/\/www.bghaber.org\/bghaber\/wp-json\/wp\/v2\/types\/post"}],"author":[{"embeddable":true,"href":"https:\/\/www.bghaber.org\/bghaber\/wp-json\/wp\/v2\/users\/29"}],"replies":[{"embeddable":true,"href":"https:\/\/www.bghaber.org\/bghaber\/wp-json\/wp\/v2\/comments?post=27604"}],"version-history":[{"count":0,"href":"https:\/\/www.bghaber.org\/bghaber\/wp-json\/wp\/v2\/posts\/27604\/revisions"}],"wp:featuredmedia":[{"embeddable":true,"href":"https:\/\/www.bghaber.org\/bghaber\/wp-json\/wp\/v2\/media\/27605"}],"wp:attachment":[{"href":"https:\/\/www.bghaber.org\/bghaber\/wp-json\/wp\/v2\/media?parent=27604"}],"wp:term":[{"taxonomy":"category","embeddable":true,"href":"https:\/\/www.bghaber.org\/bghaber\/wp-json\/wp\/v2\/categories?post=27604"},{"taxonomy":"post_tag","embeddable":true,"href":"https:\/\/www.bghaber.org\/bghaber\/wp-json\/wp\/v2\/tags?post=27604"}],"curies":[{"name":"wp","href":"https:\/\/api.w.org\/{rel}","templated":true}]}}