{"id":27596,"date":"2018-02-22T18:12:03","date_gmt":"2018-02-22T15:12:03","guid":{"rendered":"http:\/\/www.bghaber.org\/bghaber\/?p=27596"},"modified":"2019-07-06T20:58:42","modified_gmt":"2019-07-06T17:58:42","slug":"bulgaristanda-kacak-balik-avi-yapanlara-sert-ceza","status":"publish","type":"post","link":"https:\/\/www.bghaber.org\/bghaber\/bulgaristanda-kacak-balik-avi-yapanlara-sert-ceza\/","title":{"rendered":"Bulgaristan&#8217;da Ka\u00e7ak bal\u0131k av\u0131 yapanlara sert ceza"},"content":{"rendered":"<p>\u0130ktidar orta\u011f\u0131 olan Birle\u015fik Vatanseverler Koalisyonu, ka\u00e7ak olarak bal\u0131k av\u0131 yapanlara verilen cezalar\u0131n art\u0131r\u0131lmas\u0131 i\u00e7in Millet Meclisi Ba\u015fkanl\u0131\u011f\u0131na Ceza Kanunu\u2019nda de\u011fi\u015fiklik yap\u0131lmas\u0131na ili\u015fkin kanun teklifi sundu.<\/p>\n<p>Teklif, sadece ka\u00e7ak bal\u0131k avc\u0131l\u0131\u011f\u0131 yapanlara de\u011fil, ayn\u0131 zamanda &#8220;avc\u0131l\u0131k&#8221; esnas\u0131nda yakalanan avc\u0131lara da ceza uygulanmas\u0131n\u0131 \u00f6ng\u00f6rmektedir. Bal\u0131k \u00e7iftliklerde patlay\u0131c\u0131, zehirli veya uyutucu maddelerle bal\u0131k avlamadan ba\u015fka kanuna ayk\u0131r\u0131 olan her t\u00fcr bal\u0131k yemi kullan\u0131m\u0131 i\u00e7in de cezalar uygulanmas\u0131 \u00f6neriliyor. Ka\u00e7ak bal\u0131k\u00e7\u0131l\u0131k i\u00e7in minimum idari para cezas\u0131 miktar\u0131n\u0131n 100 levadan 200 levaya art\u0131r\u0131lmas\u0131 ve \u00f6nemsiz g\u00f6r\u00fclen ihlaller i\u00e7in de ceza \u00f6ng\u00f6r\u00fcl\u00fcyor. \u015eu anda kanun yasak bal\u0131k av\u0131 i\u00e7in bir y\u0131la kadar hapis ve 100 ile 1000 leva aras\u0131nda para cezas\u0131 \u00f6ng\u00f6rmektedir.<\/p>\n<p>Yeni tasar\u0131da ikinci bir ihlalde hapis cezas\u0131 s\u00fcresinin 2 y\u0131la kadar uzat\u0131lmas\u0131 ve para cezas\u0131n\u0131n 500 ile 2 000 leva aras\u0131 tutarda olmas\u0131 \u00f6ng\u00f6r\u00fcl\u00fcyor. Birle\u015fik Vatanseverler Koalisyonu, kanun teklifi tasar\u0131s\u0131n\u0131n Gerek\u00e7eler b\u00f6l\u00fcm\u00fcnde ihlalin tekrarlanmas\u0131 halinde daha sert bir ceza verilmesiyle daha iyi \u00f6nlem al\u0131naca\u011f\u0131n\u0131 belirtti.<\/p>\n<p>Kanun teklifini sunan milletvekilleri, tasar\u0131n\u0131n Gerek\u00e7eler b\u00f6l\u00fcm\u00fcnde ka\u00e7ak avc\u0131lar\u0131n \u00fclkedeki toplam bal\u0131k\u00e7\u0131 say\u0131s\u0131n\u0131n y\u00fczde 0,001&#8217;ini olu\u015fturdu\u011funu, ancak \u015fu anda bu t\u00fcr yasak bal\u0131k avlanman\u0131n zirve yapt\u0131\u011f\u0131n\u0131 vurgulad\u0131lar. Onlar, gerek\u00e7e olarak ayr\u0131ca \u015funlar\u0131 kaydettiler: \u201cBulgaristan, ka\u00e7ak avc\u0131l\u0131k ve solucan ve patlay\u0131c\u0131 maddelerle bal\u0131k tutmak i\u00e7in yaln\u0131zca para cezas\u0131 verilen az say\u0131daki AB \u00fclkesinden biridir\u201d.<\/p>\n<p>K\u0131rcaali Haber<\/p><div id=\"bghab-2168855875\" class=\"bghab-icerik-icine bghab-entity-placement\"><script async src=\"\/\/pagead2.googlesyndication.com\/pagead\/js\/adsbygoogle.js?client=ca-pub-6203283170189293\" crossorigin=\"anonymous\"><\/script><ins class=\"adsbygoogle\" style=\"display:block; text-align:center;\" data-ad-client=\"ca-pub-6203283170189293\" \ndata-ad-slot=\"7303146466\" \ndata-ad-layout=\"in-article\"\ndata-ad-format=\"fluid\" data-full-width-responsive=\"true\"><\/ins>\n<script> \n(adsbygoogle = window.adsbygoogle || []).push({}); \n<\/script>\n<\/div>\n<div id=\"bghab-2683586852\" class=\"bghab-yazi-altinda bghab-entity-placement\"><div class=\"bghab-adlabel\">Reklamlar<\/div><script async src=\"https:\/\/pagead2.googlesyndication.com\/pagead\/js\/adsbygoogle.js\"><\/script>\r\n<!-- bghaber-yaz\u0131-sonu -->\r\n<ins class=\"adsbygoogle\"\r\n     style=\"display:block\"\r\n     data-ad-client=\"ca-pub-6203283170189293\"\r\n     data-ad-slot=\"4222328180\"\r\n     data-ad-format=\"auto\"\r\n     data-full-width-responsive=\"true\"><\/ins>\r\n<script>\r\n     (adsbygoogle = window.adsbygoogle || []).push({});\r\n<\/script><\/div><br style=\"clear: both; display: block; float: none;\"\/>","protected":false},"excerpt":{"rendered":"<p>\u0130ktidar orta\u011f\u0131 olan Birle\u015fik Vatanseverler Koalisyonu, ka\u00e7ak olarak bal\u0131k av\u0131 yapanlara verilen cezalar\u0131n art\u0131r\u0131lmas\u0131 i\u00e7in Millet Meclisi Ba\u015fkanl\u0131\u011f\u0131na Ceza Kanunu\u2019nda de\u011fi\u015fiklik yap\u0131lmas\u0131na ili\u015fkin kanun teklifi<\/p>\n","protected":false},"author":29,"featured_media":27597,"comment_status":"closed","ping_status":"closed","sticky":false,"template":"","format":"standard","meta":{"advanced_seo_description":"","jetpack_seo_html_title":"","jetpack_seo_noindex":false,"_jetpack_memberships_contains_paid_content":false,"footnotes":""},"categories":[5],"tags":[],"class_list":["post-27596","post","type-post","status-publish","format-standard","has-post-thumbnail","hentry","category-yasam"],"jetpack_featured_media_url":"https:\/\/i0.wp.com\/www.bghaber.org\/bghaber\/wp-content\/uploads\/2018\/02\/balik-avi.jpg?fit=450%2C250&ssl=1","jetpack_sharing_enabled":true,"jetpack_likes_enabled":true,"jetpack-related-posts":[],"jetpack_shortlink":"https:\/\/wp.me\/pc2PfJ-7b6","_links":{"self":[{"href":"https:\/\/www.bghaber.org\/bghaber\/wp-json\/wp\/v2\/posts\/27596","targetHints":{"allow":["GET"]}}],"collection":[{"href":"https:\/\/www.bghaber.org\/bghaber\/wp-json\/wp\/v2\/posts"}],"about":[{"href":"https:\/\/www.bghaber.org\/bghaber\/wp-json\/wp\/v2\/types\/post"}],"author":[{"embeddable":true,"href":"https:\/\/www.bghaber.org\/bghaber\/wp-json\/wp\/v2\/users\/29"}],"replies":[{"embeddable":true,"href":"https:\/\/www.bghaber.org\/bghaber\/wp-json\/wp\/v2\/comments?post=27596"}],"version-history":[{"count":0,"href":"https:\/\/www.bghaber.org\/bghaber\/wp-json\/wp\/v2\/posts\/27596\/revisions"}],"wp:featuredmedia":[{"embeddable":true,"href":"https:\/\/www.bghaber.org\/bghaber\/wp-json\/wp\/v2\/media\/27597"}],"wp:attachment":[{"href":"https:\/\/www.bghaber.org\/bghaber\/wp-json\/wp\/v2\/media?parent=27596"}],"wp:term":[{"taxonomy":"category","embeddable":true,"href":"https:\/\/www.bghaber.org\/bghaber\/wp-json\/wp\/v2\/categories?post=27596"},{"taxonomy":"post_tag","embeddable":true,"href":"https:\/\/www.bghaber.org\/bghaber\/wp-json\/wp\/v2\/tags?post=27596"}],"curies":[{"name":"wp","href":"https:\/\/api.w.org\/{rel}","templated":true}]}}