{"id":27572,"date":"2018-02-22T00:43:03","date_gmt":"2018-02-21T21:43:03","guid":{"rendered":"http:\/\/www.bghaber.org\/bghaber\/?p=27572"},"modified":"2018-05-09T18:27:03","modified_gmt":"2018-05-09T15:27:03","slug":"tarihin-kara-leke-hocali-soykirimi-konferansina-davet","status":"publish","type":"post","link":"https:\/\/www.bghaber.org\/bghaber\/tarihin-kara-leke-hocali-soykirimi-konferansina-davet\/","title":{"rendered":"Tarihin Kara Leke: Hocal\u0131 Soyk\u0131r\u0131m\u0131 Konferans\u0131na davet"},"content":{"rendered":"<p style=\"text-align: left;\">Ural Derne\u011fi ile BULT\u00dcRK Derne\u011fi&#8217;nin ortakla\u015fa d\u00fczenledi\u011fi\u00a0&#8220;<strong>Tarihin Kara Lekesi: Hocal\u0131 Soyk\u0131r\u0131m\u0131&#8221;<\/strong>\u00a0konferans\u0131\u00a0konu\u015fmac\u0131 olarak\u00a0<em>Do\u00e7. Dr. Arif Acalo\u011flu,\u00a0Agil Samedbeyli,\u00a0A\u011fas\u0131 Hun Mammadli<\/em> kat\u0131l\u0131m\u0131yla 23.02.2018 tarihinde saat 19:00&#8217;da\u00a0 Bayrampa\u015fa Belediyesi K\u00fclt\u00fcr Merkezi&#8217;nde ger\u00e7ekle\u015fecektir.\u00a0 Kat\u0131lmak isteyenlere duyurulur.<\/p>\n<div id=\"bghab-781138774\" class=\"bghab-yazi-altinda bghab-entity-placement\"><div class=\"bghab-adlabel\">Reklamlar<\/div><script async src=\"https:\/\/pagead2.googlesyndication.com\/pagead\/js\/adsbygoogle.js\"><\/script>\r\n<!-- bghaber-yaz\u0131-sonu -->\r\n<ins class=\"adsbygoogle\"\r\n     style=\"display:block\"\r\n     data-ad-client=\"ca-pub-6203283170189293\"\r\n     data-ad-slot=\"4222328180\"\r\n     data-ad-format=\"auto\"\r\n     data-full-width-responsive=\"true\"><\/ins>\r\n<script>\r\n     (adsbygoogle = window.adsbygoogle || []).push({});\r\n<\/script><\/div><br style=\"clear: both; display: block; float: none;\"\/>","protected":false},"excerpt":{"rendered":"<p>Ural Derne\u011fi ile BULT\u00dcRK Derne\u011fi&#8217;nin ortakla\u015fa d\u00fczenledi\u011fi\u00a0&#8220;Tarihin Kara Lekesi: Hocal\u0131 Soyk\u0131r\u0131m\u0131&#8221;\u00a0konferans\u0131\u00a0konu\u015fmac\u0131 olarak\u00a0Do\u00e7. Dr. Arif Acalo\u011flu,\u00a0Agil Samedbeyli,\u00a0A\u011fas\u0131 Hun Mammadli kat\u0131l\u0131m\u0131yla 23.02.2018 tarihinde saat 19:00&#8217;da\u00a0 Bayrampa\u015fa Belediyesi<\/p>\n","protected":false},"author":13,"featured_media":27592,"comment_status":"closed","ping_status":"closed","sticky":false,"template":"","format":"standard","meta":{"advanced_seo_description":"","jetpack_seo_html_title":"","jetpack_seo_noindex":false,"_jetpack_memberships_contains_paid_content":false,"footnotes":""},"categories":[10],"tags":[37,785],"class_list":["post-27572","post","type-post","status-publish","format-standard","has-post-thumbnail","hentry","category-kultur-sanat","tag-bulturk","tag-bulturk-dernegi"],"jetpack_featured_media_url":"https:\/\/i0.wp.com\/www.bghaber.org\/bghaber\/wp-content\/uploads\/2018\/02\/ural-bulturk-hocali-soykirimi-konferansi.jpg?fit=960%2C960&ssl=1","jetpack_sharing_enabled":true,"jetpack_likes_enabled":true,"jetpack-related-posts":[],"jetpack_shortlink":"https:\/\/wp.me\/pc2PfJ-7aI","_links":{"self":[{"href":"https:\/\/www.bghaber.org\/bghaber\/wp-json\/wp\/v2\/posts\/27572","targetHints":{"allow":["GET"]}}],"collection":[{"href":"https:\/\/www.bghaber.org\/bghaber\/wp-json\/wp\/v2\/posts"}],"about":[{"href":"https:\/\/www.bghaber.org\/bghaber\/wp-json\/wp\/v2\/types\/post"}],"author":[{"embeddable":true,"href":"https:\/\/www.bghaber.org\/bghaber\/wp-json\/wp\/v2\/users\/13"}],"replies":[{"embeddable":true,"href":"https:\/\/www.bghaber.org\/bghaber\/wp-json\/wp\/v2\/comments?post=27572"}],"version-history":[{"count":0,"href":"https:\/\/www.bghaber.org\/bghaber\/wp-json\/wp\/v2\/posts\/27572\/revisions"}],"wp:featuredmedia":[{"embeddable":true,"href":"https:\/\/www.bghaber.org\/bghaber\/wp-json\/wp\/v2\/media\/27592"}],"wp:attachment":[{"href":"https:\/\/www.bghaber.org\/bghaber\/wp-json\/wp\/v2\/media?parent=27572"}],"wp:term":[{"taxonomy":"category","embeddable":true,"href":"https:\/\/www.bghaber.org\/bghaber\/wp-json\/wp\/v2\/categories?post=27572"},{"taxonomy":"post_tag","embeddable":true,"href":"https:\/\/www.bghaber.org\/bghaber\/wp-json\/wp\/v2\/tags?post=27572"}],"curies":[{"name":"wp","href":"https:\/\/api.w.org\/{rel}","templated":true}]}}