{"id":27565,"date":"2018-02-21T23:46:07","date_gmt":"2018-02-21T20:46:07","guid":{"rendered":"http:\/\/www.bghaber.org\/bghaber\/?p=27565"},"modified":"2019-07-06T20:58:43","modified_gmt":"2019-07-06T17:58:43","slug":"turizm-bakani-nikolina-angelkova-abdyi-ziyaret-edecek","status":"publish","type":"post","link":"https:\/\/www.bghaber.org\/bghaber\/turizm-bakani-nikolina-angelkova-abdyi-ziyaret-edecek\/","title":{"rendered":"Turizm Bakan\u0131 Nikolina Angelkova ABD\u2019yi ziyaret edecek"},"content":{"rendered":"<p>Turizm Bakan\u0131 Nikolina Angelkova Washigton\u2019u iki g\u00fcnl\u00fck\u00a0 ziyarette bulunacak.<\/p>\n<p>Ziyaret\u00a0 kapsam\u0131nda turizm\u00a0 alan\u0131nda i\u015fbirli\u011finin\u00a0 geli\u015ftirilmesi\u00a0 ele al\u0131nacak.<\/p>\n<p>Turizm Bakan\u0131 ABD\u2019de\u00a0 idare, yerel i\u015f \u00e7evreleri\u00a0 ve \u00f6nde gelen turistik acentelerinin temsilcileri ve Bulgar toplumu ile g\u00f6r\u00fc\u015fecek.<\/p>\n<p>&nbsp;<\/p>\n<p>BNR<\/p><div id=\"bghab-3818143477\" class=\"bghab-icerik-icine bghab-entity-placement\"><script async src=\"\/\/pagead2.googlesyndication.com\/pagead\/js\/adsbygoogle.js?client=ca-pub-6203283170189293\" crossorigin=\"anonymous\"><\/script><ins class=\"adsbygoogle\" style=\"display:block; text-align:center;\" data-ad-client=\"ca-pub-6203283170189293\" \ndata-ad-slot=\"7303146466\" \ndata-ad-layout=\"in-article\"\ndata-ad-format=\"fluid\" data-full-width-responsive=\"true\"><\/ins>\n<script> \n(adsbygoogle = window.adsbygoogle || []).push({}); \n<\/script>\n<\/div>\n<div id=\"bghab-305018055\" class=\"bghab-yazi-altinda bghab-entity-placement\"><div class=\"bghab-adlabel\">Reklamlar<\/div><script async src=\"https:\/\/pagead2.googlesyndication.com\/pagead\/js\/adsbygoogle.js\"><\/script>\r\n<!-- bghaber-yaz\u0131-sonu -->\r\n<ins class=\"adsbygoogle\"\r\n     style=\"display:block\"\r\n     data-ad-client=\"ca-pub-6203283170189293\"\r\n     data-ad-slot=\"4222328180\"\r\n     data-ad-format=\"auto\"\r\n     data-full-width-responsive=\"true\"><\/ins>\r\n<script>\r\n     (adsbygoogle = window.adsbygoogle || []).push({});\r\n<\/script><\/div><br style=\"clear: both; display: block; float: none;\"\/>","protected":false},"excerpt":{"rendered":"<p>Turizm Bakan\u0131 Nikolina Angelkova Washigton\u2019u iki g\u00fcnl\u00fck\u00a0 ziyarette bulunacak. Ziyaret\u00a0 kapsam\u0131nda turizm\u00a0 alan\u0131nda i\u015fbirli\u011finin\u00a0 geli\u015ftirilmesi\u00a0 ele al\u0131nacak. Turizm Bakan\u0131 ABD\u2019de\u00a0 idare, yerel i\u015f \u00e7evreleri\u00a0 ve<\/p>\n","protected":false},"author":29,"featured_media":26178,"comment_status":"closed","ping_status":"closed","sticky":false,"template":"","format":"standard","meta":{"advanced_seo_description":"","jetpack_seo_html_title":"","jetpack_seo_noindex":false,"_jetpack_memberships_contains_paid_content":false,"footnotes":""},"categories":[4],"tags":[],"class_list":["post-27565","post","type-post","status-publish","format-standard","has-post-thumbnail","hentry","category-siyaset"],"jetpack_featured_media_url":"https:\/\/i0.wp.com\/www.bghaber.org\/bghaber\/wp-content\/uploads\/2018\/01\/nikolina-angelkova-bulgaristan-turizm-bakani.jpg?fit=640%2C480&ssl=1","jetpack_sharing_enabled":true,"jetpack_likes_enabled":true,"jetpack-related-posts":[],"jetpack_shortlink":"https:\/\/wp.me\/pc2PfJ-7aB","_links":{"self":[{"href":"https:\/\/www.bghaber.org\/bghaber\/wp-json\/wp\/v2\/posts\/27565","targetHints":{"allow":["GET"]}}],"collection":[{"href":"https:\/\/www.bghaber.org\/bghaber\/wp-json\/wp\/v2\/posts"}],"about":[{"href":"https:\/\/www.bghaber.org\/bghaber\/wp-json\/wp\/v2\/types\/post"}],"author":[{"embeddable":true,"href":"https:\/\/www.bghaber.org\/bghaber\/wp-json\/wp\/v2\/users\/29"}],"replies":[{"embeddable":true,"href":"https:\/\/www.bghaber.org\/bghaber\/wp-json\/wp\/v2\/comments?post=27565"}],"version-history":[{"count":0,"href":"https:\/\/www.bghaber.org\/bghaber\/wp-json\/wp\/v2\/posts\/27565\/revisions"}],"wp:featuredmedia":[{"embeddable":true,"href":"https:\/\/www.bghaber.org\/bghaber\/wp-json\/wp\/v2\/media\/26178"}],"wp:attachment":[{"href":"https:\/\/www.bghaber.org\/bghaber\/wp-json\/wp\/v2\/media?parent=27565"}],"wp:term":[{"taxonomy":"category","embeddable":true,"href":"https:\/\/www.bghaber.org\/bghaber\/wp-json\/wp\/v2\/categories?post=27565"},{"taxonomy":"post_tag","embeddable":true,"href":"https:\/\/www.bghaber.org\/bghaber\/wp-json\/wp\/v2\/tags?post=27565"}],"curies":[{"name":"wp","href":"https:\/\/api.w.org\/{rel}","templated":true}]}}