{"id":27553,"date":"2018-02-21T23:39:19","date_gmt":"2018-02-21T20:39:19","guid":{"rendered":"http:\/\/www.bghaber.org\/bghaber\/?p=27553"},"modified":"2019-07-06T20:58:43","modified_gmt":"2019-07-06T17:58:43","slug":"tsveta-karayanceva-mariya-gabriel-ile-gorustu","status":"publish","type":"post","link":"https:\/\/www.bghaber.org\/bghaber\/tsveta-karayanceva-mariya-gabriel-ile-gorustu\/","title":{"rendered":"Tsveta Karayan\u00e7eva Mariya Gabriel ile g\u00f6r\u00fc\u015ft\u00fc"},"content":{"rendered":"<p>Halk Meclisi Ba\u015fkan\u0131 Tsveta Karayan\u00e7eva, Br\u00fcksel\u2019de AK\u2019nin Dijital Ekonomi ve Dijital Toplum\u2019dan Sorumlu \u00dcyesi Mariya Gabriel ile g\u00f6r\u00fc\u015ft\u00fc.<\/p>\n<p>Karayan\u00e7eva ve Gabriel, Bulgaristan\u2019\u0131n AB Konseyi D\u00f6nem Ba\u015fkanl\u0131\u011f\u0131\u2019n\u0131n ba\u015fl\u0131ca \u00f6nceli\u011fi olan Bat\u0131 Balkanlar\u2019\u0131n Avrupa perspektifine y\u00fcksek de\u011fer verdi. G\u00f6r\u00fc\u015fmede Bat\u0131 Balkanlar\u2019\u0131n Avrupa perspektifinin, b\u00f6lgede ve b\u00fct\u00fcn Avrupa\u2019da g\u00fcvenlik i\u00e7in ek bir garanti oldu\u011fu g\u00f6r\u00fc\u015f\u00fc payla\u015f\u0131ld\u0131. Mariya Gabriel, dijital beceriler, siber g\u00fcvenlik ve s\u00fcper bilgisayarlar \u00fczerinde odaklanm\u0131\u015f dijitalle\u015fme i\u00e7in sonraki \u00e7ok y\u0131ll\u0131k mali \u00e7er\u00e7evede daha \u00e7ok kaynak gereksinimi \u00fczerinde vurgu yapt\u0131.<\/p>\n<p>Bu g\u00f6r\u00fc\u015fmeden \u00f6nce Frans\u0131z \u201cLes Eco\u201d g\u00fcnl\u00fck gazetesine deme\u00e7 veren Mariya Gabriel, AB \u00fcye \u00fclkelerinin, y\u00fcksek teknolojilerde daha \u00e7ok rekabet edebilirlik i\u00e7in \u00e7abalar\u0131n\u0131 birle\u015ftirmesi gerekti\u011finin alt\u0131n\u0131 \u00e7izdi.<\/p>\n<p>&nbsp;<\/p>\n<p>BNR<\/p><div id=\"bghab-2270031785\" class=\"bghab-icerik-icine bghab-entity-placement\"><script async src=\"\/\/pagead2.googlesyndication.com\/pagead\/js\/adsbygoogle.js?client=ca-pub-6203283170189293\" crossorigin=\"anonymous\"><\/script><ins class=\"adsbygoogle\" style=\"display:block; text-align:center;\" data-ad-client=\"ca-pub-6203283170189293\" \ndata-ad-slot=\"7303146466\" \ndata-ad-layout=\"in-article\"\ndata-ad-format=\"fluid\" data-full-width-responsive=\"true\"><\/ins>\n<script> \n(adsbygoogle = window.adsbygoogle || []).push({}); \n<\/script>\n<\/div>\n<div id=\"bghab-2106969309\" class=\"bghab-yazi-altinda bghab-entity-placement\"><div class=\"bghab-adlabel\">Reklamlar<\/div><script async src=\"https:\/\/pagead2.googlesyndication.com\/pagead\/js\/adsbygoogle.js\"><\/script>\r\n<!-- bghaber-yaz\u0131-sonu -->\r\n<ins class=\"adsbygoogle\"\r\n     style=\"display:block\"\r\n     data-ad-client=\"ca-pub-6203283170189293\"\r\n     data-ad-slot=\"4222328180\"\r\n     data-ad-format=\"auto\"\r\n     data-full-width-responsive=\"true\"><\/ins>\r\n<script>\r\n     (adsbygoogle = window.adsbygoogle || []).push({});\r\n<\/script><\/div><br style=\"clear: both; display: block; float: none;\"\/>","protected":false},"excerpt":{"rendered":"<p>Halk Meclisi Ba\u015fkan\u0131 Tsveta Karayan\u00e7eva, Br\u00fcksel\u2019de AK\u2019nin Dijital Ekonomi ve Dijital Toplum\u2019dan Sorumlu \u00dcyesi Mariya Gabriel ile g\u00f6r\u00fc\u015ft\u00fc. Karayan\u00e7eva ve Gabriel, Bulgaristan\u2019\u0131n AB Konseyi D\u00f6nem<\/p>\n","protected":false},"author":29,"featured_media":27554,"comment_status":"closed","ping_status":"closed","sticky":false,"template":"","format":"standard","meta":{"advanced_seo_description":"","jetpack_seo_html_title":"","jetpack_seo_noindex":false,"_jetpack_memberships_contains_paid_content":false,"footnotes":""},"categories":[1,4],"tags":[],"class_list":["post-27553","post","type-post","status-publish","format-standard","has-post-thumbnail","hentry","category-haberler","category-siyaset"],"jetpack_featured_media_url":"https:\/\/i0.wp.com\/www.bghaber.org\/bghaber\/wp-content\/uploads\/2018\/02\/Tsveta-Karayan%C3%A7eva-Mariya-Gabriel-ile-g%C3%B6r%C3%BC%C5%9Ft%C3%BC.jpg?fit=610%2C343&ssl=1","jetpack_sharing_enabled":true,"jetpack_likes_enabled":true,"jetpack-related-posts":[],"jetpack_shortlink":"https:\/\/wp.me\/pc2PfJ-7ap","_links":{"self":[{"href":"https:\/\/www.bghaber.org\/bghaber\/wp-json\/wp\/v2\/posts\/27553","targetHints":{"allow":["GET"]}}],"collection":[{"href":"https:\/\/www.bghaber.org\/bghaber\/wp-json\/wp\/v2\/posts"}],"about":[{"href":"https:\/\/www.bghaber.org\/bghaber\/wp-json\/wp\/v2\/types\/post"}],"author":[{"embeddable":true,"href":"https:\/\/www.bghaber.org\/bghaber\/wp-json\/wp\/v2\/users\/29"}],"replies":[{"embeddable":true,"href":"https:\/\/www.bghaber.org\/bghaber\/wp-json\/wp\/v2\/comments?post=27553"}],"version-history":[{"count":0,"href":"https:\/\/www.bghaber.org\/bghaber\/wp-json\/wp\/v2\/posts\/27553\/revisions"}],"wp:featuredmedia":[{"embeddable":true,"href":"https:\/\/www.bghaber.org\/bghaber\/wp-json\/wp\/v2\/media\/27554"}],"wp:attachment":[{"href":"https:\/\/www.bghaber.org\/bghaber\/wp-json\/wp\/v2\/media?parent=27553"}],"wp:term":[{"taxonomy":"category","embeddable":true,"href":"https:\/\/www.bghaber.org\/bghaber\/wp-json\/wp\/v2\/categories?post=27553"},{"taxonomy":"post_tag","embeddable":true,"href":"https:\/\/www.bghaber.org\/bghaber\/wp-json\/wp\/v2\/tags?post=27553"}],"curies":[{"name":"wp","href":"https:\/\/api.w.org\/{rel}","templated":true}]}}