{"id":27550,"date":"2018-02-21T19:36:12","date_gmt":"2018-02-21T16:36:12","guid":{"rendered":"http:\/\/www.bghaber.org\/bghaber\/?p=27550"},"modified":"2019-07-06T20:58:54","modified_gmt":"2019-07-06T17:58:54","slug":"cezaevi-mahkeme-koruma-gorevlilerinin-protestolari","status":"publish","type":"post","link":"https:\/\/www.bghaber.org\/bghaber\/cezaevi-mahkeme-koruma-gorevlilerinin-protestolari\/","title":{"rendered":"Cezaevi ve mahkeme koruma g\u00f6revlilerinin protestolar\u0131"},"content":{"rendered":"<p>Cezaevi ve mahkeme koruma g\u00f6revlilerinin Bulgaristan\u2019\u0131n 27 \u015fehrinde mahkeme binalar\u0131 \u00f6n\u00fcndeki protestolar\u0131 devam ediyor.<\/p>\n<p>Bug\u00fcnden itibaren 24 \u015eubat tarihine kadar Sofya\u2019daki Adalet Bakanl\u0131\u011f\u0131 \u00f6n\u00fcnde \u201cBizim \u0130\u00e7in De Avrupa\u201d ba\u015fl\u0131\u011f\u0131 alt\u0131nda protesto eylemleri yap\u0131lacakt\u0131r. 23 \u015eubat tarihinde protestolar b\u00fct\u00fcn cezaevleri kapsayacak.<\/p>\n<p>Protestocular\u0131n sendikas\u0131, Avrupa Adalet Bakanlar\u0131\u2019na bir mektup ile cezaevlerindeki kronik sorunlar\u0131n \u00e7\u00f6z\u00fcmlenmesine katk\u0131da bulunmalar\u0131n\u0131 ve protestocular\u0131n taleplerinin duyulmas\u0131 i\u00e7in sendikalar ile devlet kurumlar\u0131 aras\u0131nda arabuluculuk yapmalar\u0131n\u0131 istemeyi niyetliyor.<\/p>\n<p>&nbsp;<\/p>\n<p>BNR<\/p><div id=\"bghab-3242047738\" class=\"bghab-icerik-icine bghab-entity-placement\"><script async src=\"\/\/pagead2.googlesyndication.com\/pagead\/js\/adsbygoogle.js?client=ca-pub-6203283170189293\" crossorigin=\"anonymous\"><\/script><ins class=\"adsbygoogle\" style=\"display:block; text-align:center;\" data-ad-client=\"ca-pub-6203283170189293\" \ndata-ad-slot=\"7303146466\" \ndata-ad-layout=\"in-article\"\ndata-ad-format=\"fluid\" data-full-width-responsive=\"true\"><\/ins>\n<script> \n(adsbygoogle = window.adsbygoogle || []).push({}); \n<\/script>\n<\/div>\n<div id=\"bghab-3740580911\" class=\"bghab-yazi-altinda bghab-entity-placement\"><div class=\"bghab-adlabel\">Reklamlar<\/div><script async src=\"https:\/\/pagead2.googlesyndication.com\/pagead\/js\/adsbygoogle.js\"><\/script>\r\n<!-- bghaber-yaz\u0131-sonu -->\r\n<ins class=\"adsbygoogle\"\r\n     style=\"display:block\"\r\n     data-ad-client=\"ca-pub-6203283170189293\"\r\n     data-ad-slot=\"4222328180\"\r\n     data-ad-format=\"auto\"\r\n     data-full-width-responsive=\"true\"><\/ins>\r\n<script>\r\n     (adsbygoogle = window.adsbygoogle || []).push({});\r\n<\/script><\/div><br style=\"clear: both; display: block; float: none;\"\/>","protected":false},"excerpt":{"rendered":"<p>Cezaevi ve mahkeme koruma g\u00f6revlilerinin Bulgaristan\u2019\u0131n 27 \u015fehrinde mahkeme binalar\u0131 \u00f6n\u00fcndeki protestolar\u0131 devam ediyor. Bug\u00fcnden itibaren 24 \u015eubat tarihine kadar Sofya\u2019daki Adalet Bakanl\u0131\u011f\u0131 \u00f6n\u00fcnde \u201cBizim<\/p>\n","protected":false},"author":29,"featured_media":27551,"comment_status":"closed","ping_status":"closed","sticky":false,"template":"","format":"standard","meta":{"advanced_seo_description":"","jetpack_seo_html_title":"","jetpack_seo_noindex":false,"_jetpack_memberships_contains_paid_content":false,"footnotes":""},"categories":[9],"tags":[],"class_list":["post-27550","post","type-post","status-publish","format-standard","has-post-thumbnail","hentry","category-ekonomi"],"jetpack_featured_media_url":"https:\/\/i0.wp.com\/www.bghaber.org\/bghaber\/wp-content\/uploads\/2018\/02\/bulgaristanda-cezaevi-ve-mahkeme-guvenlik-gorevlileri-protestosu.jpg?fit=425%2C239&ssl=1","jetpack_sharing_enabled":true,"jetpack_likes_enabled":true,"jetpack-related-posts":[],"jetpack_shortlink":"https:\/\/wp.me\/pc2PfJ-7am","_links":{"self":[{"href":"https:\/\/www.bghaber.org\/bghaber\/wp-json\/wp\/v2\/posts\/27550","targetHints":{"allow":["GET"]}}],"collection":[{"href":"https:\/\/www.bghaber.org\/bghaber\/wp-json\/wp\/v2\/posts"}],"about":[{"href":"https:\/\/www.bghaber.org\/bghaber\/wp-json\/wp\/v2\/types\/post"}],"author":[{"embeddable":true,"href":"https:\/\/www.bghaber.org\/bghaber\/wp-json\/wp\/v2\/users\/29"}],"replies":[{"embeddable":true,"href":"https:\/\/www.bghaber.org\/bghaber\/wp-json\/wp\/v2\/comments?post=27550"}],"version-history":[{"count":0,"href":"https:\/\/www.bghaber.org\/bghaber\/wp-json\/wp\/v2\/posts\/27550\/revisions"}],"wp:featuredmedia":[{"embeddable":true,"href":"https:\/\/www.bghaber.org\/bghaber\/wp-json\/wp\/v2\/media\/27551"}],"wp:attachment":[{"href":"https:\/\/www.bghaber.org\/bghaber\/wp-json\/wp\/v2\/media?parent=27550"}],"wp:term":[{"taxonomy":"category","embeddable":true,"href":"https:\/\/www.bghaber.org\/bghaber\/wp-json\/wp\/v2\/categories?post=27550"},{"taxonomy":"post_tag","embeddable":true,"href":"https:\/\/www.bghaber.org\/bghaber\/wp-json\/wp\/v2\/tags?post=27550"}],"curies":[{"name":"wp","href":"https:\/\/api.w.org\/{rel}","templated":true}]}}