{"id":27540,"date":"2018-02-21T23:26:54","date_gmt":"2018-02-21T20:26:54","guid":{"rendered":"http:\/\/www.bghaber.org\/bghaber\/?p=27540"},"modified":"2019-07-06T20:58:43","modified_gmt":"2019-07-06T17:58:43","slug":"meclis-genel-kurulu-jablyanovu-meclis-baskan-yardimciligi-gorevinden-aldi","status":"publish","type":"post","link":"https:\/\/www.bghaber.org\/bghaber\/meclis-genel-kurulu-jablyanovu-meclis-baskan-yardimciligi-gorevinden-aldi\/","title":{"rendered":"Meclis Genel Kurulu, Jablyanov\u2019u Meclis Ba\u015fkan Yard\u0131mc\u0131l\u0131\u011f\u0131 g\u00f6revinden ald\u0131"},"content":{"rendered":"<p>\u0130ktidardaki Bulgaristan\u2019\u0131n Avrupal\u0131 Gelece\u011fi \u0130\u00e7in Vatanda\u015flar (GERB) partisi ve Birle\u015fik Vatanseverler Koalisyonu, Bulgaristan Sosyalist Partisi (BSP) Grubu\u2019ndan se\u00e7ilen Millet Meclis Ba\u015fkan Yard\u0131mc\u0131s\u0131 Valeri Jablyanov\u2019u g\u00f6revinden ald\u0131.<\/p>\n<p>Bug\u00fcn yap\u0131lan oylamada GERB, Birle\u015fik Vatanseverler ve \u0130rade Partisi milletvekillerinin kulland\u0131\u011f\u0131 110 oyla Jablyanov\u2019un g\u00f6revden al\u0131nmas\u0131na ili\u015fkin teklif Meclis Genel Kurulunda kabul edildi. Jablyanov, birka\u00e7 bireysel tavr\u0131ndan dolay\u0131 Meclisteki \u00e7o\u011funlu\u011fun \u00f6fkesini kazand\u0131.<\/p>\n<p>Bu tav\u0131rlar\u0131 aras\u0131nda Bulgaristan&#8217;daki fa\u015fist hareketin ilham kayna\u011f\u0131 olan General Hristo Lukov&#8217;un \u00f6l\u00fcm\u00fcn\u00fcn 75&#8217;\u00fcnc\u00fc y\u0131l\u0131 nedeniyle yap\u0131lan \u201cLukov Mar\u015f\u0131\u201d adl\u0131 me\u015faleli y\u00fcr\u00fcy\u00fc\u015fe kar\u015f\u0131 BSP ad\u0131na Mecliste okunan bildiride kulland\u0131\u011f\u0131 kabul edilemez \u201cHalk Mahkemesi, gerekli ve ka\u00e7\u0131n\u0131lmaz bir adalettir\u201d ifadeleri,1 \u015eubat\u2019ta kom\u00fcnist rejim kurbanlar\u0131 i\u00e7in Meclis Genel Kurulunda yap\u0131lan sayg\u0131 duru\u015fu s\u0131ras\u0131nda sayg\u0131s\u0131zl\u0131k etmesi ve Makedonya ile imzalanan iyi kom\u015fuluk s\u00f6zle\u015fmesinin Meclis taraf\u0131ndan onaylanmas\u0131na kar\u015f\u0131 \u00e7\u0131kmas\u0131 bulunuyor.<\/p>\n<p>Jablyanov, ki\u015fisel g\u00f6r\u00fc\u015flerini dile getirdi\u011fi i\u00e7in istifa etmek i\u00e7in hi\u00e7bir neden olmad\u0131\u011f\u0131n\u0131 s\u00f6yledi.<\/p>\n<p>Partili arkada\u015flar\u0131 onu destekleyerek, Jablyanov\u2019un Meclis Ba\u015fkan Yard\u0131mc\u0131l\u0131\u011f\u0131 g\u00f6revinden al\u0131nmas\u0131 durumunda bu g\u00f6reve ba\u015fka birini aday g\u00f6stermeyeceklerini \u00f6ne s\u00fcrd\u00fcler.<\/p><div id=\"bghab-131876561\" class=\"bghab-icerik-icine bghab-entity-placement\"><script async src=\"\/\/pagead2.googlesyndication.com\/pagead\/js\/adsbygoogle.js?client=ca-pub-6203283170189293\" crossorigin=\"anonymous\"><\/script><ins class=\"adsbygoogle\" style=\"display:block; text-align:center;\" data-ad-client=\"ca-pub-6203283170189293\" \ndata-ad-slot=\"7303146466\" \ndata-ad-layout=\"in-article\"\ndata-ad-format=\"fluid\" data-full-width-responsive=\"true\"><\/ins>\n<script> \n(adsbygoogle = window.adsbygoogle || []).push({}); \n<\/script>\n<\/div>\n<p>B\u00f6ylece bir Millet Meclisi Ba\u015fkan Yard\u0131mc\u0131l\u0131\u011f\u0131 makam\u0131 bo\u015f kalacak.<\/p>\n<p>BSP Merkez Y\u00fcr\u00fctme Kurulunun acil olarak \u00e7a\u011fr\u0131ld\u0131\u011f\u0131 toplant\u0131dan sonra BSP Genel Ba\u015fkan Yard\u0131mc\u0131s\u0131 Kiril Dobrev, BSP\u2019nin devamc\u0131s\u0131 oldu\u011fu Bulgaristan Kom\u00fcnist Partisi\u2019nin (BKP) kararlar\u0131n\u0131n siyasi sorumlulu\u011funu \u00fcstlendi\u011fi ve ma\u011fdur olan ve bask\u0131ya u\u011frayanlardan \u00f6z\u00fcr diledi\u011fi 1991 y\u0131l\u0131na ait bir belgeye at\u0131fta bulundu. Ancak ayn\u0131 zamanda Jablyanov\u2019un Meclis Ba\u015fkan Yard\u0131mc\u0131l\u0131\u011f\u0131 g\u00f6revinden istifa etmesinin hi\u00e7bir nedeni olmad\u0131\u011f\u0131n\u0131 belirtti.<\/p>\n<p>BSP Meclis Grubu, Jablyanov\u2019un g\u00f6revden al\u0131nmas\u0131na ili\u015fkin teklifinin oylamas\u0131 s\u0131ras\u0131nda oybirli\u011fiyle onu destekledi ve oylamaya kat\u0131lan t\u00fcm 71 BSP milletvekili ret oyu kulland\u0131.<\/p>\n<p>Oylamaya kat\u0131lmayan tek Meclis Grubu, Hak ve \u00d6zg\u00fcrl\u00fckler Hareketi (H\u00d6H) Grubu oldu.<\/p>\n<p>Daha teklifin g\u00f6r\u00fc\u015f\u00fclmeye ba\u015flad\u0131\u011f\u0131 s\u0131rada H\u00d6H milletvekilleri, sa\u00e7ma oldu\u011fu gerek\u00e7esiyle Meclis Genel Kurulunu terk ettiler.<\/p><div id=\"bghab-2810412386\" class=\"bghab-icerik-icine-10-paragraf bghab-entity-placement\"><script async src=\"\/\/pagead2.googlesyndication.com\/pagead\/js\/adsbygoogle.js?client=ca-pub-6203283170189293\" crossorigin=\"anonymous\"><\/script><ins class=\"adsbygoogle\" style=\"display:block; text-align:center;\" data-ad-client=\"ca-pub-6203283170189293\" \ndata-ad-slot=\"7303146466\" \ndata-ad-layout=\"in-article\"\ndata-ad-format=\"fluid\" data-full-width-responsive=\"true\"><\/ins>\n<script> \n(adsbygoogle = window.adsbygoogle || []).push({}); \n<\/script>\n<\/div>\n<p>&nbsp;<\/p>\n<p>K\u0131rcaali Haber<\/p>\n<div id=\"bghab-269632427\" class=\"bghab-yazi-altinda bghab-entity-placement\"><div class=\"bghab-adlabel\">Reklamlar<\/div><script async src=\"https:\/\/pagead2.googlesyndication.com\/pagead\/js\/adsbygoogle.js\"><\/script>\r\n<!-- bghaber-yaz\u0131-sonu -->\r\n<ins class=\"adsbygoogle\"\r\n     style=\"display:block\"\r\n     data-ad-client=\"ca-pub-6203283170189293\"\r\n     data-ad-slot=\"4222328180\"\r\n     data-ad-format=\"auto\"\r\n     data-full-width-responsive=\"true\"><\/ins>\r\n<script>\r\n     (adsbygoogle = window.adsbygoogle || []).push({});\r\n<\/script><\/div><br style=\"clear: both; display: block; float: none;\"\/>","protected":false},"excerpt":{"rendered":"<p>\u0130ktidardaki Bulgaristan\u2019\u0131n Avrupal\u0131 Gelece\u011fi \u0130\u00e7in Vatanda\u015flar (GERB) partisi ve Birle\u015fik Vatanseverler Koalisyonu, Bulgaristan Sosyalist Partisi (BSP) Grubu\u2019ndan se\u00e7ilen Millet Meclis Ba\u015fkan Yard\u0131mc\u0131s\u0131 Valeri Jablyanov\u2019u g\u00f6revinden<\/p>\n","protected":false},"author":29,"featured_media":3273,"comment_status":"closed","ping_status":"closed","sticky":false,"template":"","format":"standard","meta":{"advanced_seo_description":"","jetpack_seo_html_title":"","jetpack_seo_noindex":false,"_jetpack_memberships_contains_paid_content":false,"footnotes":""},"categories":[1,4],"tags":[],"class_list":["post-27540","post","type-post","status-publish","format-standard","has-post-thumbnail","hentry","category-haberler","category-siyaset"],"jetpack_featured_media_url":"https:\/\/i0.wp.com\/www.bghaber.org\/bghaber\/wp-content\/uploads\/2013\/07\/bsp-Valeri-Jablyanov.jpg?fit=482%2C336&ssl=1","jetpack_sharing_enabled":true,"jetpack_likes_enabled":true,"jetpack-related-posts":[],"jetpack_shortlink":"https:\/\/wp.me\/pc2PfJ-7ac","_links":{"self":[{"href":"https:\/\/www.bghaber.org\/bghaber\/wp-json\/wp\/v2\/posts\/27540","targetHints":{"allow":["GET"]}}],"collection":[{"href":"https:\/\/www.bghaber.org\/bghaber\/wp-json\/wp\/v2\/posts"}],"about":[{"href":"https:\/\/www.bghaber.org\/bghaber\/wp-json\/wp\/v2\/types\/post"}],"author":[{"embeddable":true,"href":"https:\/\/www.bghaber.org\/bghaber\/wp-json\/wp\/v2\/users\/29"}],"replies":[{"embeddable":true,"href":"https:\/\/www.bghaber.org\/bghaber\/wp-json\/wp\/v2\/comments?post=27540"}],"version-history":[{"count":0,"href":"https:\/\/www.bghaber.org\/bghaber\/wp-json\/wp\/v2\/posts\/27540\/revisions"}],"wp:featuredmedia":[{"embeddable":true,"href":"https:\/\/www.bghaber.org\/bghaber\/wp-json\/wp\/v2\/media\/3273"}],"wp:attachment":[{"href":"https:\/\/www.bghaber.org\/bghaber\/wp-json\/wp\/v2\/media?parent=27540"}],"wp:term":[{"taxonomy":"category","embeddable":true,"href":"https:\/\/www.bghaber.org\/bghaber\/wp-json\/wp\/v2\/categories?post=27540"},{"taxonomy":"post_tag","embeddable":true,"href":"https:\/\/www.bghaber.org\/bghaber\/wp-json\/wp\/v2\/tags?post=27540"}],"curies":[{"name":"wp","href":"https:\/\/api.w.org\/{rel}","templated":true}]}}