{"id":27532,"date":"2018-02-21T23:21:55","date_gmt":"2018-02-21T20:21:55","guid":{"rendered":"http:\/\/www.bghaber.org\/bghaber\/?p=27532"},"modified":"2019-07-06T20:58:44","modified_gmt":"2019-07-06T17:58:44","slug":"resmi-murattan-turkiyeli-sanayicilere-bulgaristana-yatirim-cagrisi","status":"publish","type":"post","link":"https:\/\/www.bghaber.org\/bghaber\/resmi-murattan-turkiyeli-sanayicilere-bulgaristana-yatirim-cagrisi\/","title":{"rendered":"Resmi Murat\u2019tan T\u00fcrkiyeli sanayicilere Bulgaristan\u2019a yat\u0131r\u0131m \u00e7a\u011fr\u0131s\u0131"},"content":{"rendered":"<p>Ardino (E\u011fridere) Belediye Ba\u015fkan\u0131 Resmi Murat, Rumelili Y\u00f6netici \u0130\u015f Adamlar\u0131 ve Sanayiciler Derne\u011fi (Rumeli S\u0130AD), Balkan Rumeli Sanayicileri ve \u0130\u015f Adamlar\u0131 Derne\u011fi (BALKAN T\u00dcRK S\u0130AD) ve Demirta\u015f S\u0130AD ve Bursa\u2019daki di\u011fer sanayici ve i\u015fveren derneklerinin ba\u015fkanlar\u0131na Bulgaristan ve Ardino b\u00f6lgesine yat\u0131r\u0131m yapmalar\u0131 \u00e7a\u011fr\u0131s\u0131nda bulundu. Belediye Ba\u015fkan\u0131, bunun ger\u00e7ekle\u015fmesi durumunda onlar\u0131n \u00e7ok sevdikleri memleketlerinde n\u00fcfusun azalmas\u0131 s\u00fcrecinin yava\u015flayaca\u011f\u0131n\u0131 vurgulad\u0131.<\/p>\n<p>Ge\u00e7en hafta sonunda Belediye Ba\u015fkan\u0131 Resmi Murat ve Belediye Meclisi Ba\u015fkan\u0131 Sezgin Bayram\u2019\u0131n ba\u015fkanl\u0131\u011f\u0131nda olu\u015fturulan bir Ardino heyeti, Bursa\u2019da d\u00fczenlenen 19. E\u011fridereliler Bulu\u015fma Gecesi\u2019ne kat\u0131ld\u0131. Ziyaret, Bursa E\u011fridereliler K\u00fclt\u00fcr ve Dayan\u0131\u015fma Derne\u011fi y\u00f6netiminin daveti \u00fczerine ger\u00e7ekle\u015fti.<\/p>\n<p>Alt\u0131n Ceylan Kompleksi\u2019nde yap\u0131lan geleneksel bulu\u015fma gecesinde 600\u2019\u00fc a\u015fk\u0131n E\u011fridereliler bir araya topland\u0131. Gecede konuklar aras\u0131nda Cumhuriyet Halk Partisi (CHP) Ba\u015fkan Yard\u0131mc\u0131s\u0131 ve TBMM Milletvekili Lale Karab\u0131y\u0131k, Ardino\u2019nun karde\u015f Bursa Nil\u00fcfer Belediye Ba\u015fkan\u0131 Mustafa Bozbey, Ardino k\u00f6kenli en b\u00fcy\u00fck ve en etkin g\u00f6\u00e7men \u00f6rg\u00fct\u00fc olan Bal-G\u00f6\u00e7 Genel Ba\u015fkan\u0131 Prof. Dr. Y\u00fcksel \u00d6zkan ve yine Ardino k\u00f6kenli Bulgaristan\u2019\u0131n eski Bursa Fahri Konsolosu ve eski TBMM milletvekili Hayati Korkmaz haz\u0131r bulundular.<\/p>\n<p>Ayr\u0131ca \u0130stanbul Balkanl\u0131lar K\u00fclt\u00fcr ve Dayan\u0131\u015fma Derne\u011fi Ba\u015fkan\u0131 Olcay \u00d6zg\u00fcn, Bursa Mestanl\u0131 Y\u00f6resi K\u00fclt\u00fcr ve Dayan\u0131\u015fma Derne\u011fi Ba\u015fkan\u0131 Hasan \u00d6zt\u00fcrk, Nil\u00fcfer ile karde\u015f belediye olan Bansko Belediye Ba\u015fkan\u0131 Georgi \u0130konomov da geceyi \u015fereflendirdiler.<\/p>\n<p>Bursa E\u011fridereliler K\u00fclt\u00fcr ve Dayan\u0131\u015fma Derne\u011fi Ba\u015fkan Yard\u0131mc\u0131s\u0131 Y\u00fcksel Yurtsever, kat\u0131l\u0131mc\u0131lara \u015eubat 1998&#8217;de Bursa&#8217;da bir grup Ardinolu g\u00f6\u00e7menin bug\u00fcne kadar devam eden bir gelenek haline gelen hem\u015feriler bulu\u015fmas\u0131 d\u00fczenlemeye karar verdiklerini hat\u0131rlatt\u0131. Y\u00fcksel Yurtsever,\u201d Bu gece dostluk, s\u0131laya \u00f6zleme gecesidir. \u0130yi kom\u015fuluk, akrabal\u0131k ili\u015fkilerini ve sivil toplumu g\u00fc\u00e7lendirmek i\u00e7in yap\u0131lan bir bulu\u015fma gecesidir\u201d diye kaydetti. Yurtsever, bu ili\u015fkilerin daha da geli\u015ftirilmesi ve korunmas\u0131 i\u00e7in her y\u0131l \u015eubat ay\u0131nda bir araya geleceklerini kaydetti.<\/p><div id=\"bghab-581730817\" class=\"bghab-icerik-icine bghab-entity-placement\"><script async src=\"\/\/pagead2.googlesyndication.com\/pagead\/js\/adsbygoogle.js?client=ca-pub-6203283170189293\" crossorigin=\"anonymous\"><\/script><ins class=\"adsbygoogle\" style=\"display:block; text-align:center;\" data-ad-client=\"ca-pub-6203283170189293\" \ndata-ad-slot=\"7303146466\" \ndata-ad-layout=\"in-article\"\ndata-ad-format=\"fluid\" data-full-width-responsive=\"true\"><\/ins>\n<script> \n(adsbygoogle = window.adsbygoogle || []).push({}); \n<\/script>\n<\/div>\n<p>Multimedya g\u00f6sterisiyle iki eski dernek ba\u015fkan\u0131 Ali Durmaz ve Ahmet Kahraman\u2019\u0131n hayat\u0131 ve faaliyetleri tan\u0131t\u0131ld\u0131.<\/p>\n<p>Geleneksel E\u011fridereliler Bulu\u015fma Gecesi vesilesiyle Ardino\u2019yu simgeleyen \u015eeytan K\u00f6pr\u00fcs\u00fc \u015feklinde dev bir pasta kesildi.<\/p>\n<p>&nbsp;<\/p>\n<p>K\u0131rcaali Haber<\/p>\n<div id=\"bghab-1893920822\" class=\"bghab-yazi-altinda bghab-entity-placement\"><div class=\"bghab-adlabel\">Reklamlar<\/div><script async src=\"https:\/\/pagead2.googlesyndication.com\/pagead\/js\/adsbygoogle.js\"><\/script>\r\n<!-- bghaber-yaz\u0131-sonu -->\r\n<ins class=\"adsbygoogle\"\r\n     style=\"display:block\"\r\n     data-ad-client=\"ca-pub-6203283170189293\"\r\n     data-ad-slot=\"4222328180\"\r\n     data-ad-format=\"auto\"\r\n     data-full-width-responsive=\"true\"><\/ins>\r\n<script>\r\n     (adsbygoogle = window.adsbygoogle || []).push({});\r\n<\/script><\/div><br style=\"clear: both; display: block; float: none;\"\/>","protected":false},"excerpt":{"rendered":"<p>Ardino (E\u011fridere) Belediye Ba\u015fkan\u0131 Resmi Murat, Rumelili Y\u00f6netici \u0130\u015f Adamlar\u0131 ve Sanayiciler Derne\u011fi (Rumeli S\u0130AD), Balkan Rumeli Sanayicileri ve \u0130\u015f Adamlar\u0131 Derne\u011fi (BALKAN T\u00dcRK S\u0130AD)<\/p>\n","protected":false},"author":29,"featured_media":27533,"comment_status":"closed","ping_status":"closed","sticky":false,"template":"","format":"standard","meta":{"advanced_seo_description":"","jetpack_seo_html_title":"","jetpack_seo_noindex":false,"_jetpack_memberships_contains_paid_content":false,"footnotes":""},"categories":[9],"tags":[],"class_list":["post-27532","post","type-post","status-publish","format-standard","has-post-thumbnail","hentry","category-ekonomi"],"jetpack_featured_media_url":"https:\/\/i0.wp.com\/www.bghaber.org\/bghaber\/wp-content\/uploads\/2018\/02\/Resmi-Murattan-T%C3%BCrkiyeli-sanayiciler-cagri.jpg?fit=1024%2C683&ssl=1","jetpack_sharing_enabled":true,"jetpack_likes_enabled":true,"jetpack-related-posts":[],"jetpack_shortlink":"https:\/\/wp.me\/pc2PfJ-7a4","_links":{"self":[{"href":"https:\/\/www.bghaber.org\/bghaber\/wp-json\/wp\/v2\/posts\/27532","targetHints":{"allow":["GET"]}}],"collection":[{"href":"https:\/\/www.bghaber.org\/bghaber\/wp-json\/wp\/v2\/posts"}],"about":[{"href":"https:\/\/www.bghaber.org\/bghaber\/wp-json\/wp\/v2\/types\/post"}],"author":[{"embeddable":true,"href":"https:\/\/www.bghaber.org\/bghaber\/wp-json\/wp\/v2\/users\/29"}],"replies":[{"embeddable":true,"href":"https:\/\/www.bghaber.org\/bghaber\/wp-json\/wp\/v2\/comments?post=27532"}],"version-history":[{"count":0,"href":"https:\/\/www.bghaber.org\/bghaber\/wp-json\/wp\/v2\/posts\/27532\/revisions"}],"wp:featuredmedia":[{"embeddable":true,"href":"https:\/\/www.bghaber.org\/bghaber\/wp-json\/wp\/v2\/media\/27533"}],"wp:attachment":[{"href":"https:\/\/www.bghaber.org\/bghaber\/wp-json\/wp\/v2\/media?parent=27532"}],"wp:term":[{"taxonomy":"category","embeddable":true,"href":"https:\/\/www.bghaber.org\/bghaber\/wp-json\/wp\/v2\/categories?post=27532"},{"taxonomy":"post_tag","embeddable":true,"href":"https:\/\/www.bghaber.org\/bghaber\/wp-json\/wp\/v2\/tags?post=27532"}],"curies":[{"name":"wp","href":"https:\/\/api.w.org\/{rel}","templated":true}]}}