{"id":27519,"date":"2018-02-21T18:06:33","date_gmt":"2018-02-21T15:06:33","guid":{"rendered":"http:\/\/www.bghaber.org\/bghaber\/?p=27519"},"modified":"2019-07-06T20:58:55","modified_gmt":"2019-07-06T17:58:55","slug":"ekaterina-otizmli-oglu-icin-film-cekip-kitap-yazdi","status":"publish","type":"post","link":"https:\/\/www.bghaber.org\/bghaber\/ekaterina-otizmli-oglu-icin-film-cekip-kitap-yazdi\/","title":{"rendered":"Ekaterina, otizmli o\u011flu i\u00e7in film \u00e7ekip, kitap yazd\u0131"},"content":{"rendered":"<p>Eski\u015fehir&#8217;de ya\u015fayan Rus uyruklu grafik tasar\u0131mc\u0131s\u0131 Ekaterina Dunaeva Y\u00fcksel&#8217;in (33), otizmli o\u011flu Uzay Y\u00fcksel&#8217;in (7) hayat\u0131 ile ilgili \u00e7ekti\u011fi k\u0131sa film, yar\u0131\u015fmada birinci oldu. Y\u00fcksel, o\u011flu ve k\u00f6pekleri &#8216;\u00c7a\u00e7a&#8217; ile ilgili olarak da &#8216;Uzay ve Arkada\u015f\u0131&#8217; adl\u0131 resimli \u00e7ocuk kitab\u0131 yazd\u0131.<\/p>\n<p>D\u00f6vmecilik yapan Eski\u015fehirli Nebi Y\u00fccel (36) ile evli olan ve 11 y\u0131ld\u0131r T\u00fcrkiye&#8217;de ya\u015fayan Ekaterina Dunaeva Y\u00fcksel, ge\u00e7en y\u0131l internet \u00fczerinde d\u00fczenlenen k\u0131sa film yar\u0131\u015fmas\u0131na, otizmli o\u011flu Uzay ile ilgili \u00e7ekti\u011fi filmle kat\u0131ld\u0131. Filminin birincilik kazand\u0131\u011f\u0131n\u0131 belirten Ekaterina Dunaeva Y\u00fcksel daha sonra o\u011flu Uzay ile k\u00f6pekleri &#8216;\u00c7a\u00e7a&#8217;n\u0131n hayat\u0131n\u0131 anlatan &#8216;Uzay ve Arkada\u015f\u0131&#8217; adl\u0131 resimli \u00e7ocuk kitab\u0131 yazd\u0131\u011f\u0131n\u0131 s\u00f6yledi. Bast\u0131rd\u0131\u011f\u0131 kitab\u0131n\u0131 Eski\u015fehir&#8217;deki Ad\u0131mlar Kitapevi&#8217;nde d\u00fczenledi\u011fi imza g\u00fcn\u00fcyle yak\u0131n \u00e7evresine, arkada\u015flar\u0131na ve okurlar\u0131na imzalayan Ekatarina Dunaeva Y\u00fcksel, \u015f\u00f6yle konu\u015ftu:<\/p>\n<p>&#8220;Uzay i\u00e7in bu kitab\u0131 haz\u0131rlamay\u0131 6 ay \u00f6nce d\u00fc\u015f\u00fcnd\u00fcm. \u00d6nce b\u00fct\u00fcn karakterleri ve \u015fehirleri \u00e7izdim. Sonra yaz\u0131lar\u0131n\u0131 yazd\u0131m. Rus\u00e7a yaz\u0131yordum sonra T\u00fcrk\u00e7e&#8217;ye \u00e7evirdim. Kitapta Uzay ve Uzay&#8217;\u0131n k\u00f6pe\u011fi \u00c7a\u00e7a&#8217;y\u0131 anlatt\u0131m. Kitapta Uzay ve \u00c7a\u00e7a d\u00fcnyay\u0131 geziyorlar. Kitapta T\u00fcrkiye, <strong>Bulgaristan<\/strong> ve Rusya olmak \u00fczere 3 \u00fclke var. Uzay, Rusya&#8217;da do\u011fdu, T\u00fcrkiye&#8217;de b\u00fcy\u00fcd\u00fc ve benim dedelerim 100 y\u0131l \u00f6nce <strong>Bulgaristan&#8217;<\/strong>dan geldi\u011fi i\u00e7in <strong>Bulgaristan<\/strong>&#8216;\u0131n da kitaba dahil ettim. Uzay bizim tek \u00e7ocu\u011fumuz, 7 ya\u015f\u0131nda. Otizmli. Konu\u015fam\u0131yor. Kitapta sanki Uzay konu\u015fuyor sizinle. Uzay, herkesle konu\u015fsun istedim. Herkesin Uzay&#8217;\u0131 tan\u0131mas\u0131n\u0131 istedim.&#8221;<\/p>\n<p>K\u0131sa film ile ilgili de konu\u015fan Ekatarina Dunaeva Y\u00fcksel, &#8220;Bir g\u00fcn sosyal payla\u015f\u0131m sitesinde dola\u015f\u0131rken bir reklam g\u00f6rd\u00fcm. K\u0131sa film yar\u0131\u015fmas\u0131 diye. Konular\u0131 otizmdi. Uzay&#8217;\u0131 kre\u015fte beklerken bir senaryo yazd\u0131m. Sonra Anadolu \u00dcniversitesi&#8217;nden bir hoca ile tan\u0131\u015ft\u0131m. O da &#8216;Filmi \u00e7ekelim&#8217; dedi. Sonra filmi \u00e7ektik ve g\u00f6nderdik, ge\u00e7en Haziran ay\u0131nda bir haber geldi birinci olmu\u015fuz. \u00c7ok a\u011flad\u0131k. \u00c7\u00fcnk\u00fc beklemiyorduk&#8221; dedi.<\/p>\n<p>\u00c7A\u00c7A&#8217;YI DA \u00c7\u0130\u00c7\u0130&#8217;Y\u0130 DE SOKAKTA BULDULAR<\/p><div id=\"bghab-170611082\" class=\"bghab-icerik-icine bghab-entity-placement\"><script async src=\"\/\/pagead2.googlesyndication.com\/pagead\/js\/adsbygoogle.js?client=ca-pub-6203283170189293\" crossorigin=\"anonymous\"><\/script><ins class=\"adsbygoogle\" style=\"display:block; text-align:center;\" data-ad-client=\"ca-pub-6203283170189293\" \ndata-ad-slot=\"7303146466\" \ndata-ad-layout=\"in-article\"\ndata-ad-format=\"fluid\" data-full-width-responsive=\"true\"><\/ins>\n<script> \n(adsbygoogle = window.adsbygoogle || []).push({}); \n<\/script>\n<\/div>\n<p>2 tane k\u00f6pekleri oldu\u011funu belirten Ekaterina Dunaeva Y\u00fcksel, her 2 k\u00f6pe\u011fi de sokakta bulduklar\u0131n\u0131 s\u00f6yleyerek &#8220;\u00c7a\u00e7a Burdur&#8217;da otobanda birden \u00f6n\u00fcm\u00fcze atlad\u0131, \u00e7arp\u0131yorduk. Daha sonra e\u015fim onu arabaya ald\u0131 ve Eski\u015fehir&#8217;e getirdik. \u00c7a\u00e7a \u00f6nce Uzay&#8217;\u0131 \u00e7ok k\u0131skand\u0131. Sonra Uzay&#8217;\u0131n en iyi arkada\u015f\u0131 oldu. Uzay&#8217;la birlikte uyuyorlar, yemek yiyorlar. Her zaman birlikteler: \u00c7a\u00e7a, Uzay&#8217;\u0131n yan\u0131ndan hi\u00e7 ayr\u0131lm\u0131yor. Kampa gitti\u011fimizde de orada &#8216;\u00c7i\u00e7i&#8217; ismini verdi\u011fimiz k\u00f6pek kar\u015f\u0131m\u0131za \u00e7\u0131kt\u0131. Onu da evimize ald\u0131k. \u00c7a\u00e7a&#8217;da, \u00c7i\u00e7i de \u015fu anda Uzay&#8217;\u0131n en yak\u0131n arkada\u015flar\u0131 oldu&#8221; diye konu\u015ftu.<\/p>\n<p>&#8216;OT\u0130ZML\u0130 \u00c7OCUKLAR \u00c7OK \u00d6ZEL&#8217;<\/p>\n<p>E\u015fi Nebi Y\u00fccel ile birlikte otizmli \u00e7ocuklar i\u00e7in bir\u00e7ok projelerinin oldu\u011funu anlatan Ekaterina Dunaeva Y\u00fcksel \u015funlar\u0131 s\u00f6yledi:<\/p>\n<p>&#8220;Otizmi \u00e7ok az ki\u015fi biliyor, tan\u0131yor. \u00c7ocuklar nas\u0131l ya\u015f\u0131yorlar otizmle bilmiyorlar. \u00d6zellikle \u00e7ocuklar okulda otizmli arkada\u015flar\u0131na nas\u0131l davranacaklar\u0131n\u0131 bilmiyorlar. \u00c7o\u011fu zaman \u00e7ocu\u011fa k\u00f6t\u00fc davran\u0131yorlar. Anne ve babalar da otizmli \u00e7ocuklar\u0131n\u0131 eve kapatmak zorunda kal\u0131yor, bizim \u00e7ocu\u011fumuza k\u00f6t\u00fc davranmas\u0131nlar diye. Ama asl\u0131nda tam tersi. \u00c7\u0131kmak, sava\u015fmak laz\u0131m, g\u00f6stermek laz\u0131m. Her \u015feyi yapabiliriz bence. Otizmli \u00e7ocuklar \u00e7ok \u00f6zel. Eski\u015fehir&#8217;de \u00f6zel \u00e7ocuklar i\u00e7in bir heykel yapmak istiyorum. Kafamda birka\u00e7 \u00e7izim var. Bir ya\u015fam k\u00f6y\u00fc de laz\u0131m otistik \u00e7ocuklar i\u00e7in. T\u00fcrkiye&#8217;de b\u00f6yle bir yer yok. Orada bah\u00e7e olacak, hayvanlar olacak. Hem \u00e7al\u0131\u015f\u0131p, hem de ya\u015fayabilirler. Ba\u015fka \u00e7ocuklar da oraya tatile de gelebilirler. \u00c7ocuk orada sporla, m\u00fczikle u\u011fra\u015facak. Otizmli \u00e7ocuklar evde oturmas\u0131nlar. Kitaptan sonra bir de \u00e7izgi film yapmak istiyorum.&#8221;<\/p>\n<p>&nbsp;<\/p><div id=\"bghab-3510398834\" class=\"bghab-icerik-icine-10-paragraf bghab-entity-placement\"><script async src=\"\/\/pagead2.googlesyndication.com\/pagead\/js\/adsbygoogle.js?client=ca-pub-6203283170189293\" crossorigin=\"anonymous\"><\/script><ins class=\"adsbygoogle\" style=\"display:block; text-align:center;\" data-ad-client=\"ca-pub-6203283170189293\" \ndata-ad-slot=\"7303146466\" \ndata-ad-layout=\"in-article\"\ndata-ad-format=\"fluid\" data-full-width-responsive=\"true\"><\/ins>\n<script> \n(adsbygoogle = window.adsbygoogle || []).push({}); \n<\/script>\n<\/div>\n<p><span class=\"name\">Kemal ATLAN- Hakan T\u00dcRKTAN, DHA<\/span><\/p>\n<div id=\"bghab-650829476\" class=\"bghab-yazi-altinda bghab-entity-placement\"><div class=\"bghab-adlabel\">Reklamlar<\/div><script async src=\"https:\/\/pagead2.googlesyndication.com\/pagead\/js\/adsbygoogle.js\"><\/script>\r\n<!-- bghaber-yaz\u0131-sonu -->\r\n<ins class=\"adsbygoogle\"\r\n     style=\"display:block\"\r\n     data-ad-client=\"ca-pub-6203283170189293\"\r\n     data-ad-slot=\"4222328180\"\r\n     data-ad-format=\"auto\"\r\n     data-full-width-responsive=\"true\"><\/ins>\r\n<script>\r\n     (adsbygoogle = window.adsbygoogle || []).push({});\r\n<\/script><\/div><br style=\"clear: both; display: block; float: none;\"\/>","protected":false},"excerpt":{"rendered":"<p>Eski\u015fehir&#8217;de ya\u015fayan Rus uyruklu grafik tasar\u0131mc\u0131s\u0131 Ekaterina Dunaeva Y\u00fcksel&#8217;in (33), otizmli o\u011flu Uzay Y\u00fcksel&#8217;in (7) hayat\u0131 ile ilgili \u00e7ekti\u011fi k\u0131sa film, yar\u0131\u015fmada birinci oldu. Y\u00fcksel,<\/p>\n","protected":false},"author":29,"featured_media":27520,"comment_status":"closed","ping_status":"closed","sticky":false,"template":"","format":"standard","meta":{"advanced_seo_description":"","jetpack_seo_html_title":"","jetpack_seo_noindex":false,"_jetpack_memberships_contains_paid_content":false,"footnotes":""},"categories":[5],"tags":[],"class_list":["post-27519","post","type-post","status-publish","format-standard","has-post-thumbnail","hentry","category-yasam"],"jetpack_featured_media_url":"https:\/\/i0.wp.com\/www.bghaber.org\/bghaber\/wp-content\/uploads\/2018\/02\/ekaterina-otizmi-oglu-icin-kitap.jpg?fit=630%2C380&ssl=1","jetpack_sharing_enabled":true,"jetpack_likes_enabled":true,"jetpack-related-posts":[],"jetpack_shortlink":"https:\/\/wp.me\/pc2PfJ-79R","_links":{"self":[{"href":"https:\/\/www.bghaber.org\/bghaber\/wp-json\/wp\/v2\/posts\/27519","targetHints":{"allow":["GET"]}}],"collection":[{"href":"https:\/\/www.bghaber.org\/bghaber\/wp-json\/wp\/v2\/posts"}],"about":[{"href":"https:\/\/www.bghaber.org\/bghaber\/wp-json\/wp\/v2\/types\/post"}],"author":[{"embeddable":true,"href":"https:\/\/www.bghaber.org\/bghaber\/wp-json\/wp\/v2\/users\/29"}],"replies":[{"embeddable":true,"href":"https:\/\/www.bghaber.org\/bghaber\/wp-json\/wp\/v2\/comments?post=27519"}],"version-history":[{"count":0,"href":"https:\/\/www.bghaber.org\/bghaber\/wp-json\/wp\/v2\/posts\/27519\/revisions"}],"wp:featuredmedia":[{"embeddable":true,"href":"https:\/\/www.bghaber.org\/bghaber\/wp-json\/wp\/v2\/media\/27520"}],"wp:attachment":[{"href":"https:\/\/www.bghaber.org\/bghaber\/wp-json\/wp\/v2\/media?parent=27519"}],"wp:term":[{"taxonomy":"category","embeddable":true,"href":"https:\/\/www.bghaber.org\/bghaber\/wp-json\/wp\/v2\/categories?post=27519"},{"taxonomy":"post_tag","embeddable":true,"href":"https:\/\/www.bghaber.org\/bghaber\/wp-json\/wp\/v2\/tags?post=27519"}],"curies":[{"name":"wp","href":"https:\/\/api.w.org\/{rel}","templated":true}]}}