{"id":27515,"date":"2018-02-21T17:09:47","date_gmt":"2018-02-21T14:09:47","guid":{"rendered":"http:\/\/www.bghaber.org\/bghaber\/?p=27515"},"modified":"2019-07-06T20:58:55","modified_gmt":"2019-07-06T17:58:55","slug":"razgrat-valisi-tedavi-icin-edirneyi-secti","status":"publish","type":"post","link":"https:\/\/www.bghaber.org\/bghaber\/razgrat-valisi-tedavi-icin-edirneyi-secti\/","title":{"rendered":"Razgrat Valisi tedavi i\u00e7in Edirne&#8217;yi se\u00e7ti"},"content":{"rendered":"<p>Solunumunda burnundan kaynakl\u0131 s\u0131k\u0131nt\u0131 ya\u015fayan Razgrad Valisi H\u00fcsmen, Edirne Sultan 1. Murat Devlet Hastanesi&#8217;ne ba\u015fvurdu. Doktorunun muayenesi sonras\u0131 ameliyat olmas\u0131 gerekti\u011fi bildirilen Vali H\u00fcsmen, burada ameliyat edildi. Vali H\u00fcsmen hastanenin Plastik Cerrahi ve Rekonstr\u00fcktif B\u00f6l\u00fcm\u00fc&#8217;nde d\u00fcn solunum problemi nedeniyle septorinoplasti (burun esteti\u011fi) ameliyat\u0131 ge\u00e7irdi.<\/p>\n<p>Edirne Valisi G\u00fcnay \u00d6zdemir de ameliyat\u0131n ard\u0131ndan hastanedeki odas\u0131nda H\u00fcsmen&#8217;i ziyaret ederek, meslekta\u015f\u0131na ge\u00e7mi\u015f olsun dileklerini iletti.<\/p>\n<p>&#8211; &#8220;T\u00fcrk soylu Bulgar vatanda\u015flar\u0131 buraya ak\u0131n eder&#8221;<\/p>\n<p>H\u00fcsmen, AA muhabirine &#8220;m\u00fckemmel bir hastanede m\u00fckemmel bir sa\u011fl\u0131k ekibinin elinde&#8221; tedavi olmaktan \u00e7ok memnun oldu\u011funu s\u00f6yledi.<\/p>\n<p>Bulgaristan&#8217;dan pek \u00e7ok T\u00fcrk soylunun da tedavi i\u00e7in Edirne&#8217;ye ko\u015faca\u011f\u0131n\u0131 ifade eden H\u00fcsmen, &#8220;<em>Edirne ve Razgrad&#8217;taki doktorlar aras\u0131nda i\u015f birli\u011fi yap\u0131lmas\u0131 y\u00f6n\u00fcnde karar al\u0131nd\u0131 ve bununla ilgili protokol imzalanacak. Vali G\u00fcnay \u00d6zdemir Bey&#8217;in \u00e7ok g\u00fczel \u00e7al\u0131\u015fmalar\u0131 var. T\u00fcrk as\u0131ll\u0131 Bulgar vatanda\u015flar\u0131na T\u00fcrk vatanda\u015f\u0131 gibi hizmet veriliyor ve ayn\u0131 fiyat uygulan\u0131yor denildi. Bulgaristan&#8217;dan Edirne&#8217;ye tedavi olmak i\u00e7in b\u00fcy\u00fck ak\u0131n olur. Edirne devlet hastanesi m\u00fckemmel bir hastane, her \u015fey son teknoloji.&#8221;<\/em> diye konu\u015ftu.<\/p><div id=\"bghab-3171229222\" class=\"bghab-icerik-icine bghab-entity-placement\"><script async src=\"\/\/pagead2.googlesyndication.com\/pagead\/js\/adsbygoogle.js?client=ca-pub-6203283170189293\" crossorigin=\"anonymous\"><\/script><ins class=\"adsbygoogle\" style=\"display:block; text-align:center;\" data-ad-client=\"ca-pub-6203283170189293\" \ndata-ad-slot=\"7303146466\" \ndata-ad-layout=\"in-article\"\ndata-ad-format=\"fluid\" data-full-width-responsive=\"true\"><\/ins>\n<script> \n(adsbygoogle = window.adsbygoogle || []).push({}); \n<\/script>\n<\/div>\n<p>Hastanenin Ba\u015fhekimi Mustafa Talha S\u00fct\u00e7\u00fc de Vali H\u00fcsmen&#8217;in ameliyat\u0131n\u0131n 45 dakika s\u00fcrd\u00fc\u011f\u00fcn\u00fc, yar\u0131n taburcu edilece\u011fini belirtti.<\/p>\n<p>Hastanenin \u015fartlar\u0131n\u0131n her anlamda iyi oldu\u011funu anlatan S\u00fct\u00e7\u00fc, &#8220;Biz Balkanlar&#8217;a a\u00e7\u0131lan bir pencere konumunday\u0131z. Hedefimiz, Balkanlar\u0131n hasta y\u00fck\u00fcn\u00fc, hasta yo\u011funlu\u011funu azaltarak kaliteyi art\u0131rmak. Bakanl\u0131k politikalar\u0131nca da ba\u015fta say\u0131n bakan\u0131m\u0131z sa\u011fl\u0131k turizmine \u00f6nem veriyor. Biz de bu \u00fcslerden biri olma konusunda aday\u0131z. Bunu da Say\u0131n Valimiz arac\u0131l\u0131\u011f\u0131yla g\u00f6stermi\u015f bulunduk.&#8221; dedi.<\/p>\n<p>&nbsp;<\/p>\n<p>AA<\/p>\n<div id=\"bghab-70790827\" class=\"bghab-yazi-altinda bghab-entity-placement\"><div class=\"bghab-adlabel\">Reklamlar<\/div><script async src=\"https:\/\/pagead2.googlesyndication.com\/pagead\/js\/adsbygoogle.js\"><\/script>\r\n<!-- bghaber-yaz\u0131-sonu -->\r\n<ins class=\"adsbygoogle\"\r\n     style=\"display:block\"\r\n     data-ad-client=\"ca-pub-6203283170189293\"\r\n     data-ad-slot=\"4222328180\"\r\n     data-ad-format=\"auto\"\r\n     data-full-width-responsive=\"true\"><\/ins>\r\n<script>\r\n     (adsbygoogle = window.adsbygoogle || []).push({});\r\n<\/script><\/div><br style=\"clear: both; display: block; float: none;\"\/>","protected":false},"excerpt":{"rendered":"<p>Solunumunda burnundan kaynakl\u0131 s\u0131k\u0131nt\u0131 ya\u015fayan Razgrad Valisi H\u00fcsmen, Edirne Sultan 1. Murat Devlet Hastanesi&#8217;ne ba\u015fvurdu. Doktorunun muayenesi sonras\u0131 ameliyat olmas\u0131 gerekti\u011fi bildirilen Vali H\u00fcsmen, burada<\/p>\n","protected":false},"author":29,"featured_media":25614,"comment_status":"closed","ping_status":"closed","sticky":false,"template":"","format":"standard","meta":{"advanced_seo_description":"","jetpack_seo_html_title":"","jetpack_seo_noindex":false,"_jetpack_memberships_contains_paid_content":false,"footnotes":""},"categories":[1,7],"tags":[],"class_list":["post-27515","post","type-post","status-publish","format-standard","has-post-thumbnail","hentry","category-haberler","category-saglik-spor"],"jetpack_featured_media_url":"https:\/\/i0.wp.com\/www.bghaber.org\/bghaber\/wp-content\/uploads\/2017\/12\/gunay-husmen-razgrad-valisi.jpg?fit=960%2C642&ssl=1","jetpack_sharing_enabled":true,"jetpack_likes_enabled":true,"jetpack-related-posts":[],"jetpack_shortlink":"https:\/\/wp.me\/pc2PfJ-79N","_links":{"self":[{"href":"https:\/\/www.bghaber.org\/bghaber\/wp-json\/wp\/v2\/posts\/27515","targetHints":{"allow":["GET"]}}],"collection":[{"href":"https:\/\/www.bghaber.org\/bghaber\/wp-json\/wp\/v2\/posts"}],"about":[{"href":"https:\/\/www.bghaber.org\/bghaber\/wp-json\/wp\/v2\/types\/post"}],"author":[{"embeddable":true,"href":"https:\/\/www.bghaber.org\/bghaber\/wp-json\/wp\/v2\/users\/29"}],"replies":[{"embeddable":true,"href":"https:\/\/www.bghaber.org\/bghaber\/wp-json\/wp\/v2\/comments?post=27515"}],"version-history":[{"count":0,"href":"https:\/\/www.bghaber.org\/bghaber\/wp-json\/wp\/v2\/posts\/27515\/revisions"}],"wp:featuredmedia":[{"embeddable":true,"href":"https:\/\/www.bghaber.org\/bghaber\/wp-json\/wp\/v2\/media\/25614"}],"wp:attachment":[{"href":"https:\/\/www.bghaber.org\/bghaber\/wp-json\/wp\/v2\/media?parent=27515"}],"wp:term":[{"taxonomy":"category","embeddable":true,"href":"https:\/\/www.bghaber.org\/bghaber\/wp-json\/wp\/v2\/categories?post=27515"},{"taxonomy":"post_tag","embeddable":true,"href":"https:\/\/www.bghaber.org\/bghaber\/wp-json\/wp\/v2\/tags?post=27515"}],"curies":[{"name":"wp","href":"https:\/\/api.w.org\/{rel}","templated":true}]}}