{"id":27513,"date":"2018-02-21T17:30:52","date_gmt":"2018-02-21T14:30:52","guid":{"rendered":"http:\/\/www.bghaber.org\/bghaber\/?p=27513"},"modified":"2019-07-06T20:58:55","modified_gmt":"2019-07-06T17:58:55","slug":"donem-baskani-bulgaristandan-bruksele-cagri","status":"publish","type":"post","link":"https:\/\/www.bghaber.org\/bghaber\/donem-baskani-bulgaristandan-bruksele-cagri\/","title":{"rendered":"D\u00f6nem ba\u015fkan\u0131 Bulgaristan&#8217;dan Br\u00fcksel&#8217;e \u00e7a\u011fr\u0131"},"content":{"rendered":"<p>Avrupa Birli\u011fi d\u00f6nem ba\u015fkan\u0131 Bulgaristan, \u015eengen \u00fclkeleri aras\u0131ndaki s\u0131n\u0131r kontrollerinin kald\u0131r\u0131lmas\u0131n\u0131 istedi. Konuyu g\u00fcndeme getiren D\u0131\u015fi\u015fleri Bakan\u0131 Ekaterine Zaharieva, \u00fclkesinin \u015eengen \u00fcyeli\u011fini hak etti\u011fini de s\u00f6yledi.<\/p>\n<p>Avrupa Birli\u011fi d\u00f6nem ba\u015fkan\u0131 Bulgaristan \u00fcyelere \u00e7a\u011fr\u0131 yaparak, Birlik \u00fclkeleri aras\u0131ndaki s\u0131n\u0131r kontrollerinin kald\u0131r\u0131lmas\u0131n\u0131 istedi.<\/p>\n<p>Bulgaristan D\u0131\u015fi\u015fleri Bakan\u0131 ve Ba\u015fbakan yard\u0131mc\u0131s\u0131 Ekaterine Zaharieva, Almanya, Avusturya, Danimarka, \u0130sve\u00e7 ve Norve\u00e7&#8217;in m\u00fclteci krizinden kaynaklanan g\u00fcvenlik sorunlar\u0131 nedeniyle \u015eengen B\u00f6lgesi&#8217;ndeki s\u0131n\u0131r kontrollerini May\u0131s ay\u0131na kadar s\u00fcrd\u00fcrebilece\u011fini s\u00f6yledi.<\/p>\n<p>Zaharieva, &#8220;kontrollerin May\u0131s ay\u0131ndan sonra uzat\u0131lmamas\u0131n\u0131n isabetli olaca\u011f\u0131n\u0131&#8221; belirtti.<\/p>\n<p>Bakan Zaharieva, ekonominin zarar g\u00f6rmemesi i\u00e7in \u015eengen B\u00f6lgesi s\u0131n\u0131rlar\u0131n\u0131n a\u00e7\u0131k kalmas\u0131 gerekti\u011fini ve i\u00e7 s\u0131n\u0131rlardaki kontrollerin &#8220;Avrupa Birli\u011fi&#8217;nin serbest dola\u015f\u0131m de\u011ferlerine&#8221; ters d\u00fc\u015ft\u00fc\u011f\u00fcn\u00fc s\u00f6yledi.<\/p><div id=\"bghab-1491086805\" class=\"bghab-icerik-icine bghab-entity-placement\"><script async src=\"\/\/pagead2.googlesyndication.com\/pagead\/js\/adsbygoogle.js?client=ca-pub-6203283170189293\" crossorigin=\"anonymous\"><\/script><ins class=\"adsbygoogle\" style=\"display:block; text-align:center;\" data-ad-client=\"ca-pub-6203283170189293\" \ndata-ad-slot=\"7303146466\" \ndata-ad-layout=\"in-article\"\ndata-ad-format=\"fluid\" data-full-width-responsive=\"true\"><\/ins>\n<script> \n(adsbygoogle = window.adsbygoogle || []).push({}); \n<\/script>\n<\/div>\n<p>Kriterleri yerine getirdiklerini ve Avrupa Birli\u011fi&#8217;nin d\u0131\u015f s\u0131n\u0131rlar\u0131n\u0131 korumak i\u00e7in \u00e7ok \u015fey yapt\u0131klar\u0131n\u0131 hat\u0131rlatan Zaharieva, Bulgaristan ve Romanya&#8217;n\u0131n \u015eengen \u00fclkesi olmay\u0131 hak etti\u011fini de savundu.<\/p>\n<p>&nbsp;<\/p>\n<p>Kanal B<\/p>\n<div id=\"bghab-3459022904\" class=\"bghab-yazi-altinda bghab-entity-placement\"><div class=\"bghab-adlabel\">Reklamlar<\/div><script async src=\"https:\/\/pagead2.googlesyndication.com\/pagead\/js\/adsbygoogle.js\"><\/script>\r\n<!-- bghaber-yaz\u0131-sonu -->\r\n<ins class=\"adsbygoogle\"\r\n     style=\"display:block\"\r\n     data-ad-client=\"ca-pub-6203283170189293\"\r\n     data-ad-slot=\"4222328180\"\r\n     data-ad-format=\"auto\"\r\n     data-full-width-responsive=\"true\"><\/ins>\r\n<script>\r\n     (adsbygoogle = window.adsbygoogle || []).push({});\r\n<\/script><\/div><br style=\"clear: both; display: block; float: none;\"\/>","protected":false},"excerpt":{"rendered":"<p>Avrupa Birli\u011fi d\u00f6nem ba\u015fkan\u0131 Bulgaristan, \u015eengen \u00fclkeleri aras\u0131ndaki s\u0131n\u0131r kontrollerinin kald\u0131r\u0131lmas\u0131n\u0131 istedi. Konuyu g\u00fcndeme getiren D\u0131\u015fi\u015fleri Bakan\u0131 Ekaterine Zaharieva, \u00fclkesinin \u015eengen \u00fcyeli\u011fini hak etti\u011fini de<\/p>\n","protected":false},"author":29,"featured_media":25860,"comment_status":"closed","ping_status":"closed","sticky":false,"template":"","format":"standard","meta":{"advanced_seo_description":"","jetpack_seo_html_title":"","jetpack_seo_noindex":false,"_jetpack_memberships_contains_paid_content":false,"footnotes":""},"categories":[1,4],"tags":[],"class_list":["post-27513","post","type-post","status-publish","format-standard","has-post-thumbnail","hentry","category-haberler","category-siyaset"],"jetpack_featured_media_url":"https:\/\/i0.wp.com\/www.bghaber.org\/bghaber\/wp-content\/uploads\/2018\/01\/bulgaristan-disisleri-bakani-Ekaterina-Zaharieva-2017.jpeg?fit=500%2C360&ssl=1","jetpack_sharing_enabled":true,"jetpack_likes_enabled":true,"jetpack-related-posts":[],"jetpack_shortlink":"https:\/\/wp.me\/pc2PfJ-79L","_links":{"self":[{"href":"https:\/\/www.bghaber.org\/bghaber\/wp-json\/wp\/v2\/posts\/27513","targetHints":{"allow":["GET"]}}],"collection":[{"href":"https:\/\/www.bghaber.org\/bghaber\/wp-json\/wp\/v2\/posts"}],"about":[{"href":"https:\/\/www.bghaber.org\/bghaber\/wp-json\/wp\/v2\/types\/post"}],"author":[{"embeddable":true,"href":"https:\/\/www.bghaber.org\/bghaber\/wp-json\/wp\/v2\/users\/29"}],"replies":[{"embeddable":true,"href":"https:\/\/www.bghaber.org\/bghaber\/wp-json\/wp\/v2\/comments?post=27513"}],"version-history":[{"count":0,"href":"https:\/\/www.bghaber.org\/bghaber\/wp-json\/wp\/v2\/posts\/27513\/revisions"}],"wp:featuredmedia":[{"embeddable":true,"href":"https:\/\/www.bghaber.org\/bghaber\/wp-json\/wp\/v2\/media\/25860"}],"wp:attachment":[{"href":"https:\/\/www.bghaber.org\/bghaber\/wp-json\/wp\/v2\/media?parent=27513"}],"wp:term":[{"taxonomy":"category","embeddable":true,"href":"https:\/\/www.bghaber.org\/bghaber\/wp-json\/wp\/v2\/categories?post=27513"},{"taxonomy":"post_tag","embeddable":true,"href":"https:\/\/www.bghaber.org\/bghaber\/wp-json\/wp\/v2\/tags?post=27513"}],"curies":[{"name":"wp","href":"https:\/\/api.w.org\/{rel}","templated":true}]}}