{"id":27511,"date":"2018-02-21T17:02:13","date_gmt":"2018-02-21T14:02:13","guid":{"rendered":"http:\/\/www.bghaber.org\/bghaber\/?p=27511"},"modified":"2019-07-06T20:58:55","modified_gmt":"2019-07-06T17:58:55","slug":"turkiye-ile-bulgaristan-arasindaki-tarimsal-ticaret-ele-alindi","status":"publish","type":"post","link":"https:\/\/www.bghaber.org\/bghaber\/turkiye-ile-bulgaristan-arasindaki-tarimsal-ticaret-ele-alindi\/","title":{"rendered":"T\u00fcrkiye ile Bulgaristan aras\u0131ndaki tar\u0131msal ticaret ele al\u0131nd\u0131"},"content":{"rendered":"<p>G\u0131da, Tar\u0131m ve Hayvanc\u0131l\u0131k Bakan Yard\u0131mc\u0131s\u0131 Mehmet Dani\u015f, Bulgar mevkida\u015f\u0131 Tzvetan Dimitrov ve iki \u00fclke bakanl\u0131k yetkilileriyle bir araya geldi.<\/p>\n<p>Dani\u015f, AA muhabirine yapt\u0131\u011f\u0131 a\u00e7\u0131klamada, birka\u00e7 ay \u00f6nce G\u0131da, Tar\u0131m ve Hayvanc\u0131l\u0131k Bakan\u0131 Ahmet E\u015fref Fak\u0131baba ile Bulgaristan&#8217;a bir ziyaret ger\u00e7ekle\u015ftirdiklerini s\u00f6yledi.<\/p>\n<p>Ziyarette, iki bakan\u0131n da baz\u0131 konularda mutab\u0131k kald\u0131\u011f\u0131n\u0131 aktaran Dani\u015f, &#8220;\u015eimdi onun bir uzant\u0131s\u0131 olan toplant\u0131y\u0131 burada yapaca\u011f\u0131z. Tar\u0131msal ve hayvansal anlamdaki ticareti nas\u0131l geli\u015ftirebiliriz, nas\u0131l kolayla\u015ft\u0131rabiliriz onlar\u0131 konu\u015faca\u011f\u0131z. Baz\u0131 ya\u015fad\u0131\u011f\u0131m\u0131z teknik problemler varsa bunlar\u0131 nas\u0131l a\u015fabiliriz ve iki kom\u015fu olarak ticaret hacmimizi nas\u0131l art\u0131rabiliriz toplant\u0131s\u0131 yap\u0131yoruz.&#8221; diye konu\u015ftu.<\/p>\n<p>Bulgaristan Tar\u0131m, G\u0131da ve Ormanc\u0131l\u0131k Bakan Yard\u0131mc\u0131s\u0131 Dimitrov da bir y\u0131ld\u0131r g\u00f6r\u00fc\u015ft\u00fcklerini ve konular\u0131 kendi aralar\u0131nda de\u011ferlendirdiklerini dile getirerek, sa\u011flanan diyalog ve g\u00f6r\u00fc\u015fme i\u00e7in Bakanl\u0131k \u00e7al\u0131\u015fanlar\u0131na te\u015fekk\u00fcr etti.<\/p>\n<p>A\u00e7\u0131klamalar\u0131n ard\u0131ndan Dani\u015f, Dimitrov ve bakanl\u0131k yetkilileri, Edirne G\u0131da, Tar\u0131m ve Hayvanc\u0131l\u0131k M\u00fcd\u00fcrl\u00fc\u011f\u00fc&#8217;nde bas\u0131na kapal\u0131 toplant\u0131 ger\u00e7ekle\u015ftirdi.<\/p><div id=\"bghab-777526034\" class=\"bghab-icerik-icine bghab-entity-placement\"><script async src=\"\/\/pagead2.googlesyndication.com\/pagead\/js\/adsbygoogle.js?client=ca-pub-6203283170189293\" crossorigin=\"anonymous\"><\/script><ins class=\"adsbygoogle\" style=\"display:block; text-align:center;\" data-ad-client=\"ca-pub-6203283170189293\" \ndata-ad-slot=\"7303146466\" \ndata-ad-layout=\"in-article\"\ndata-ad-format=\"fluid\" data-full-width-responsive=\"true\"><\/ins>\n<script> \n(adsbygoogle = window.adsbygoogle || []).push({}); \n<\/script>\n<\/div>\n<p>&nbsp;<\/p>\n<p>AA<\/p>\n<div id=\"bghab-1331941832\" class=\"bghab-yazi-altinda bghab-entity-placement\"><div class=\"bghab-adlabel\">Reklamlar<\/div><script async src=\"https:\/\/pagead2.googlesyndication.com\/pagead\/js\/adsbygoogle.js\"><\/script>\r\n<!-- bghaber-yaz\u0131-sonu -->\r\n<ins class=\"adsbygoogle\"\r\n     style=\"display:block\"\r\n     data-ad-client=\"ca-pub-6203283170189293\"\r\n     data-ad-slot=\"4222328180\"\r\n     data-ad-format=\"auto\"\r\n     data-full-width-responsive=\"true\"><\/ins>\r\n<script>\r\n     (adsbygoogle = window.adsbygoogle || []).push({});\r\n<\/script><\/div><br style=\"clear: both; display: block; float: none;\"\/>","protected":false},"excerpt":{"rendered":"<p>G\u0131da, Tar\u0131m ve Hayvanc\u0131l\u0131k Bakan Yard\u0131mc\u0131s\u0131 Mehmet Dani\u015f, Bulgar mevkida\u015f\u0131 Tzvetan Dimitrov ve iki \u00fclke bakanl\u0131k yetkilileriyle bir araya geldi. Dani\u015f, AA muhabirine yapt\u0131\u011f\u0131 a\u00e7\u0131klamada,<\/p>\n","protected":false},"author":29,"featured_media":2882,"comment_status":"closed","ping_status":"closed","sticky":false,"template":"","format":"standard","meta":{"advanced_seo_description":"","jetpack_seo_html_title":"","jetpack_seo_noindex":false,"_jetpack_memberships_contains_paid_content":false,"footnotes":""},"categories":[9,1],"tags":[],"class_list":["post-27511","post","type-post","status-publish","format-standard","has-post-thumbnail","hentry","category-ekonomi","category-haberler"],"jetpack_featured_media_url":"https:\/\/i0.wp.com\/www.bghaber.org\/bghaber\/wp-content\/uploads\/2013\/06\/tarim-alanlari.jpg?fit=400%2C330&ssl=1","jetpack_sharing_enabled":true,"jetpack_likes_enabled":true,"jetpack-related-posts":[],"jetpack_shortlink":"https:\/\/wp.me\/pc2PfJ-79J","_links":{"self":[{"href":"https:\/\/www.bghaber.org\/bghaber\/wp-json\/wp\/v2\/posts\/27511","targetHints":{"allow":["GET"]}}],"collection":[{"href":"https:\/\/www.bghaber.org\/bghaber\/wp-json\/wp\/v2\/posts"}],"about":[{"href":"https:\/\/www.bghaber.org\/bghaber\/wp-json\/wp\/v2\/types\/post"}],"author":[{"embeddable":true,"href":"https:\/\/www.bghaber.org\/bghaber\/wp-json\/wp\/v2\/users\/29"}],"replies":[{"embeddable":true,"href":"https:\/\/www.bghaber.org\/bghaber\/wp-json\/wp\/v2\/comments?post=27511"}],"version-history":[{"count":0,"href":"https:\/\/www.bghaber.org\/bghaber\/wp-json\/wp\/v2\/posts\/27511\/revisions"}],"wp:featuredmedia":[{"embeddable":true,"href":"https:\/\/www.bghaber.org\/bghaber\/wp-json\/wp\/v2\/media\/2882"}],"wp:attachment":[{"href":"https:\/\/www.bghaber.org\/bghaber\/wp-json\/wp\/v2\/media?parent=27511"}],"wp:term":[{"taxonomy":"category","embeddable":true,"href":"https:\/\/www.bghaber.org\/bghaber\/wp-json\/wp\/v2\/categories?post=27511"},{"taxonomy":"post_tag","embeddable":true,"href":"https:\/\/www.bghaber.org\/bghaber\/wp-json\/wp\/v2\/tags?post=27511"}],"curies":[{"name":"wp","href":"https:\/\/api.w.org\/{rel}","templated":true}]}}