{"id":27482,"date":"2018-02-21T11:04:28","date_gmt":"2018-02-21T08:04:28","guid":{"rendered":"http:\/\/www.bghaber.org\/bghaber\/?p=27482"},"modified":"2018-05-09T17:50:12","modified_gmt":"2018-05-09T14:50:12","slug":"bulturk-mert-ayyildizi-kutluyor","status":"publish","type":"post","link":"https:\/\/www.bghaber.org\/bghaber\/bulturk-mert-ayyildizi-kutluyor\/","title":{"rendered":"BULT\u00dcRK \u00dcyesi Mert AYYILDIZ&#8217;I ba\u015far\u0131lar\u0131ndan dolay\u0131 kutluyoruz"},"content":{"rendered":"<p>15.02.2018 tarihinde ENKA atletizm sahas\u0131nda ger\u00e7ekle\u015fen Puanl\u0131 atletizm a\u00e7\u0131k saha \u0130stanbul il birincili\u011fi yar\u0131\u015fmas\u0131 yap\u0131ld\u0131.<\/p>\n<p><img data-recalc-dims=\"1\" loading=\"lazy\" decoding=\"async\" class=\"\" src=\"https:\/\/i0.wp.com\/www.bghaber.org\/bghaber\/wp-content\/uploads\/2018\/02\/mert.jpg?resize=571%2C761\" width=\"571\" height=\"761\" \/>ENKA Atletizm Stad\u0131nda ger\u00e7ekle\u015fen Puanl\u0131 Atletizm A\u00e7\u0131k Saha \u0130l Birincili\u011fi Yar\u0131\u015flar\u0131nda BULT\u00dcRK \u00dcyesi Mert Ayy\u0131ld\u0131z, Gen\u00e7ler A\u00a0 kategorisinde m\u00fccadele etmi\u015ftir. 800 metre yar\u0131\u015f\u0131nda \u0130stanbul 2.si olmu\u015ftur.<\/p>\n<p>800 metre m\u00fccadelesinde 2.03 derece ile 2.olan BULT\u00dcRK \u00fcyesi Mert AYYILDIZ&#8217;I camiam\u0131z ad\u0131na ba\u015far\u0131lar\u0131ndan dolay\u0131 kutluyor ve ba\u015far\u0131lar\u0131n\u0131n devam\u0131n\u0131 diliyoruz.<\/p>\n<p><img data-recalc-dims=\"1\" loading=\"lazy\" decoding=\"async\" class=\"\" src=\"https:\/\/i0.wp.com\/www.bghaber.org\/bghaber\/wp-content\/uploads\/2018\/02\/mert1.jpg?resize=580%2C1028\" width=\"580\" height=\"1028\" \/><\/p>\n<p style=\"text-align: center;\">Son yar\u0131\u015fmada \u0130stanbul \u0130l birincili\u011fi yar\u0131\u015fmas\u0131nda <strong>B\u0130R\u0130NC\u0130 OLDU<\/strong>.<\/p>\n<p><em>&#8220;Bu derece zorlu bir alanda T\u00fcrkiye&#8217;de \u0130stanbul birincisi olarak ailesini ve bizleri gururland\u0131rd\u0131. Kendisini ve hocalar\u0131n\u0131 tebrik ediyorum. Bundan sonraki yar\u0131\u015fmalarda da daha b\u00fcy\u00fck ba\u015far\u0131lara imza ataca\u011f\u0131na y\u00fcrekten inan\u0131yoruz\u201d<\/em><\/p><div id=\"bghab-1594396923\" class=\"bghab-icerik-icine bghab-entity-placement\"><script async src=\"\/\/pagead2.googlesyndication.com\/pagead\/js\/adsbygoogle.js?client=ca-pub-6203283170189293\" crossorigin=\"anonymous\"><\/script><ins class=\"adsbygoogle\" style=\"display:block; text-align:center;\" data-ad-client=\"ca-pub-6203283170189293\" \ndata-ad-slot=\"7303146466\" \ndata-ad-layout=\"in-article\"\ndata-ad-format=\"fluid\" data-full-width-responsive=\"true\"><\/ins>\n<script> \n(adsbygoogle = window.adsbygoogle || []).push({}); \n<\/script>\n<\/div>\n<p style=\"text-align: right;\">BULT\u00dcRK Derne\u011fi<\/p>\n<div id=\"bghab-929585626\" class=\"bghab-yazi-altinda bghab-entity-placement\"><div class=\"bghab-adlabel\">Reklamlar<\/div><script async src=\"https:\/\/pagead2.googlesyndication.com\/pagead\/js\/adsbygoogle.js\"><\/script>\r\n<!-- bghaber-yaz\u0131-sonu -->\r\n<ins class=\"adsbygoogle\"\r\n     style=\"display:block\"\r\n     data-ad-client=\"ca-pub-6203283170189293\"\r\n     data-ad-slot=\"4222328180\"\r\n     data-ad-format=\"auto\"\r\n     data-full-width-responsive=\"true\"><\/ins>\r\n<script>\r\n     (adsbygoogle = window.adsbygoogle || []).push({});\r\n<\/script><\/div><br style=\"clear: both; display: block; float: none;\"\/>","protected":false},"excerpt":{"rendered":"<p>15.02.2018 tarihinde ENKA atletizm sahas\u0131nda ger\u00e7ekle\u015fen Puanl\u0131 atletizm a\u00e7\u0131k saha \u0130stanbul il birincili\u011fi yar\u0131\u015fmas\u0131 yap\u0131ld\u0131. ENKA Atletizm Stad\u0131nda ger\u00e7ekle\u015fen Puanl\u0131 Atletizm A\u00e7\u0131k Saha \u0130l Birincili\u011fi<\/p>\n","protected":false},"author":13,"featured_media":27484,"comment_status":"closed","ping_status":"closed","sticky":false,"template":"","format":"standard","meta":{"advanced_seo_description":"","jetpack_seo_html_title":"","jetpack_seo_noindex":false,"_jetpack_memberships_contains_paid_content":false,"footnotes":""},"categories":[7],"tags":[37,785],"class_list":["post-27482","post","type-post","status-publish","format-standard","has-post-thumbnail","hentry","category-saglik-spor","tag-bulturk","tag-bulturk-dernegi"],"jetpack_featured_media_url":"https:\/\/i0.wp.com\/www.bghaber.org\/bghaber\/wp-content\/uploads\/2018\/02\/mert1.jpg?fit=677%2C1200&ssl=1","jetpack_sharing_enabled":true,"jetpack_likes_enabled":true,"jetpack-related-posts":[],"jetpack_shortlink":"https:\/\/wp.me\/pc2PfJ-79g","_links":{"self":[{"href":"https:\/\/www.bghaber.org\/bghaber\/wp-json\/wp\/v2\/posts\/27482","targetHints":{"allow":["GET"]}}],"collection":[{"href":"https:\/\/www.bghaber.org\/bghaber\/wp-json\/wp\/v2\/posts"}],"about":[{"href":"https:\/\/www.bghaber.org\/bghaber\/wp-json\/wp\/v2\/types\/post"}],"author":[{"embeddable":true,"href":"https:\/\/www.bghaber.org\/bghaber\/wp-json\/wp\/v2\/users\/13"}],"replies":[{"embeddable":true,"href":"https:\/\/www.bghaber.org\/bghaber\/wp-json\/wp\/v2\/comments?post=27482"}],"version-history":[{"count":0,"href":"https:\/\/www.bghaber.org\/bghaber\/wp-json\/wp\/v2\/posts\/27482\/revisions"}],"wp:featuredmedia":[{"embeddable":true,"href":"https:\/\/www.bghaber.org\/bghaber\/wp-json\/wp\/v2\/media\/27484"}],"wp:attachment":[{"href":"https:\/\/www.bghaber.org\/bghaber\/wp-json\/wp\/v2\/media?parent=27482"}],"wp:term":[{"taxonomy":"category","embeddable":true,"href":"https:\/\/www.bghaber.org\/bghaber\/wp-json\/wp\/v2\/categories?post=27482"},{"taxonomy":"post_tag","embeddable":true,"href":"https:\/\/www.bghaber.org\/bghaber\/wp-json\/wp\/v2\/tags?post=27482"}],"curies":[{"name":"wp","href":"https:\/\/api.w.org\/{rel}","templated":true}]}}