{"id":27469,"date":"2018-02-21T01:21:37","date_gmt":"2018-02-20T22:21:37","guid":{"rendered":"http:\/\/www.bghaber.org\/bghaber\/?p=27469"},"modified":"2018-05-09T18:27:12","modified_gmt":"2018-05-09T15:27:12","slug":"bulgaristandan-zeytin-dali-harekatina-destek","status":"publish","type":"post","link":"https:\/\/www.bghaber.org\/bghaber\/bulgaristandan-zeytin-dali-harekatina-destek\/","title":{"rendered":"Bulgaristan\u2019dan\u00a0\u2018Zeytin Dal\u0131\u2019 harek\u00e2t\u0131na destek&#8230;"},"content":{"rendered":"<p id=\"yui_3_16_0_ym19_1_1519158423822_21448\" style=\"text-align: left;\" align=\"center\"><strong><span id=\"yui_3_16_0_ym19_1_1519158423822_21449\"><span id=\"yui_3_16_0_ym19_1_1519158423822_21450\">\u201cTER\u00d6R VE TER\u00d6R \u00d6RG\u00dcTLER\u0130NE LANET\u201d!<\/span><\/span><\/strong><\/p>\n<p id=\"yui_3_16_0_ym19_1_1519158423822_21452\"><span id=\"yui_3_16_0_ym19_1_1519158423822_21453\"><span id=\"yui_3_16_0_ym19_1_1519158423822_21454\">\u00a0<\/span><\/span><b id=\"yui_3_16_0_ym19_1_1519158423822_21457\"><span id=\"yui_3_16_0_ym19_1_1519158423822_21458\">Bulgaristan T\u00fcrkleri T\u00fcrk Silahl\u0131 Kuvetleri\u2019nin Suriye\u2019nin Afrin b\u00f6lgesinde ter\u00f6r \u00f6rg\u00fct\u00fc yuvalar\u0131na kar\u015f\u0131 30 g\u00fcnden beri devam eden \u201cZeytin Dal\u0131\u201d adl\u0131 askeri operasyonlar\u0131na destek verdiklerini belirtiler.<\/span><\/b><span id=\"yui_3_16_0_ym19_1_1519158423822_21459\">\u00a0<\/span><\/p>\n<p><span id=\"yui_3_16_0_ym19_1_1519158423822_21459\">Bulgaristan Varna ilinin D\u0131lgopol Belediyesinin Medovets (Sar\u0131 Kovavanl\u0131k) k\u00f6y\u00fcnde T\u00fcrk halk\u0131 bir toplant\u0131 yaparak, T\u00fcrkiye\u2019nin\u00a0<b id=\"yui_3_16_0_ym19_1_1519158423822_21460\">\u201cZeytin Dal\u0131 Operasyonuna\u201d<\/b>\u00a0tam desteklerini ifade ettiler. Bu dayan\u0131\u015fma bulu\u015fmas\u0131nda, merkezi Bayrampa\u015fa\/\u0130stanbul\u2019da bulunan Bulgaristan T\u00fcrkleri K\u00fclt\u00fcr ve Hizmet Derne\u011fi BULT\u00dcRK y\u00f6netiminden temsilciler de kat\u0131ld\u0131. <\/span><\/p>\n<p><span id=\"yui_3_16_0_ym19_1_1519158423822_21459\">Dayan\u0131\u015fma forumu, 1985-1989 T\u00fcrk kimli\u011fi u\u011fruna m\u00fccadelemizde can feda eden karde\u015flerimizin Medovets (Sar\u0131 Kovavanl\u0131k) \u015fehitli\u011fini ziyaretleriyle ba\u015flad\u0131. Kabirlere \u00e7i\u00e7ek ve \u00e7elenk kondu. Fatiha okundu. Sayg\u0131 duru\u015funda bulunuldu.<\/span><\/p>\n<p><span id=\"yui_3_16_0_ym19_1_1519158423822_21459\">Forumda yap\u0131lan konu\u015fmalarda Medovets (Sar\u0131 Kovavanl\u0131k) k\u00f6y\u00fc Muhtar\u0131 Mustafa Y. \u0130SMA\u0130L, T\u00fcrkiye\u2019deki soyda\u015f dernekleri aras\u0131nda en etkin ve etkili \u00e7al\u0131\u015fmalar\u0131yla \u00fcnl\u00fc olan BULTURK ziyaretinin kendisini ve k\u00f6yde\u015flerini onurland\u0131rd\u0131\u011f\u0131n\u0131 s\u00f6yledikten sonra \u015f\u00f6yle dedi;<\/span><\/p><div id=\"bghab-3983131546\" class=\"bghab-icerik-icine bghab-entity-placement\"><script async src=\"\/\/pagead2.googlesyndication.com\/pagead\/js\/adsbygoogle.js?client=ca-pub-6203283170189293\" crossorigin=\"anonymous\"><\/script><ins class=\"adsbygoogle\" style=\"display:block; text-align:center;\" data-ad-client=\"ca-pub-6203283170189293\" \ndata-ad-slot=\"7303146466\" \ndata-ad-layout=\"in-article\"\ndata-ad-format=\"fluid\" data-full-width-responsive=\"true\"><\/ins>\n<script> \n(adsbygoogle = window.adsbygoogle || []).push({}); \n<\/script>\n<\/div>\n<p id=\"yui_3_16_0_ym19_1_1519158423822_21462\"><i id=\"yui_3_16_0_ym19_1_1519158423822_21463\"><span id=\"yui_3_16_0_ym19_1_1519158423822_21464\"><strong>\u201cMedovets (Sar\u0131 kovanl\u0131k)\u201d<\/strong> hak ve \u00f6zg\u00fcrl\u00fck, demokrasi ve adalet bayra\u011f\u0131na s\u0131ms\u0131k\u0131 sar\u0131lm\u0131\u015f bir Balkan k\u00f6y\u00fcd\u00fcr. 1989 May\u0131s Ayaklanmam\u0131zdan, 1990 B\u00fcy\u00fck Millet Meclisi co\u015fkun mitinglerinden beri dava ruhumuzu biliyoruz. Bizi \u00e7ok par\u00e7alad\u0131lar, fakat asla birbirimize d\u00fc\u015f\u00fcremediler, bizim burada T\u00fcrk kimli\u011fimiz dimdiktir, kimlik davam\u0131zdan bir ad\u0131m gerilemedik. G\u00fcn\u00fcm\u00fczde, tepede ve tabanda birle\u015fme r\u00fczg\u00e2rlar\u0131 yeniden esmeye ba\u015flad\u0131. Bizim taban dokumuz, rengimiz, kararl\u0131l\u0131\u011f\u0131m\u0131z ve azmimiz ortadad\u0131r. Kabul edece\u011fimiz bir ortak liste haz\u0131rlans\u0131n, biz halk\u0131m\u0131za sunar, onay al\u0131rsak oyumuzu veririz, yani halk\u0131m\u0131z se\u00e7sin liderini. Art\u0131k mecliste 50 milletvekili bulundurma zaman\u0131 geldi. Ki\u015fisel hesapla ulusal siyaset yap\u0131lmaz. Liderlerin ki\u015fisel \u00e7\u0131karlar\u0131yla k\u00f6yl\u00fclerimizin menfaatleri \u00f6rt\u00fc\u015fm\u00fcyor. T\u00fcrk partilerinin y\u00f6neticileri halktan kopmu\u015ftur. Yeni bir orta direk etraf\u0131nda birle\u015fmekten yanay\u0131z.\u00a0\u00a0<\/span><\/i><\/p>\n<p id=\"yui_3_16_0_ym19_1_1519158423822_21466\"><i id=\"yui_3_16_0_ym19_1_1519158423822_21467\"><span id=\"yui_3_16_0_ym19_1_1519158423822_21468\">Ge\u00e7en y\u00fczy\u0131l biz birbirimize kenetlendik. Yar\u0131m\u0131z T\u00fcrkiye\u2019dedir. Gen\u00e7lerimiz ise Bat\u0131 \u00fclkelerine \u00e7\u0131kt\u0131. Fakat biz ruhen biriz, aram\u0131zda s\u0131k\u0131 ileti\u015fim var. Can cana, el ele vermi\u015fiz. Bizi birbirimizden kimse ay\u0131ramaz. Daha iyi g\u00fcnlerde yeniden tek y\u00fcrek olmay\u0131 beklerken mutluyuz.<\/span><\/i><\/p>\n<p id=\"yui_3_16_0_ym19_1_1519158423822_21470\"><i id=\"yui_3_16_0_ym19_1_1519158423822_21471\"><span id=\"yui_3_16_0_ym19_1_1519158423822_21472\"><strong>G\u00fcn\u00fcm\u00fczde toplay\u0131c\u0131, halk\u00e7\u0131 vas\u0131flarla donanm\u0131\u015f bir lidere ihtiya\u00e7 var.<\/strong> Halk \u00f6n\u00fcn\u00fc g\u00f6rmek istiyor. Mecliste oturanlar\u0131n bir\u00e7o\u011fu Medovets <span id=\"yui_3_16_0_ym19_1_1519158423822_21459\">(Sar\u0131 Kovavanl\u0131k)\u00a0<\/span>k\u00f6y\u00fcn\u00fc bilmez, u\u011framaz oldular. Devlet eli k\u00f6ylere uzanm\u0131yor. Kendi halimize b\u0131rak\u0131ld\u0131k. Sofya her g\u00fcn kayn\u0131yor, fakat o sorunlar bizim de\u011fil. Bizim problemlerimiz el atan yok. <\/span><\/i><em><span id=\"yui_3_16_0_ym19_1_1519158423822_21472\"><strong>M\u00fcsl\u00fcman az\u0131nl\u0131k diliyle, diniyle, ahlak\u0131, gelenekleri ve k\u00fclt\u00fcr\u00fcyle ya\u015famak istiyor.<\/strong><\/span><\/em><i id=\"yui_3_16_0_ym19_1_1519158423822_21471\"><span id=\"yui_3_16_0_ym19_1_1519158423822_21472\"> Yediden yetmi\u015fe T\u00fcrk\u00e7e konu\u015fan bir k\u00f6yde Bulgar ana-okuluna ve Bulgarca tedrisatl\u0131 okula gerek yok. Biz \u00f6z sorunlar\u0131m\u0131z\u0131 \u00e7\u00f6zmede \u00f6zg\u00fcr olmak istiyoruz.\u201d<\/span><\/i><\/p>\n<p id=\"yui_3_16_0_ym19_1_1519158423822_21474\"><span id=\"yui_3_16_0_ym19_1_1519158423822_21475\">BULT\u00dcRK temsilcilerinin konu\u015fmalar\u0131 b\u00fcy\u00fck ilgiyle kar\u015f\u0131land\u0131. BULT\u00dcRK derne\u011finin tarih\u00e7esini \u00f6\u011frenen k\u00f6yl\u00fcler, faaliyetleriyle ilgilendiler. 15 Temmuz 2016 hain Fet\u00f6c\u00fc darbe te\u015febb\u00fcs\u00fc, Yeni T\u00fcrk Ruhunun do\u011fu\u015fu ve BULT\u00dcRK kadrolar\u0131n\u0131n bu co\u015fkulu at\u0131l\u0131mlarda yer almas\u0131 alk\u0131\u015fland\u0131.<\/span><\/p>\n<p id=\"yui_3_16_0_ym19_1_1519158423822_21477\"><span id=\"yui_3_16_0_ym19_1_1519158423822_21478\">Soyda\u015flar\u0131n d\u00fcnya g\u00f6r\u00fc\u015f\u00fcn\u00fc de\u011fi\u015ftirme yolunda \u00f6nemli ad\u0131mlar atan BULT\u00dcRK ve Bulgaristan Stratejik Ara\u015ft\u0131rma Merkezi BGSAM gibi hedefe y\u00f6nelik \u00e7al\u0131\u015fan eylem merkezlerinin yaln\u0131zca 1989 b\u00fcy\u00fck g\u00f6\u00e7\u00fc sonras\u0131 resmi kay\u0131tlara g\u00f6re T\u00fcrkiye\u2019de ya\u015fayan 720 bin \u00e7ifte vatanda\u015f\u0131n \u00e7\u0131karlar\u0131 i\u00e7in oldu\u011fu kadar, Bulgaristanl\u0131 T\u00fcrklerin haklar\u0131n\u0131, hukuksal stat\u00fcs\u00fcn\u00fc, okullarda zorunlu T\u00fcrk\u00e7e e\u011fitimi gibi sorunlar\u0131n yak\u0131n zamanda kesin \u00e7\u00f6z\u00fcm\u00fc i\u00e7in de \u00e7aba g\u00f6sterdi\u011fi ifade edildi. Sorunlar\u0131m\u0131z ortakt\u0131r, dertlerimiz ayn\u0131d\u0131r, davam\u0131z\u0131n hakl\u0131 olu\u015fu bize ilham veren g\u00fc\u00e7 kayna\u011f\u0131d\u0131r vurgusu yap\u0131ld\u0131.<\/span><\/p><div id=\"bghab-4098484092\" class=\"bghab-icerik-icine-10-paragraf bghab-entity-placement\"><script async src=\"\/\/pagead2.googlesyndication.com\/pagead\/js\/adsbygoogle.js?client=ca-pub-6203283170189293\" crossorigin=\"anonymous\"><\/script><ins class=\"adsbygoogle\" style=\"display:block; text-align:center;\" data-ad-client=\"ca-pub-6203283170189293\" \ndata-ad-slot=\"7303146466\" \ndata-ad-layout=\"in-article\"\ndata-ad-format=\"fluid\" data-full-width-responsive=\"true\"><\/ins>\n<script> \n(adsbygoogle = window.adsbygoogle || []).push({}); \n<\/script>\n<\/div>\n<p id=\"yui_3_16_0_ym19_1_1519158423822_21480\"><span id=\"yui_3_16_0_ym19_1_1519158423822_21481\">BULT\u00dcRK\u2019\u00fcn k\u0131sa tarih\u00e7esinden \u015fu anlar \u00f6n plana \u00e7ekilerek a\u00e7\u0131k tart\u0131\u015fmaya konu edildi. Daha 2003\u2019de, kuruldu\u011fu y\u0131l BULT\u00dcRK, T\u00fcrkiye\u2019deki dernekler aras\u0131nda se\u00e7kin bir yer ald\u0131. Bir \u00f6nceki se\u00e7imde kaybedilen, K\u0131rcaali Belediyesi\u2019nin geriye kazan\u0131lmas\u0131nda \u00f6nemli rol oynad\u0131. Bir y\u0131l sonra 2004\u2019te BULT\u00dcRK <em><strong>\u201cBulgaristan T\u00fcrklerinin Sesi\u201d<\/strong> <\/em>ayl\u0131k gazetesini \u00e7\u0131karmaya ba\u015flad\u0131. 2011 y\u0131l\u0131nda da Bulgaristan&#8217;da ilk defa bir T\u00fcrk Cumhurba\u015fkan\u0131 aday\u0131 \u00e7\u0131kart\u0131yor. Ocak 2018 itibar\u0131yla 128. say\u0131m\u0131z\u0131 yay\u0131nland\u0131. Derne\u011fimiz daha kuruldu\u011fu y\u0131l D\u00fcnya T\u00fcrk Gen\u00e7ler Birli\u011fi \u00d6rg\u00fct\u00fcne \u00fcye oldu. T\u00fcrk D\u00fcnyas\u0131 Gen\u00e7lik Kurultaylar\u0131nda Bulgaristan T\u00fcrk Gen\u00e7li\u011fini temsil ettik. T\u00fcrk D\u00fcnyas\u0131 medya forumlar\u0131na BULT\u00dcRK Gazetesi olarak kat\u0131ld\u0131k. T\u00fcrk D\u00fcnyas\u0131 bizi, biz de T\u00fcrk D\u00fcnyas\u0131n\u0131 tan\u0131d\u0131k. T\u00fcrk D\u00fcnyas\u0131 Gazeteciler Federasyonu\u2019na da kabul edildik. T\u00fcrk D\u00fcnyas\u0131\u2019n\u0131n Ankara, K\u0131rg\u0131zistan, Kazakistan, Yakutya \u2013 Omsak, Ba\u015fkurdistan, \u00c7uva\u015fistan, Tataristan, K\u0131r\u0131m, Gagavuzyeri, Romanya, Makedonya ve KKTC\u2019e Kurultaylarda yerimizi ald\u0131k. Sofya\u2019da yap\u0131lan T\u00fcrk Liderler Zirvesini BULT\u00dcRK olarak organize ettik.<\/span><\/p>\n<p id=\"yui_3_16_0_ym19_1_1519158423822_21483\"><b id=\"yui_3_16_0_ym19_1_1519158423822_21484\"><span id=\"yui_3_16_0_ym19_1_1519158423822_21485\">Forumda soru cevap b\u00f6l\u00fcm\u00fc canl\u0131 ge\u00e7ti.<\/span><\/b><\/p>\n<p id=\"yui_3_16_0_ym19_1_1519158423822_21487\"><span id=\"yui_3_16_0_ym19_1_1519158423822_21488\"><em><strong>\u201cBirle\u015fme\u201d<\/strong><\/em> konusunda herkes aktifti. T\u00fcrkiye\u2019deki konfederasyonlar\u0131n a\u00e7\u0131k ve inand\u0131r\u0131c\u0131, g\u00f6n\u00fcl al\u0131p s\u00fcr\u00fckleyici fikirlerle ortaya \u00e7\u0131kmad\u0131\u011f\u0131na i\u015faret edildi. K\u00f6yl\u00fcler, bizi ancak <em><strong>\u201c\u015fehitlerimizin can verdi\u011fi dava birle\u015ftirir\u201d<\/strong><\/em> dediler. Halktan kopmu\u015f liderlerin davadan ayr\u0131lmas\u0131 istendi. Bulgar demokrasi ve adalet hareketlenmesiyle ortak noktalarda kesi\u015fme gere\u011fi vurguland\u0131. Hareket merkezimizin Bulgaristan\u2019da kalmas\u0131 gere\u011fine i\u015faret edildi. Halka ra\u011fmen siyaset yap\u0131lamayaca\u011f\u0131n\u0131 belirtenler, birle\u015fmelerimizi isteyenler gelsinler konu\u015fal\u0131m, dediler. G\u00f6r\u00fc\u015f al\u0131\u015f veri\u015finde Hak ve \u00d6zg\u00fcrl\u00fckler Hareketi (H\u00d6H) de konu edildi. Koca- Balkan\u2019\u0131n Kuzey eteklerinde en g\u00fc\u00e7l\u00fc H\u00d6H kalelerinden birisi olan <em><strong>\u201cMedovets (Sar\u0131 Kovanl\u0131k)\u201d<\/strong> <\/em>k\u00f6y\u00fcnde zeytin dall\u0131 partiye ra\u011fbet yok olmu\u015f. DOST da inand\u0131r\u0131c\u0131 de\u011fil. K\u00f6yde yeni bir bekleyi\u015f var. Yeni bir kucakla\u015fma! Yeniden do\u011fma ve kanatlanmaya \u00f6zlem var. <\/span><\/p>\n<p><span id=\"yui_3_16_0_ym19_1_1519158423822_21488\">2018 y\u0131l\u0131nda Bulgaristan T\u00fcrkleri i\u00e7in en akt\u00fcel konu. T\u00fcrkiye Cumhuriyeti Devletinin <em><strong>\u201cZeytin Dal\u0131\u201d<\/strong><\/em> anti-ter\u00f6rist bar\u0131\u015f ve g\u00fcvenlik operasyonudur. K\u00f6yl\u00fcler TV ekran\u0131na kilitlenmi\u015f<em> \u201cA haberi, TV-24, TRT haber ve Habert\u00fcrk TV\u201d<\/em> gibi kanallardan gece g\u00fcnd\u00fcz bilgi al\u0131yorlar. Foruma kat\u0131lanlar <em><strong>\u201cZeytin Dal\u0131\u201d<\/strong> <\/em>askeri harekat\u0131na destek bildirisi kabul ettiler.<\/span><\/p>\n<p id=\"yui_3_16_0_ym19_1_1519158423822_21490\"><b id=\"yui_3_16_0_ym19_1_1519158423822_21491\"><span id=\"yui_3_16_0_ym19_1_1519158423822_21492\">Destek Bildirisi;<\/span><\/b><\/p><div id=\"bghab-1000110116\" class=\"bghab-icerik-icine-15-paragraf bghab-entity-placement\"><script async src=\"\/\/pagead2.googlesyndication.com\/pagead\/js\/adsbygoogle.js?client=ca-pub-6203283170189293\" crossorigin=\"anonymous\"><\/script><ins class=\"adsbygoogle\" style=\"display:block; text-align:center;\" data-ad-client=\"ca-pub-6203283170189293\" \ndata-ad-slot=\"7303146466\" \ndata-ad-layout=\"in-article\"\ndata-ad-format=\"fluid\" data-full-width-responsive=\"true\"><\/ins>\n<script> \n(adsbygoogle = window.adsbygoogle || []).push({}); \n<\/script>\n<\/div>\n<p id=\"yui_3_16_0_ym19_1_1519158423822_21494\"><i id=\"yui_3_16_0_ym19_1_1519158423822_21495\"><span id=\"yui_3_16_0_ym19_1_1519158423822_21496\"><b>T\u00fcrkiye&#8217;nin<\/b><strong>\u00a0\u201cZeytin Dal\u0131\u201d operasyonu bizim i\u00e7in kutsald\u0131r. Biz \u00c7anakkale \u015fehitlerinin torunlar\u0131y\u0131z. T\u00fcrkiye bizim ana-vatan\u0131m\u0131zd\u0131r. Her kar\u0131\u015f topra\u011f\u0131nda bizim de ata kan\u0131m\u0131z vard\u0131r.<\/strong> <\/span><\/i><\/p>\n<p><i id=\"yui_3_16_0_ym19_1_1519158423822_21495\"><span id=\"yui_3_16_0_ym19_1_1519158423822_21496\"><strong>Ebedi varl\u0131\u011f\u0131m\u0131z\u0131n en y\u00fcce sembol\u00fc dalgalanan ay y\u0131ld\u0131zl\u0131 bayra\u011f\u0131m\u0131zd\u0131r. Vatan\u0131m\u0131z\u0131n par\u00e7alanmaz b\u00fct\u00fcnl\u00fc\u011f\u00fc u\u011fruna y\u00fcr\u00fct\u00fclen bu a\u011f\u0131r sava\u015fta d\u00fc\u015fen her \u015fehit karde\u015fimizdir.<\/strong> Ac\u0131lar, bizim y\u00fcre\u011fimizi de da\u011fl\u0131yor. Derelerin bir birilerinden ayr\u0131 olduklar\u0131 gibi t\u00fcm dereler bir baraja, barajlar ise bir denize akt\u0131\u011f\u0131 gibi Biz T\u00fcrkiye&#8217;nin d\u0131\u015f\u0131nda olan T\u00fcrklerin de Denizimiz T\u00fcrkiye Cumhuriyetidir. Biz ayr\u0131 devletlerde olsak da ter\u00f6re, zulme ve emperyalizme kar\u015f\u0131 kenetlenip bir yumruk olabildik ve ter\u00f6r\u00fcn boyun e\u011fdirdiklerinden olmad\u0131k, olmayaca\u011f\u0131z. Ter\u00f6r\u00fcn ve ter\u00f6ristin insanl\u0131\u011fa kar\u015f\u0131 i\u015fledi\u011fi her su\u00e7ta, millet olarak d\u00fcnyada kar\u015f\u0131 gelebilen tek M\u0130LLET T\u00dcRK M\u0130LLET\u0130 OLMU\u015eTUR \u015fimdi yine hep birlikte bu ter\u00f6r\u00fcn kar\u015f\u0131s\u0131nda durmaya devam edece\u011fiz.<\/span><\/i><\/p>\n<p><i id=\"yui_3_16_0_ym19_1_1519158423822_21495\"><span id=\"yui_3_16_0_ym19_1_1519158423822_21496\"><strong>Biz ordumuzun yenilmezli\u011fine inan\u0131yoruz. Yeni k\u00f6y ve tepelere dikilen bayra\u011f\u0131m\u0131z bize de g\u00fc\u00e7 ve gurur veriyor.<\/strong> Dualar\u0131m\u0131z Musul Kerk\u00fck\u2019e kadar devam edebilme g\u00fcc\u00fc vermesi ve t\u00fcm d\u00fcnya mazlumlar\u0131na sahip \u00e7\u0131kabilecek g\u00fcce ula\u015fmas\u0131d\u0131r. Allah yar ve yard\u0131mc\u0131n\u0131z olsun.<\/span><\/i><\/p>\n<p id=\"yui_3_16_0_ym19_1_1519158423822_21498\"><b id=\"yui_3_16_0_ym19_1_1519158423822_21499\"><i id=\"yui_3_16_0_ym19_1_1519158423822_21500\"><span id=\"yui_3_16_0_ym19_1_1519158423822_21501\">Yeni y\u00fczy\u0131l, B\u00fcy\u00fck T\u00fcrkiye Y\u00fczy\u0131l\u0131 olacakt\u0131r. Cumhurba\u015fkan\u0131 Say\u0131n Recep Tayyip ERDO\u011eAN\u2019A ve MHP Genel Ba\u015fkan\u0131 Devlet BAH\u00c7EL\u0130\u2019YE inan\u0131yor ve g\u00fcveniyoruz. Davet bekliyoruz. \u0130stedi\u011finiz cephede siper almaya haz\u0131r oldu\u011fumuzu da buradan a\u00e7\u0131k\u00e7a belirtiyoruz<\/span><\/i><\/b><b id=\"yui_3_16_0_ym19_1_1519158423822_21502\"><i id=\"yui_3_16_0_ym19_1_1519158423822_21503\"><span id=\"yui_3_16_0_ym19_1_1519158423822_21504\">.<\/span><\/i><\/b><\/p>\n<p id=\"yui_3_16_0_ym19_1_1519158423822_21506\"><i id=\"yui_3_16_0_ym19_1_1519158423822_21507\"><span id=\"yui_3_16_0_ym19_1_1519158423822_21508\">Bulgaristan\u2019\u0131n t\u00fcm T\u00fcrk k\u00f6ylerinde <strong>\u201cZeytin Dal\u0131\u201d<\/strong> operasyonunu destekleme toplant\u0131lar\u0131 yap\u0131l\u0131yor. Destek bildirileri onaylan\u0131yor. Memleketimizin T\u00fcrk kokan her k\u00f6\u015fesinde ruhsal uyan\u0131\u015f ve y\u00fcreklerde \u015fahlan\u0131\u015f var. Bu duygu ve d\u00fc\u015f\u00fcncelerle, \u015fanl\u0131 T\u00fcrk ordusunun k\u0131\u015f \u015fartlar\u0131na ra\u011fmen \u00f6zveriyle y\u00fcr\u00fctt\u00fc\u011f\u00fc Zeytin Dal\u0131 Harekat\u0131n\u0131n b\u00f6lgede kal\u0131c\u0131 bar\u0131\u015f ve huzur ortam\u0131n\u0131n sa\u011flanmas\u0131 ile sonu\u00e7lanmas\u0131n\u0131, vatan\u0131m\u0131z\u0131n k\u0131ymetli evlatlar\u0131 askerlerimizin burunlar\u0131 dahi kanamadan vatan\u0131m\u0131za d\u00f6nmelerini ve ailelerine kavu\u015fmalar\u0131n\u0131 t\u00fcm kalbimizle umut etmekteyiz.<b id=\"yui_3_16_0_ym19_1_1519158423822_21509\"><\/b><\/span><\/i><\/p><div id=\"bghab-633493826\" class=\"bghab-icerik-icine-20-paragraf bghab-entity-placement\"><script async src=\"\/\/pagead2.googlesyndication.com\/pagead\/js\/adsbygoogle.js?client=ca-pub-6203283170189293\" crossorigin=\"anonymous\"><\/script><ins class=\"adsbygoogle\" style=\"display:block; text-align:center;\" data-ad-client=\"ca-pub-6203283170189293\" \ndata-ad-slot=\"7303146466\" \ndata-ad-layout=\"in-article\"\ndata-ad-format=\"fluid\" data-full-width-responsive=\"true\"><\/ins>\n<script> \n(adsbygoogle = window.adsbygoogle || []).push({}); \n<\/script>\n<\/div>\n<h6 style=\"text-align: center;\"><em>Not: Toplant\u0131 sonras\u0131 kat\u0131l\u0131mc\u0131lara, Rafet \u00dcL\u00dcT\u00dcRK&#8217;\u00fcn kitab\u0131 ve BULT\u00dcRK Gazetesi da\u011f\u0131t\u0131ld\u0131.<\/em><\/h6>\n<p id=\"yui_3_16_0_ym19_1_1519158423822_21515\" align=\"right\"><b id=\"yui_3_16_0_ym19_1_1519158423822_21516\"><i id=\"yui_3_16_0_ym19_1_1519158423822_21517\"><span id=\"yui_3_16_0_ym19_1_1519158423822_21518\">Medovets &#8211; <span id=\"yui_3_16_0_ym19_1_1519158423822_21459\">(Sar\u0131 Kovavanl\u0131k)\u00a0<\/span>Halk\u0131 Ad\u0131na<\/span><\/i><\/b><\/p>\n<p id=\"yui_3_16_0_ym19_1_1519158423822_21521\" dir=\"ltr\" style=\"text-align: right;\" align=\"right\" data-setdir=\"false\"><b id=\"yui_3_16_0_ym19_1_1519158423822_21522\"><i id=\"yui_3_16_0_ym19_1_1519158423822_21523\"><span id=\"yui_3_16_0_ym19_1_1519158423822_21524\">Muhtar\u00a0<\/span><\/i><\/b><b id=\"yui_3_16_0_ym19_1_1519158423822_21525\"><i id=\"yui_3_16_0_ym19_1_1519158423822_21526\"><span id=\"yui_3_16_0_ym19_1_1519158423822_21527\">Mustafa Y. \u0130SMA\u0130L<\/span><\/i><\/b><\/p>\n<div id=\"yui_3_16_0_ym19_1_1519158423822_21529\"><img data-recalc-dims=\"1\" decoding=\"async\" src=\"https:\/\/i0.wp.com\/static.panoramio.com.storage.googleapis.com\/photos\/large\/57350662.jpg?w=640&#038;ssl=1\" \/><\/div>\n<div id=\"yui_3_16_0_ym19_1_1519158423822_21531\">\n<div id=\"yui_3_16_0_ym19_1_1519158423822_21555\" dir=\"ltr\" data-setdir=\"false\"><\/div>\n<\/div>\n<div id=\"bghab-3438309365\" class=\"bghab-yazi-altinda bghab-entity-placement\"><div class=\"bghab-adlabel\">Reklamlar<\/div><script async src=\"https:\/\/pagead2.googlesyndication.com\/pagead\/js\/adsbygoogle.js\"><\/script>\r\n<!-- bghaber-yaz\u0131-sonu -->\r\n<ins class=\"adsbygoogle\"\r\n     style=\"display:block\"\r\n     data-ad-client=\"ca-pub-6203283170189293\"\r\n     data-ad-slot=\"4222328180\"\r\n     data-ad-format=\"auto\"\r\n     data-full-width-responsive=\"true\"><\/ins>\r\n<script>\r\n     (adsbygoogle = window.adsbygoogle || []).push({});\r\n<\/script><\/div><br style=\"clear: both; display: block; float: none;\"\/>","protected":false},"excerpt":{"rendered":"<p>\u201cTER\u00d6R VE TER\u00d6R \u00d6RG\u00dcTLER\u0130NE LANET\u201d! \u00a0Bulgaristan T\u00fcrkleri T\u00fcrk Silahl\u0131 Kuvetleri\u2019nin Suriye\u2019nin Afrin b\u00f6lgesinde ter\u00f6r \u00f6rg\u00fct\u00fc yuvalar\u0131na kar\u015f\u0131 30 g\u00fcnden beri devam eden \u201cZeytin Dal\u0131\u201d adl\u0131<\/p>\n","protected":false},"author":13,"featured_media":27470,"comment_status":"closed","ping_status":"closed","sticky":false,"template":"","format":"standard","meta":{"advanced_seo_description":"","jetpack_seo_html_title":"","jetpack_seo_noindex":false,"_jetpack_memberships_contains_paid_content":false,"footnotes":""},"categories":[5],"tags":[37,785],"class_list":["post-27469","post","type-post","status-publish","format-standard","has-post-thumbnail","hentry","category-yasam","tag-bulturk","tag-bulturk-dernegi"],"jetpack_featured_media_url":"https:\/\/i0.wp.com\/www.bghaber.org\/bghaber\/wp-content\/uploads\/2018\/02\/medovets-toptt-scaled.jpg?fit=2560%2C1561&ssl=1","jetpack_sharing_enabled":true,"jetpack_likes_enabled":true,"jetpack-related-posts":[],"jetpack_shortlink":"https:\/\/wp.me\/pc2PfJ-793","_links":{"self":[{"href":"https:\/\/www.bghaber.org\/bghaber\/wp-json\/wp\/v2\/posts\/27469","targetHints":{"allow":["GET"]}}],"collection":[{"href":"https:\/\/www.bghaber.org\/bghaber\/wp-json\/wp\/v2\/posts"}],"about":[{"href":"https:\/\/www.bghaber.org\/bghaber\/wp-json\/wp\/v2\/types\/post"}],"author":[{"embeddable":true,"href":"https:\/\/www.bghaber.org\/bghaber\/wp-json\/wp\/v2\/users\/13"}],"replies":[{"embeddable":true,"href":"https:\/\/www.bghaber.org\/bghaber\/wp-json\/wp\/v2\/comments?post=27469"}],"version-history":[{"count":0,"href":"https:\/\/www.bghaber.org\/bghaber\/wp-json\/wp\/v2\/posts\/27469\/revisions"}],"wp:featuredmedia":[{"embeddable":true,"href":"https:\/\/www.bghaber.org\/bghaber\/wp-json\/wp\/v2\/media\/27470"}],"wp:attachment":[{"href":"https:\/\/www.bghaber.org\/bghaber\/wp-json\/wp\/v2\/media?parent=27469"}],"wp:term":[{"taxonomy":"category","embeddable":true,"href":"https:\/\/www.bghaber.org\/bghaber\/wp-json\/wp\/v2\/categories?post=27469"},{"taxonomy":"post_tag","embeddable":true,"href":"https:\/\/www.bghaber.org\/bghaber\/wp-json\/wp\/v2\/tags?post=27469"}],"curies":[{"name":"wp","href":"https:\/\/api.w.org\/{rel}","templated":true}]}}