{"id":27460,"date":"2018-02-21T10:00:04","date_gmt":"2018-02-21T07:00:04","guid":{"rendered":"http:\/\/www.bghaber.org\/bghaber\/?p=27460"},"modified":"2019-07-06T20:58:55","modified_gmt":"2019-07-06T17:58:55","slug":"ardinonun-lubovna-cesma-mahallesi-sakinlerinden-atik-deposu-protestosu","status":"publish","type":"post","link":"https:\/\/www.bghaber.org\/bghaber\/ardinonun-lubovna-cesma-mahallesi-sakinlerinden-atik-deposu-protestosu\/","title":{"rendered":"Ardino\u2019nun L\u00fcbovna \u00c7e\u015fma Mahallesi sakinlerinden at\u0131k deposu protestosu"},"content":{"rendered":"<p>K\u0131rcaali Valisi Nikola \u00c7anev, d\u00fcn Ardino (E\u011fridere) kabas\u0131n\u0131n L\u00fcbovna \u00c7e\u015fma (A\u015fk \u00c7e\u015fmesi) mahallesine yak\u0131n bir at\u0131k deposu in\u015fa edilmesi karar\u0131n\u0131 protesto eden mahalle sakinleriyle g\u00f6r\u00fc\u015ft\u00fc. Protestocular,\u201d Evlerimize birka\u00e7 metre mesafede \u00e7\u00f6p depolanmas\u0131n\u0131 istemiyoruz, pencerelerimizin alt\u0131ndan a\u011f\u0131r i\u015f makinelerin ge\u00e7mesini istemiyoruz. Bu, her t\u00fcrl\u00fc \u00e7evresel normlara ayk\u0131r\u0131d\u0131r\u201d diye \u00f6fkesini dile getirdiler. Onlar, hava ve suyun temizli\u011finden ve \u00e7ocuklar\u0131n\u0131n sa\u011fl\u0131\u011f\u0131 ve g\u00fcvenli\u011finden endi\u015fe duyuyorlar. Mahalle sakinleri, \u201cMahalle&#8217;de 100&#8217;den fazla aile ya\u015f\u0131yor, \u00e7ocuk oyun alan\u0131 veya ye\u015fil alan yok ve \u015fimdi belediye, bize sormadan ta\u015f\u0131ma maliyetinden tasarruf etmek i\u00e7in \u00e7\u00f6p depolama alan\u0131 yapmak istiyor\u201d diye yak\u0131nd\u0131lar.<\/p>\n<p>Protestocular\u0131n ifadelerine g\u00f6re Ardino Belediyesi, Avrupa paras\u0131 ile Svetulka (\u00c7angall\u0131) k\u00f6y\u00fc b\u00f6lgesinde \u015fimdiye kadar kullan\u0131lmayan bir at\u0131k depolama alan\u0131 in\u015fa etti. Mahalle sakinleri, yerin e\u011filimli olmas\u0131ndan dolay\u0131 her ya\u011fmur ya\u011f\u0131\u015f\u0131nda suyun, zararl\u0131 tortular\u0131 bah\u00e7elerine getirmesinden endi\u015fe duymaktad\u0131rlar.<\/p>\n<p>K\u0131rcaali Valisi, karar\u0131 denetlemeyi, Haskovo (Hask\u00f6y) B\u00f6lge \u00c7evre Koruma ve Su M\u00fcfetti\u015fli\u011fince rapor haz\u0131rlanmas\u0131n\u0131 ve insan sa\u011fl\u0131\u011f\u0131na ve vatanda\u015flar\u0131n \u00e7\u0131karlar\u0131na zarar vermeyen kar\u015f\u0131l\u0131kl\u0131 olarak kabul edilebilir bir \u00e7\u00f6z\u00fcm bulmak \u00fczere arabuluculuk yapmay\u0131 vaat etti.<\/p>\n<p>Mahalle sakinleri, yolu kapatma ve a\u011f\u0131r i\u015f makinelerinin mahalleye in\u015faat at\u0131klar\u0131 d\u00f6kmesine izin vermeme tehdidinde bulundular.<\/p>\n<p>&nbsp;<\/p><div id=\"bghab-1371342129\" class=\"bghab-icerik-icine bghab-entity-placement\"><script async src=\"\/\/pagead2.googlesyndication.com\/pagead\/js\/adsbygoogle.js?client=ca-pub-6203283170189293\" crossorigin=\"anonymous\"><\/script><ins class=\"adsbygoogle\" style=\"display:block; text-align:center;\" data-ad-client=\"ca-pub-6203283170189293\" \ndata-ad-slot=\"7303146466\" \ndata-ad-layout=\"in-article\"\ndata-ad-format=\"fluid\" data-full-width-responsive=\"true\"><\/ins>\n<script> \n(adsbygoogle = window.adsbygoogle || []).push({}); \n<\/script>\n<\/div>\n<p>K\u0131rcaali Haber<\/p>\n<div id=\"bghab-3446406085\" class=\"bghab-yazi-altinda bghab-entity-placement\"><div class=\"bghab-adlabel\">Reklamlar<\/div><script async src=\"https:\/\/pagead2.googlesyndication.com\/pagead\/js\/adsbygoogle.js\"><\/script>\r\n<!-- bghaber-yaz\u0131-sonu -->\r\n<ins class=\"adsbygoogle\"\r\n     style=\"display:block\"\r\n     data-ad-client=\"ca-pub-6203283170189293\"\r\n     data-ad-slot=\"4222328180\"\r\n     data-ad-format=\"auto\"\r\n     data-full-width-responsive=\"true\"><\/ins>\r\n<script>\r\n     (adsbygoogle = window.adsbygoogle || []).push({});\r\n<\/script><\/div><br style=\"clear: both; display: block; float: none;\"\/>","protected":false},"excerpt":{"rendered":"<p>K\u0131rcaali Valisi Nikola \u00c7anev, d\u00fcn Ardino (E\u011fridere) kabas\u0131n\u0131n L\u00fcbovna \u00c7e\u015fma (A\u015fk \u00c7e\u015fmesi) mahallesine yak\u0131n bir at\u0131k deposu in\u015fa edilmesi karar\u0131n\u0131 protesto eden mahalle sakinleriyle g\u00f6r\u00fc\u015ft\u00fc.<\/p>\n","protected":false},"author":29,"featured_media":27461,"comment_status":"closed","ping_status":"closed","sticky":false,"template":"","format":"standard","meta":{"advanced_seo_description":"","jetpack_seo_html_title":"","jetpack_seo_noindex":false,"_jetpack_memberships_contains_paid_content":false,"footnotes":""},"categories":[5],"tags":[],"class_list":["post-27460","post","type-post","status-publish","format-standard","has-post-thumbnail","hentry","category-yasam"],"jetpack_featured_media_url":"https:\/\/i0.wp.com\/www.bghaber.org\/bghaber\/wp-content\/uploads\/2018\/02\/Ardino%E2%80%99nun-L%C3%BCbovna-%C3%87e%C5%9Fma-Mahallesi-protesto.jpg?fit=750%2C422&ssl=1","jetpack_sharing_enabled":true,"jetpack_likes_enabled":true,"jetpack-related-posts":[],"jetpack_shortlink":"https:\/\/wp.me\/pc2PfJ-78U","_links":{"self":[{"href":"https:\/\/www.bghaber.org\/bghaber\/wp-json\/wp\/v2\/posts\/27460","targetHints":{"allow":["GET"]}}],"collection":[{"href":"https:\/\/www.bghaber.org\/bghaber\/wp-json\/wp\/v2\/posts"}],"about":[{"href":"https:\/\/www.bghaber.org\/bghaber\/wp-json\/wp\/v2\/types\/post"}],"author":[{"embeddable":true,"href":"https:\/\/www.bghaber.org\/bghaber\/wp-json\/wp\/v2\/users\/29"}],"replies":[{"embeddable":true,"href":"https:\/\/www.bghaber.org\/bghaber\/wp-json\/wp\/v2\/comments?post=27460"}],"version-history":[{"count":0,"href":"https:\/\/www.bghaber.org\/bghaber\/wp-json\/wp\/v2\/posts\/27460\/revisions"}],"wp:featuredmedia":[{"embeddable":true,"href":"https:\/\/www.bghaber.org\/bghaber\/wp-json\/wp\/v2\/media\/27461"}],"wp:attachment":[{"href":"https:\/\/www.bghaber.org\/bghaber\/wp-json\/wp\/v2\/media?parent=27460"}],"wp:term":[{"taxonomy":"category","embeddable":true,"href":"https:\/\/www.bghaber.org\/bghaber\/wp-json\/wp\/v2\/categories?post=27460"},{"taxonomy":"post_tag","embeddable":true,"href":"https:\/\/www.bghaber.org\/bghaber\/wp-json\/wp\/v2\/tags?post=27460"}],"curies":[{"name":"wp","href":"https:\/\/api.w.org\/{rel}","templated":true}]}}