{"id":27458,"date":"2018-02-21T09:00:54","date_gmt":"2018-02-21T06:00:54","guid":{"rendered":"http:\/\/www.bghaber.org\/bghaber\/?p=27458"},"modified":"2019-07-06T20:58:55","modified_gmt":"2019-07-06T17:58:55","slug":"krumovgrad-ivaylovgrad-kircaali-ardino-yollari-onarilacak","status":"publish","type":"post","link":"https:\/\/www.bghaber.org\/bghaber\/krumovgrad-ivaylovgrad-kircaali-ardino-yollari-onarilacak\/","title":{"rendered":"Krumovgrad-\u0130vaylovgrad ve K\u0131rcaali-Ardino yollar\u0131 onar\u0131lacak"},"content":{"rendered":"<p>K\u0131rcaali Valisi Nikola \u00c7anev, \u201cBirka\u00e7 g\u00fcn i\u00e7inde Krumovgrad (Ko\u015fukavak)-\u0130vaylovgrad (Ortak\u00f6y) karayolunun onar\u0131m\u0131n\u0131 yapacak \u015firket belli olacak.<\/p>\n<p>Yol yenileme \u00e7al\u0131\u015fmalar\u0131 14 milyon levaya mal olacak. Yol \u00e7ok k\u00f6t\u00fc durumda. Onarmak, devletin ana yollarda bak\u0131m politikas\u0131n\u0131n bir par\u00e7as\u0131d\u0131r\u201d diye bildirdi. Vali, bu y\u0131l yollar\u0131n bak\u0131m\u0131 i\u00e7in K\u0131rcaali iline ayr\u0131lan b\u00fct\u00e7enin toplam 22 milyon leva oldu\u011funu s\u00f6yledi. Bu b\u00fct\u00e7ede K\u0131rcaali-Most (K\u00f6pr\u00fcl\u00fc)-Minzuhar (Kalfalar) karayolunun onar\u0131m\u0131 i\u00e7in de bir miktar \u00f6ng\u00f6r\u00fclmektedir. Bu yol kesiminin onar\u0131m\u0131na ili\u015fkin ihale i\u015flemleri s\u00fcrmektedir.<\/p>\n<p>\u0130lkbahar\u0131n gelmesiyle birlikte K\u0131rcaali-Ardino (E\u011fridere) karayolunda onar\u0131m \u00e7al\u0131\u015fmalar\u0131na da devam edilecek. Bunun i\u00e7in 2 milyon leva sa\u011fland\u0131.<\/p>\n<p>&nbsp;<\/p>\n<p>K\u0131rcaali Haber<\/p><div id=\"bghab-3245202950\" class=\"bghab-icerik-icine bghab-entity-placement\"><script async src=\"\/\/pagead2.googlesyndication.com\/pagead\/js\/adsbygoogle.js?client=ca-pub-6203283170189293\" crossorigin=\"anonymous\"><\/script><ins class=\"adsbygoogle\" style=\"display:block; text-align:center;\" data-ad-client=\"ca-pub-6203283170189293\" \ndata-ad-slot=\"7303146466\" \ndata-ad-layout=\"in-article\"\ndata-ad-format=\"fluid\" data-full-width-responsive=\"true\"><\/ins>\n<script> \n(adsbygoogle = window.adsbygoogle || []).push({}); \n<\/script>\n<\/div>\n<div id=\"bghab-2095683521\" class=\"bghab-yazi-altinda bghab-entity-placement\"><div class=\"bghab-adlabel\">Reklamlar<\/div><script async src=\"https:\/\/pagead2.googlesyndication.com\/pagead\/js\/adsbygoogle.js\"><\/script>\r\n<!-- bghaber-yaz\u0131-sonu -->\r\n<ins class=\"adsbygoogle\"\r\n     style=\"display:block\"\r\n     data-ad-client=\"ca-pub-6203283170189293\"\r\n     data-ad-slot=\"4222328180\"\r\n     data-ad-format=\"auto\"\r\n     data-full-width-responsive=\"true\"><\/ins>\r\n<script>\r\n     (adsbygoogle = window.adsbygoogle || []).push({});\r\n<\/script><\/div><br style=\"clear: both; display: block; float: none;\"\/>","protected":false},"excerpt":{"rendered":"<p>K\u0131rcaali Valisi Nikola \u00c7anev, \u201cBirka\u00e7 g\u00fcn i\u00e7inde Krumovgrad (Ko\u015fukavak)-\u0130vaylovgrad (Ortak\u00f6y) karayolunun onar\u0131m\u0131n\u0131 yapacak \u015firket belli olacak. Yol yenileme \u00e7al\u0131\u015fmalar\u0131 14 milyon levaya mal olacak. Yol<\/p>\n","protected":false},"author":29,"featured_media":26712,"comment_status":"closed","ping_status":"closed","sticky":false,"template":"","format":"standard","meta":{"advanced_seo_description":"","jetpack_seo_html_title":"","jetpack_seo_noindex":false,"_jetpack_memberships_contains_paid_content":false,"footnotes":""},"categories":[5],"tags":[],"class_list":["post-27458","post","type-post","status-publish","format-standard","has-post-thumbnail","hentry","category-yasam"],"jetpack_featured_media_url":"https:\/\/i0.wp.com\/www.bghaber.org\/bghaber\/wp-content\/uploads\/2018\/02\/koy-yollari-kircaali.jpg?fit=1024%2C683&ssl=1","jetpack_sharing_enabled":true,"jetpack_likes_enabled":true,"jetpack-related-posts":[],"jetpack_shortlink":"https:\/\/wp.me\/pc2PfJ-78S","_links":{"self":[{"href":"https:\/\/www.bghaber.org\/bghaber\/wp-json\/wp\/v2\/posts\/27458","targetHints":{"allow":["GET"]}}],"collection":[{"href":"https:\/\/www.bghaber.org\/bghaber\/wp-json\/wp\/v2\/posts"}],"about":[{"href":"https:\/\/www.bghaber.org\/bghaber\/wp-json\/wp\/v2\/types\/post"}],"author":[{"embeddable":true,"href":"https:\/\/www.bghaber.org\/bghaber\/wp-json\/wp\/v2\/users\/29"}],"replies":[{"embeddable":true,"href":"https:\/\/www.bghaber.org\/bghaber\/wp-json\/wp\/v2\/comments?post=27458"}],"version-history":[{"count":0,"href":"https:\/\/www.bghaber.org\/bghaber\/wp-json\/wp\/v2\/posts\/27458\/revisions"}],"wp:featuredmedia":[{"embeddable":true,"href":"https:\/\/www.bghaber.org\/bghaber\/wp-json\/wp\/v2\/media\/26712"}],"wp:attachment":[{"href":"https:\/\/www.bghaber.org\/bghaber\/wp-json\/wp\/v2\/media?parent=27458"}],"wp:term":[{"taxonomy":"category","embeddable":true,"href":"https:\/\/www.bghaber.org\/bghaber\/wp-json\/wp\/v2\/categories?post=27458"},{"taxonomy":"post_tag","embeddable":true,"href":"https:\/\/www.bghaber.org\/bghaber\/wp-json\/wp\/v2\/tags?post=27458"}],"curies":[{"name":"wp","href":"https:\/\/api.w.org\/{rel}","templated":true}]}}