{"id":27455,"date":"2018-02-20T22:33:41","date_gmt":"2018-02-20T19:33:41","guid":{"rendered":"http:\/\/www.bghaber.org\/bghaber\/?p=27455"},"modified":"2019-07-06T20:58:55","modified_gmt":"2019-07-06T17:58:55","slug":"bulgaristan-macaristan-basbakanlarindan-turkiye-aciklamasi","status":"publish","type":"post","link":"https:\/\/www.bghaber.org\/bghaber\/bulgaristan-macaristan-basbakanlarindan-turkiye-aciklamasi\/","title":{"rendered":"Bulgaristan ve Macaristan ba\u015fbakanlar\u0131ndan T\u00fcrkiye a\u00e7\u0131klamas\u0131"},"content":{"rendered":"<p>Bulgaristan Ba\u015fbakan\u0131 Boyko Borisov\u2019la Macaristan Ba\u015fbakan\u0131 Viktor Orban, 19 \u015eubat&#8217;ta Bulgaristan\u2019\u0131n ba\u015fkenti Sofya\u2019da bir araya geldiler. \u0130ki liderin g\u00f6r\u00fc\u015fmelerinde Avrupa\u2019n\u0131n gelece\u011fi, s\u0131n\u0131r g\u00fcvenli\u011fi ve g\u00f6\u00e7men konular\u0131n\u0131n konu\u015fuldu\u011fu bildirildi. \u0130ki lider bas\u0131na kapal\u0131 yapt\u0131klar\u0131 g\u00f6r\u00fc\u015fmenin ard\u0131ndan gazetecilerin sorular\u0131n\u0131 yan\u0131tlamak i\u00e7in ortak bas\u0131n toplant\u0131s\u0131 d\u00fczenlediler.<\/p>\n<p>\u0130ki liderin d\u00fczenledikleri ortak bas\u0131n toplant\u0131s\u0131nda yapt\u0131klar\u0131 a\u00e7\u0131klamada \u201c<em>Avrupa Birli\u011fi&#8217;nin (AB) T\u00fcrkiye ile ili\u015fkilerini iyile\u015ftirerek, AB&#8217;nin s\u0131n\u0131r g\u00fcvenli\u011fini g\u00fcvence alt\u0131na alma&#8221;<\/em>\u00e7a\u011fr\u0131s\u0131 yapt\u0131.<\/p>\n<p>Macaristan Ba\u015fbakan\u0131 Orban:\u00a0<em>\u201cSay\u0131n Boyko\u2019yla g\u00f6r\u00fc\u015fmemizde Avrupa\u2019n\u0131n gelece\u011fini, s\u0131n\u0131r g\u00fcvenli\u011fini ve g\u00f6\u00e7men konular\u0131n\u0131 masaya yat\u0131rd\u0131k. G\u00f6\u00e7men probleminin \u00e7\u00f6z\u00fcm\u00fc i\u00e7in Avrupa Birli\u011fi\u2019yle T\u00fcrkiye\u2019nin ili\u015fkilerini geli\u015ftirmesi \u00e7ok \u00f6nemli\u201d<\/em>\u00a0a\u00e7\u0131klamalar\u0131nda bulundu.<\/p>\n<p>Bulgaristan Ba\u015fbakan\u0131 Borisov ise yapt\u0131\u011f\u0131 a\u00e7\u0131klamada Avrupa Birli\u011fi ile T\u00fcrkiye aras\u0131ndaki daha \u00f6nce konu\u015fulan b\u00fct\u00fcn anla\u015fmalar\u0131n hayata ge\u00e7irilmesi gerekti\u011fini belirtirken Avrupa Birli\u011fi, T\u00fcrkiye ile olan ili\u015fkilerine k\u0131sa vade ile bakmamas\u0131 T\u00fcrkiye\u2019ye gerekti\u011fi \u00f6nemi g\u00f6stermesi gerekti\u011fini kaydetti. M\u00fclteci krizinin AB \u00fcye \u00fclkeleri aras\u0131ndaki ili\u015fkileri gerdi\u011fine dikkat \u00e7ekti ve AB s\u0131n\u0131rlar\u0131n\u0131n mutlak korunmas\u0131 gerekti\u011fini ifade etti.<\/p>\n<p>&nbsp;<\/p><div id=\"bghab-4091976127\" class=\"bghab-icerik-icine bghab-entity-placement\"><script async src=\"\/\/pagead2.googlesyndication.com\/pagead\/js\/adsbygoogle.js?client=ca-pub-6203283170189293\" crossorigin=\"anonymous\"><\/script><ins class=\"adsbygoogle\" style=\"display:block; text-align:center;\" data-ad-client=\"ca-pub-6203283170189293\" \ndata-ad-slot=\"7303146466\" \ndata-ad-layout=\"in-article\"\ndata-ad-format=\"fluid\" data-full-width-responsive=\"true\"><\/ins>\n<script> \n(adsbygoogle = window.adsbygoogle || []).push({}); \n<\/script>\n<\/div>\n<p>QHA<\/p>\n<div id=\"bghab-2250770610\" class=\"bghab-yazi-altinda bghab-entity-placement\"><div class=\"bghab-adlabel\">Reklamlar<\/div><script async src=\"https:\/\/pagead2.googlesyndication.com\/pagead\/js\/adsbygoogle.js\"><\/script>\r\n<!-- bghaber-yaz\u0131-sonu -->\r\n<ins class=\"adsbygoogle\"\r\n     style=\"display:block\"\r\n     data-ad-client=\"ca-pub-6203283170189293\"\r\n     data-ad-slot=\"4222328180\"\r\n     data-ad-format=\"auto\"\r\n     data-full-width-responsive=\"true\"><\/ins>\r\n<script>\r\n     (adsbygoogle = window.adsbygoogle || []).push({});\r\n<\/script><\/div><br style=\"clear: both; display: block; float: none;\"\/>","protected":false},"excerpt":{"rendered":"<p>Bulgaristan Ba\u015fbakan\u0131 Boyko Borisov\u2019la Macaristan Ba\u015fbakan\u0131 Viktor Orban, 19 \u015eubat&#8217;ta Bulgaristan\u2019\u0131n ba\u015fkenti Sofya\u2019da bir araya geldiler. \u0130ki liderin g\u00f6r\u00fc\u015fmelerinde Avrupa\u2019n\u0131n gelece\u011fi, s\u0131n\u0131r g\u00fcvenli\u011fi ve g\u00f6\u00e7men<\/p>\n","protected":false},"author":29,"featured_media":27456,"comment_status":"closed","ping_status":"closed","sticky":false,"template":"","format":"standard","meta":{"advanced_seo_description":"","jetpack_seo_html_title":"","jetpack_seo_noindex":false,"_jetpack_memberships_contains_paid_content":false,"footnotes":""},"categories":[1,4],"tags":[],"class_list":["post-27455","post","type-post","status-publish","format-standard","has-post-thumbnail","hentry","category-haberler","category-siyaset"],"jetpack_featured_media_url":"https:\/\/i0.wp.com\/www.bghaber.org\/bghaber\/wp-content\/uploads\/2018\/02\/bulgaristan-ve-macaristan-basbakanlari.jpg?fit=800%2C450&ssl=1","jetpack_sharing_enabled":true,"jetpack_likes_enabled":true,"jetpack-related-posts":[],"jetpack_shortlink":"https:\/\/wp.me\/pc2PfJ-78P","_links":{"self":[{"href":"https:\/\/www.bghaber.org\/bghaber\/wp-json\/wp\/v2\/posts\/27455","targetHints":{"allow":["GET"]}}],"collection":[{"href":"https:\/\/www.bghaber.org\/bghaber\/wp-json\/wp\/v2\/posts"}],"about":[{"href":"https:\/\/www.bghaber.org\/bghaber\/wp-json\/wp\/v2\/types\/post"}],"author":[{"embeddable":true,"href":"https:\/\/www.bghaber.org\/bghaber\/wp-json\/wp\/v2\/users\/29"}],"replies":[{"embeddable":true,"href":"https:\/\/www.bghaber.org\/bghaber\/wp-json\/wp\/v2\/comments?post=27455"}],"version-history":[{"count":0,"href":"https:\/\/www.bghaber.org\/bghaber\/wp-json\/wp\/v2\/posts\/27455\/revisions"}],"wp:featuredmedia":[{"embeddable":true,"href":"https:\/\/www.bghaber.org\/bghaber\/wp-json\/wp\/v2\/media\/27456"}],"wp:attachment":[{"href":"https:\/\/www.bghaber.org\/bghaber\/wp-json\/wp\/v2\/media?parent=27455"}],"wp:term":[{"taxonomy":"category","embeddable":true,"href":"https:\/\/www.bghaber.org\/bghaber\/wp-json\/wp\/v2\/categories?post=27455"},{"taxonomy":"post_tag","embeddable":true,"href":"https:\/\/www.bghaber.org\/bghaber\/wp-json\/wp\/v2\/tags?post=27455"}],"curies":[{"name":"wp","href":"https:\/\/api.w.org\/{rel}","templated":true}]}}